{"id":133721,"date":"2025-09-23T11:27:07","date_gmt":"2025-09-23T11:27:07","guid":{"rendered":"https:\/\/www.europesays.com\/es\/133721\/"},"modified":"2025-09-23T11:27:07","modified_gmt":"2025-09-23T11:27:07","slug":"el-suizo-presume-de-un-reloj-de-15-millones-y-el-espanol-a-carcajadas","status":"publish","type":"post","link":"https:\/\/www.europesays.com\/es\/133721\/","title":{"rendered":"el suizo &#8216;presume&#8217; de un reloj de 1,5 millones&#8230; y el espa\u00f1ol, a carcajadas"},"content":{"rendered":"<p class=\"c-paragraph\">Cada vez que Carlos Alcaraz y Roger Federer comparten escenario, las im\u00e1genes de complicidad entre ambos inundan las redes sociales. La Laver Cup no fue una excepci\u00f3n: <b>el espa\u00f1ol y el suizo protagonizaron un divertido momento<\/b> durante el partido entre Mensik y De Mi\u00f1aur.<\/p>\n<p class=\"c-paragraph\">Poco despu\u00e9s de que el duelo entre el checo y el australiano arrancase, todav\u00eda con igualdad en el marcador, con 1-2 para el n\u00famero 8 del mundo y turno de saque para el europeo, <b>la realizaci\u00f3n del partido enfoc\u00f3 a la zona de vestuarios<\/b>, donde se encontraban Carlitos y el extenista.<\/p>\n<p class=\"c-paragraph\">El ganador de 20 Grand Slam se acerc\u00f3 al jugador de El Palmar para &#8216;presumir&#8217; de su nuevo reloj: <b>un impresionante Rolex, marca de la que ambos son embajadores, valorado en 1,5 millones de d\u00f3lares <\/b>(aproximadamente 1,3 millones de euros).<\/p>\n<p class=\"c-paragraph\">Se trata de un <b>Rolex Daytona <\/b><b>Blue Sapphire<\/b>\u00a0confeccionado en oro blanco de 18 quilates, con una caja de 40 mil\u00edmetros adornada con bisel de zafiro azul y engastado con otros 36 zafiros. Otros 54 diamantes talla brillante adornan tambi\u00e9n su zona central, con una esfera de obsidiana plateada<\/p>\n<p class=\"c-paragraph\">Se trata de una pieza exclusiva, <b>fuera del cat\u00e1logo de venta al p\u00fablico<\/b>, que fue presentada por la marca suiza en Watches &amp; Wonders, el evento de alta relojer\u00eda m\u00e1s prestigioso del mundo, este 2025.<\/p>\n","protected":false},"excerpt":{"rendered":"Cada vez que Carlos Alcaraz y Roger Federer comparten escenario, las im\u00e1genes de complicidad entre ambos inundan las&hellip;\n","protected":false},"author":2,"featured_media":133722,"comment_status":"","ping_status":"","sticky":false,"template":"","format":"standard","meta":{"footnotes":""},"categories":[274],"tags":[545,168,25,24,39126,3440,42575,23,167,327,326],"class_list":{"0":"post-133721","1":"post","2":"type-post","3":"status-publish","4":"format-standard","5":"has-post-thumbnail","7":"category-tenis","8":"tag-carlos-alcaraz","9":"tag-deportes","10":"tag-es","11":"tag-espana","12":"tag-laver-cup","13":"tag-roger-federer","14":"tag-rolex","15":"tag-spain","16":"tag-sports","17":"tag-tenis","18":"tag-tennis"},"share_on_mastodon":{"url":"","error":""},"_links":{"self":[{"href":"https:\/\/www.europesays.com\/es\/wp-json\/wp\/v2\/posts\/133721","targetHints":{"allow":["GET"]}}],"collection":[{"href":"https:\/\/www.europesays.com\/es\/wp-json\/wp\/v2\/posts"}],"about":[{"href":"https:\/\/www.europesays.com\/es\/wp-json\/wp\/v2\/types\/post"}],"author":[{"embeddable":true,"href":"https:\/\/www.europesays.com\/es\/wp-json\/wp\/v2\/users\/2"}],"replies":[{"embeddable":true,"href":"https:\/\/www.europesays.com\/es\/wp-json\/wp\/v2\/comments?post=133721"}],"version-history":[{"count":0,"href":"https:\/\/www.europesays.com\/es\/wp-json\/wp\/v2\/posts\/133721\/revisions"}],"wp:featuredmedia":[{"embeddable":true,"href":"https:\/\/www.europesays.com\/es\/wp-json\/wp\/v2\/media\/133722"}],"wp:attachment":[{"href":"https:\/\/www.europesays.com\/es\/wp-json\/wp\/v2\/media?parent=133721"}],"wp:term":[{"taxonomy":"category","embeddable":true,"href":"https:\/\/www.europesays.com\/es\/wp-json\/wp\/v2\/categories?post=133721"},{"taxonomy":"post_tag","embeddable":true,"href":"https:\/\/www.europesays.com\/es\/wp-json\/wp\/v2\/tags?post=133721"}],"curies":[{"name":"wp","href":"https:\/\/api.w.org\/{rel}","templated":true}]}}