{"id":133727,"date":"2025-09-23T11:30:09","date_gmt":"2025-09-23T11:30:09","guid":{"rendered":"https:\/\/www.europesays.com\/es\/133727\/"},"modified":"2025-09-23T11:30:09","modified_gmt":"2025-09-23T11:30:09","slug":"chus-mateo-voy-a-tratar-de-dejar-mi-sello-en-la-seleccion-espanola","status":"publish","type":"post","link":"https:\/\/www.europesays.com\/es\/133727\/","title":{"rendered":"Chus Mateo: \u201cVoy a tratar de dejar mi sello en la Selecci\u00f3n espa\u00f1ola\u201d"},"content":{"rendered":"<p class=\"\">Hac\u00eda m\u00e1s de una d\u00e9cada que el baloncesto espa\u00f1ol no viv\u00eda un momento as\u00ed y la expectaci\u00f3n era enorme, en el <b>Museo de la Federaci\u00f3n Espa\u00f1ola de Baloncesto (FEB) en Alcobendas,<\/b> <a href=\"https:\/\/as.com\/baloncesto\/mas_baloncesto\/chus-mateo-es-el-nuevo-seleccionador-n\/\" target=\"_self\" rel=\"nofollow noopener\" title=\"https:\/\/as.com\/baloncesto\/mas_baloncesto\/chus-mateo-es-el-nuevo-seleccionador-n\/\">para recibir a Chus Mateo como nuevo seleccionador nacional<\/a> en un acto en el que estuvo acompa\u00f1ado por Elisa Aguilar, la presidenta de la FEB. Al entrenador madrile\u00f1o (56 a\u00f1os) se le vio muy ilusionado, seguro, con ideas propias y ganas de ponerlas en pr\u00e1ctica apenas tres meses despu\u00e9s de su salida del Real Madrid, que decidi\u00f3 no seguir contando con \u00e9l pese a que hab\u00eda ganado todos los t\u00edtulos posibles, Euroliga incluida, en un periodo de tres a\u00f1os. <\/p>\n<p class=\"\">Pero la vida, a veces al menos, recompensa a quien hace bien las cosas, y esos tres a\u00f1os al frente del equipo blanco -y bastantes m\u00e1s como hombre de basket y ayudante de confianza de grandes como <b>Pablo Laso <\/b>o <b>Sergio Scariolo<\/b>&#8211; le han llevado hasta este puesto, con el enorme reto de dar continuidad a los a\u00f1os, llenos de \u00e9xito, <a href=\"https:\/\/as.com\/baloncesto\/mas_baloncesto\/chus-mateo-y-sergio-scariolo-vidas-cruzadas-n\/\" target=\"_self\" rel=\"nofollow noopener\" title=\"https:\/\/as.com\/baloncesto\/mas_baloncesto\/chus-mateo-y-sergio-scariolo-vidas-cruzadas-n\/\">en el banquillo de Espa\u00f1a de un Scariolo que, un camino de dos direcciones, ser\u00e1 su sustituto en el Real Madrid<\/a>: \u201cEstoy ilusionado y feliz. Conozco perfectamente lo que se espera de m\u00ed y lo voy a afrontar, sabiendo la dificultad, con valent\u00eda y determinaci\u00f3n. Es verdad que tengo un talante dialogante y <b>me gusta hacer las cosas de forma consensuada, pero voy a tratar de poner mi sello<\/b>\u201d.<\/p>\n<p>Un perfil perfecto para el carto<\/p>\n<p class=\"\">\u201cChus re\u00fane un n\u00famero de caracter\u00edsticas esenciales. Es espa\u00f1ol, experimentado en la elite. <b>Ha convivido con la presi\u00f3n y sabe lo que es ganar t\u00edtulos del m\u00e1s alto nivel.<\/b> Conoce la casa. Es calmado y conciliador, sabe integrar a jugadores de diferentes estilos y caracteres. Cuida y mima a sus jugadores y, a la vez, exprime para sacarles sus mejores cualidades. No sabes lo contentos que estamos de recibirte\u201d. As\u00ed recibi\u00f3 Elisa Aguilar a un Mateo cuya elecci\u00f3n incluye el compromiso de no entrenar a ning\u00fan equipo en el nivel de clubes durante un tramo que abarcar\u00e1, de entrada, hasta 2029: \u201cEl compromiso que tenemos, que esperamos que sea mucho m\u00e1s, es hasta el Eurobasket 2029. <b>Una de las cosas importantes era la exclusividad, por el momento en el que estamos.<\/b> Por parte de Chus no ha habido ning\u00fan problema y empezamos esta etapa con ese mensaje. S\u00ed m\u00e1s adelante nos plantea compaginar con un club, habr\u00e1 que verlo en el momento\u201d. El t\u00e9cnico comparte esta visi\u00f3n: \u201cLa Federaci\u00f3n necesita a alguien que bucee y se meta al 100% en c\u00f3mo ilusionar a los jugadores. No habr\u00eda sido bueno, ni para la Federaci\u00f3n ni para m\u00ed, compaginar dos cargos. Nunca ha sido un punto de divergencia\u201d.<\/p>\n<p class=\"\">La<b> <\/b>presidenta de la Federaci\u00f3n acompa\u00f1\u00f3 a<b> Mateo, que afronta a sus 56 a\u00f1os un reto tremendo<\/b>. Quiz\u00e1 no tan inmediato como en el <b>Madrid<\/b>, donde cada derrota, cada d\u00eda malo, se pod\u00eda convertir en un ultim\u00e1tum. El de ahora ser\u00e1 un trabajo con vistas a largo plazo, con el <b>Eurobasket de 2029 en Madrid<\/b> (se jugar\u00e1 un grupo y la fase final al completo) como joya de la corona del pr\u00f3ximo ciclo que deber\u00eda comenzar con el <b>Mundial de 2027<\/b>, aunque <b>Espa\u00f1a<\/b> tendr\u00e1 que ganarse la clasificaci\u00f3n en las <b>Ventanas<\/b> a partir de noviembre.<\/p>\n<p class=\"\">Esa ser\u00e1 la primera ocasi\u00f3n en la que se podr\u00e1 ver hacia d\u00f3nde quiere llevar el nuevo seleccionador a un equipo en medio de una transici\u00f3n que se le est\u00e1 atragantando: \u201c<b>Hay que hacer cosas nuevas, mirar formulas diferentes. El baloncesto nacional nos lo pide. <\/b>Hay que ponerse a trabajar codo con codo, veo que hay ganas de trabajar para que el baloncesto nacional d\u00e9 un paso adelante. Las Ventanas no van a ser f\u00e1ciles, pero hay que unirse y quiero mandar un mensaje optimista porque, sinceramente lo creo, va a ir bien\u201d.<\/p>\n<p class=\"\">Precisamente uno de los grandes problemas, algo que ya sufri\u00f3 <b>Scariolo<\/b>, ser\u00e1 enfrentarse a las <b>Ventanas<\/b> sin poder contar con el grueso de jugadores que seguramente completar\u00edan las plantillas en los grandes campeonatos. Ni los que est\u00e1n en <b>Euroliga<\/b> ni, por supuesto, los que juegan en <b>Estados Unidos<\/b>, ya sea <b>NBA<\/b> o <b>Universidad<\/b> (de estos \u00faltimos cada vez hay m\u00e1s), podr\u00e1n ayudar a <b>Espa\u00f1a<\/b> a conseguir el billete para el <b>Mundial<\/b>. \u201cLas prisas nunca han sido buenas. Hay que tratar de hacer las cosas bien. Est\u00e1 la inmediatez, que siempre est\u00e1 ah\u00ed, <b>con un Mundial para el que hay que clasificarse, pero tambi\u00e9n la pausa.<\/b> Hemos visto brotes verdes y hay que dejarlos crecer. Cada generaci\u00f3n lleva su tiempo y hay que dejar que las cosas fluyan. Plantearse si vamos a tener una generaci\u00f3n buen\u00edsima en dos, tres, cuatro a\u00f1os&#8230; A lo mejor la tenemos en menos o a lo mejor la tenemos en m\u00e1s. Pero lo importante es que la vamos a tener\u201d. Sobre ese equipo para el arranque de la clasificaci\u00f3n para el Mundial, ha confiado en que pueda ser fiable y competitivo pese a que habr\u00e1 ausencias muy importantes: \u201cHay jugadores en Euroliga, en NBA y en NCAA. Excluyen mucho talento y mucha experiencia. P<b>ero el baloncesto espa\u00f1ol tiene otros jugadores que han demostrado el talento y el compromiso para llevar a Espa\u00f1a a los objetivos marcados.<\/b> Gracias a los clubs y gracias a los entrenadores de formaci\u00f3n que nos ayudan a ver el vaso medio lleno. Ojal\u00e1 que los que nos van a representar en las Ventanas puedan saborear la satisfacci\u00f3n de los que ya nos representaron en otras Ventanas\u00bb.<\/p>\n<p class=\"\">Aparte de la complicaci\u00f3n que supone en cuanto a conseguir los objetivos deportivos, tambi\u00e9n va a ralentizar un posible cambio de turno en las caras de los jugadores.<b> Est\u00e1 por ver cu\u00e1ntos de los veteranos que jugaron el Eurobasket van a ser definitivamente sustituidos <\/b>por los j\u00f3venes jugadores que vienen triunfando en categor\u00edas inferiores en los \u00faltimos a\u00f1os y que est\u00e1n entrando o tocando a la puerta: \u201cEse gen ganador est\u00e1 latente dentro del jugador espa\u00f1ol desde hace tiempo. <b>Este Europeo puede que no haya sido estupendo a nivel de resultados, pero s\u00ed ha mandado mensajes muy buenos. <\/b>Que en un momento determinado te caigas hace que la gente pueda coger un compromiso mayor. Ha habido dos j\u00f3venes que han hecho un campeonato extraordinario y est\u00e1n diciendo \u2018eh, pr\u00f3ximo seleccionador, que aqu\u00ed estamos\u2019. Estoy seguro que tanto ellos dos como muchos de los otros que est\u00e1n rompiendo barreras van a dar muchas alegr\u00edas\u00bb.<\/p>\n<p class=\"\">Sin embargo, el nuevo seleccionador ha asegurado que cuenta con los hermanos Hernang\u00f3mez, Juancho y Willy, que salieron tocados del \u00faltimo Eurobasket, en el que no rindieron al nivel que se esperaba de ellos: \u201cNo he hablado pr\u00e1cticamente con ning\u00fan jugador. T<b>anto Willy como Juancho van a ser dos jugadores absolutamente fundamentales en el futuro<\/b>. No s\u00e9 el papel que van a desempe\u00f1ar, pero lo que no podemos hacer es desmembrar lo que tenemos. Ellos dos son esenciales para el futuro. Es verdad que en este Europeo han podido salir se\u00f1alados y no han hecho el mejor Europeo de la historia. Pero en otras ocasiones s\u00ed han hecho grandes Europeos y no podemos olvidarnos de estas cosas\u201d.<\/p>\n<p class=\"\">Otro de los nuevos retos ser\u00e1 tener feedback y conexi\u00f3n con el otro lado del Atl\u00e1ntico, donde cada vez desembarcan m\u00e1s j\u00f3venes importantes del baloncesto espa\u00f1ol para jugar en las universidades estadounidenses. Chus Mateo tiene claro que quiere contar con todos los jugadores posibles y que todos se sientan parte de este ciclo de la Selecci\u00f3n: \u201cSi algo ha caracterizado a la Federaci\u00f3n estos a\u00f1os es que ha dado mucho cari\u00f1o a la gente que ten\u00eda bajo su influencia. <b>Quiero que los jugadores espa\u00f1oles que est\u00e9n en cualquier sitio sientan que su seleccionador va a estar muy cerca de ellos.<\/b> Ir\u00e9 a verlos en persona a todos los que pueda y que ellos se sientan parte de esto. Que sientan que pueden ser elegidos en todo momento. Qu\u00e9 la Federaci\u00f3n sea una v\u00e1lvula de escape, un hombro donde llorar en un momento determinado. Nosotros tenemos que darles ese calor para que se sientan comprometidos\u201d.<\/p>\n<p>Noticias relacionadas<a href=\"https:\/\/as.com\/baloncesto\/mas_baloncesto\/los-retos-de-mateo-en-la-seleccion-n\/\" class=\"s_m_w\" title=\"La peliaguda clasificaci\u00f3n para el Mundial 2027, la configuraci\u00f3n de un nuevo bloque con nuevos roles y la creaci\u00f3n de nuevas din\u00e1micas con los jugadores en EE UU, sobre la mesa.\" data-tb-link=\"\" rel=\"nofollow noopener\" target=\"_blank\"><img decoding=\"async\" src=\"https:\/\/www.europesays.com\/es\/wp-content\/uploads\/2025\/09\/1758627008_627_XHAO36OBW4EC5CS4UEFVDESD44.JPG\" alt=\"Los retos de Mateo en la Selecci\u00f3n\" class=\"\" height=\"1\" width=\"1\"   loading=\"lazy\" data-tb-thumbnail=\"\"\/><\/a><a href=\"https:\/\/as.com\/baloncesto\/mas_baloncesto\/chus-mateo-y-sergio-scariolo-vidas-cruzadas-n\/\" class=\"s_m_w\" title=\"El madrile\u00f1o y el italiano han \u2018intercambiado\u2019 banquillos este verano: el primero del Madrid a la Selecci\u00f3n; el segundo, al rev\u00e9s.\" data-tb-link=\"\" rel=\"nofollow noopener\" target=\"_blank\"><img decoding=\"async\" src=\"https:\/\/www.europesays.com\/es\/wp-content\/uploads\/2025\/09\/LVEMSR46A5G7XGAUUNAZW3OYUY.jpg\" alt=\"Chus Mateo y Sergio Scariolo: vidas cruzadas\" class=\"\" height=\"1\" width=\"1\"   loading=\"lazy\" data-tb-thumbnail=\"\"\/><\/a><\/p>\n<p class=\"\">Se abre un nuevo tiempo en la <b>Selecci\u00f3n<\/b>. Un tiempo de so\u00f1ar con el futuro y de trabajar mucho en el presente. Ese tiempo le va a tocar comandarlo a <b>Chus Mateo<\/b>, un hombre de baloncesto que, obviamente, se acord\u00f3 de Sergio Scariolo, un entrenador que se ha convertido en leyenda con la Selecci\u00f3n y con el que cruza caminos, el italiano al Real Madrid y \u00e9l, a partir de ahora, en el equipo nacional: \u201cSergio es uno de los mejores entrenadores hoy en d\u00eda y<b> ha dejado un legado incre\u00edble, pero tambi\u00e9n hay un pasado m\u00e1s all\u00e1 que al que me gustar\u00eda rendir un homenaje.<\/b> A todos aquellos seleccionadores que hicieron historia. Quiz\u00e1 no tan brillante como esta \u00faltima etapa, pero que tambi\u00e9n tuvieron que dar pasos adelante en momentos complicados\u201d.<\/p>\n<p class=\"\"><b>\u00a1Tus opiniones importan!<\/b> Comenta en los art\u00edculos y suscr\u00edbete gratis a nuestra <a href=\"https:\/\/asfan.as.com\/newsletters\/\" target=\"_blank\" rel=\"nofollow noopener\" title=\"https:\/\/asfan.as.com\/newsletters\/\">newsletter<\/a> y a las alertas informativas en la <a href=\"https:\/\/as.com\/aplicacion-de-as-n\/\" target=\"_blank\" rel=\"nofollow noopener\" title=\"https:\/\/as.com\/aplicacion-de-as-n\/\">App<\/a> o el canal de <a href=\"https:\/\/www.whatsapp.com\/channel\/0029VaAasdA7j6g745nz9M10\" target=\"_blank\" rel=\"nofollow noopener\" title=\"https:\/\/www.whatsapp.com\/channel\/0029VaAasdA7j6g745nz9M10\">WhatsApp<\/a>. \u00bfBuscas licenciar contenido? Haz clic <a href=\"https:\/\/profesional.elpais.com\/soluciones-sindicacion?utm_medium=interno&amp;utm_source=crosslinking&amp;utm_campaign=sindicacion_as_pie_articulos\" target=\"_blank\" rel=\"nofollow noopener\" title=\"https:\/\/profesional.elpais.com\/soluciones-sindicacion?utm_medium=interno&amp;utm_source=crosslinking&amp;utm_campaign=sindicacion_as_pie_articulos\">aqu\u00ed<\/a><\/p>\n","protected":false},"excerpt":{"rendered":"Hac\u00eda m\u00e1s de una d\u00e9cada que el baloncesto espa\u00f1ol no viv\u00eda un momento as\u00ed y la expectaci\u00f3n era&hellip;\n","protected":false},"author":2,"featured_media":133728,"comment_status":"","ping_status":"","sticky":false,"template":"","format":"standard","meta":{"footnotes":""},"categories":[269],"tags":[299,298,168,25,24,23,167],"class_list":{"0":"post-133727","1":"post","2":"type-post","3":"status-publish","4":"format-standard","5":"has-post-thumbnail","7":"category-baloncesto","8":"tag-baloncesto","9":"tag-basketball","10":"tag-deportes","11":"tag-es","12":"tag-espana","13":"tag-spain","14":"tag-sports"},"share_on_mastodon":{"url":"","error":""},"_links":{"self":[{"href":"https:\/\/www.europesays.com\/es\/wp-json\/wp\/v2\/posts\/133727","targetHints":{"allow":["GET"]}}],"collection":[{"href":"https:\/\/www.europesays.com\/es\/wp-json\/wp\/v2\/posts"}],"about":[{"href":"https:\/\/www.europesays.com\/es\/wp-json\/wp\/v2\/types\/post"}],"author":[{"embeddable":true,"href":"https:\/\/www.europesays.com\/es\/wp-json\/wp\/v2\/users\/2"}],"replies":[{"embeddable":true,"href":"https:\/\/www.europesays.com\/es\/wp-json\/wp\/v2\/comments?post=133727"}],"version-history":[{"count":0,"href":"https:\/\/www.europesays.com\/es\/wp-json\/wp\/v2\/posts\/133727\/revisions"}],"wp:featuredmedia":[{"embeddable":true,"href":"https:\/\/www.europesays.com\/es\/wp-json\/wp\/v2\/media\/133728"}],"wp:attachment":[{"href":"https:\/\/www.europesays.com\/es\/wp-json\/wp\/v2\/media?parent=133727"}],"wp:term":[{"taxonomy":"category","embeddable":true,"href":"https:\/\/www.europesays.com\/es\/wp-json\/wp\/v2\/categories?post=133727"},{"taxonomy":"post_tag","embeddable":true,"href":"https:\/\/www.europesays.com\/es\/wp-json\/wp\/v2\/tags?post=133727"}],"curies":[{"name":"wp","href":"https:\/\/api.w.org\/{rel}","templated":true}]}}