{"id":133731,"date":"2025-09-23T11:32:07","date_gmt":"2025-09-23T11:32:07","guid":{"rendered":"https:\/\/www.europesays.com\/es\/133731\/"},"modified":"2025-09-23T11:32:07","modified_gmt":"2025-09-23T11:32:07","slug":"aitana-bonmati-deslumbra-con-un-vestido-de-firma-nupcial-catalana-al-recoger-su-tercer-balon-de-oro-consecutiv-la-razon","status":"publish","type":"post","link":"https:\/\/www.europesays.com\/es\/133731\/","title":{"rendered":"Aitana Bonmat\u00ed deslumbra con un vestido de firma nupcial catalana al recoger su tercer Bal\u00f3n de Oro consecutiv &#8211; La Raz\u00f3n"},"content":{"rendered":"<ol>\n<li><a href=\"https:\/\/news.google.com\/rss\/articles\/CBMi_AFBVV95cUxQaHZoaFR4R2YtdE9WMDZWT21vZVhqOHVZTzBFczBwdWdjN3ZYdER1Um5OemZwNk9yVWxQMTY2a0h2RjVUZHg5SzY3SVJfMU1NMWtpNUswZXdsbmVNWWVZVDlKdTZuVDA0TVhCTGdtdXZjQldEUC1QTUlUMlJTQ2JHZWR3ekhQZENyZXozMTlUZGp4UzdFaWJ1VVR3Qnh1NHVCQTZVaF9WMzF2UDdfU1BxdkFlb2hWOG9USVdZcHJJU3gwWmQzT3k5bS1TRWdyWmNKY1FqTER1SVVtcVh1X1ZsdUZLcTV3SXEzRV8wWDZTc3J0VzRpdTJxdjlqZDfSAZACQVVfeXFMT3BMeFdIbUk1S0paWFNQWWxBN3otWWNYdnRMY3JoaThjQ3U0bzhJSDdwVlNNMjAtc014Q2lzWkxfb2s2NzFhaVZ6bGlJWnhyclhQNzVZZ1Q1QWRkOXk2STdTYnZSVW5sQjhZcDhDd1E3dFVENGpNaFZ3NFlicUFiS3hnLTZMMWhaWnotbjBYM1J1VEJ1Wi1vWHRDTUxfdHhuX2ZKT3c5VlhqcGNkM3c1R1lGVjVlX3l4aWtPQ2xlbkVSeXZpZUQtVEtncXhQSV9GUmx5TXpOQzdJSDZBR0lPR0pzU0tEWXlMR3Bvck9iNmZYdGcyeHBSOTNpR3paU3VsWm9lUEIxdHdKdTNQLWRQQWs?oc=5\" target=\"_blank\" rel=\"nofollow noopener\">Aitana Bonmat\u00ed deslumbra con un vestido de firma nupcial catalana al recoger su tercer Bal\u00f3n de Oro consecutiv<\/a>&nbsp;&nbsp;La Raz\u00f3n<\/li>\n<li><a href=\"https:\/\/news.google.com\/rss\/articles\/CBMivAFBVV95cUxQdURJVWtRRDg0eU1jQ25kN2FVZjFkbG1HVGxZemQtdmZzRUMyWnpiUDV5amVKeXlrSXpuSGRsdDlWUzFWd1pTenZxNHhqajgyUFhRbi1KVlRDTFZvZ0lWSWEwdUdBRXFJYUo0ajJnNHF4aHgxaGJFZ1NzT3h1V2JhVDZhNFNSVGVpZzMzZktiRU4zQTVheG15VmQ5aTgyWExYOTBDMkdBVWtpOExBZzZjMVFDNVdpUklGS3ZUdA?oc=5\" target=\"_blank\" rel=\"nofollow noopener\">Aitana Bonmat\u00ed, la l\u00edder excepcional que ya cuenta tres Balones de Oro | F\u00fatbol | Deportes<\/a>&nbsp;&nbsp;EL PA\u00cdS<\/li>\n<li><a href=\"https:\/\/news.google.com\/rss\/articles\/CBMiwAFBVV95cUxNdGlwSkJxeUIxanNtaWpaVmExbkhWOVltSGNnYTFDeG5LVVVGLUVtU1ZvVmw2TWozRU9tcDdiYzNySVBYSmJTc09lNFV0bExZd193dmZULWpNYjRheEVnRk1CNUJDUEloVzhBeXpIckdDUkc4Wkx3LUZXaDBHb1hWR0tsRVJMVlN2Qk1vM1ZhVmFiZW5maEMzblR0ZWR1aFVESEVtR19NN2V3bVJMQ1YxNjJZWnlHQlo1LXhjV0NNOG3SAcYBQVVfeXFMUGdReVpmTXVONkhySy1WZTZPQ0dtTjZaeDh5MFBlWVN5Wi16Y0tSY1ZkZXd1WWtQakVuMm1BazhnMXFDcGJLVUU2WVdKS1RBdEZVN0xUNm5kbTdOQnpUcDdpVzk0UjNGc2pUWnVqOFdKVmpHUEtMN0wxYlRtNmhENmNrN0dKWUFMV0wwMEQ4aU1BSFBDNUx2WjBvMGJYNEpZbVZQNzVmbEFoS1kyOWwxZ1RfblZzdEpNWHVld1VVaEp0T19MUEVR?oc=5\" target=\"_blank\" rel=\"nofollow noopener\">El sue\u00f1o roto de Mariona Caldentey en el Bal\u00f3n de Oro destapa la incoherencia de las votaciones<\/a>&nbsp;&nbsp;El Confidencial<\/li>\n<li><a href=\"https:\/\/news.google.com\/rss\/articles\/CBMivwFBVV95cUxNY2VLY1Y3eDRkbGo2MFdFMnp5UHl1QV9faHdVQ0xiTS16cTQ3Y3VubjVGbDJLREtLWTcyX0JKSkwyWmdtTjJWajVrWE9YZTNxSWlHMkhKdzdLNEFzLTJSQ251RGRxYVJnbVMtZk5NY3F5R3lTUTRET2FzRVFIVS1xNk5XOXN1d3VMQzJmM2lxeVltd0lRNDl4MG5MamQ3NTZnV2FYeUFoQ2FVckxjeU9YRngwTE80TkRnb2M5Rk00aw?oc=5\" target=\"_blank\" rel=\"nofollow noopener\">Aitana Bonmat\u00ed ya es \u00fanica, la corona de Lamine Yamal puede esperar<\/a>&nbsp;&nbsp;La Vanguardia<\/li>\n<li><a href=\"https:\/\/news.google.com\/rss\/articles\/CBMirgFBVV95cUxPZkpSbnJ3Mk5TSGhsSUxuc2w0TmNiZ2lkSXpaNTRQOXNzOFFWY3NvQVdEZnJ4U3BHQ0F3ZE1feTF3cG54dU5EU2hycldISlZJSU1jQy1BQmdwSGtMT3JlZ2ZRUThncHpDekRpbUdLRWhwTmJyS25GUGJ5cnkxSU9sWS1Vcy1GYUhHeUlKd2Noc3JZZFd4LUR5dndrRjA5RWtqUW1mQlp0ZmVqeHBBU1E?oc=5\" target=\"_blank\" rel=\"nofollow noopener\">El vestido de lentejuelas de Aitana Bonmat\u00ed para recoger su tercer Bal\u00f3n de Oro<\/a>&nbsp;&nbsp;ABC<\/li>\n<\/ol>\n","protected":false},"excerpt":{"rendered":"Aitana Bonmat\u00ed deslumbra con un vestido de firma nupcial catalana al recoger su tercer Bal\u00f3n de Oro consecutiv&nbsp;&nbsp;La&hellip;\n","protected":false},"author":2,"featured_media":132646,"comment_status":"","ping_status":"","sticky":false,"template":"","format":"standard","meta":{"footnotes":""},"categories":[174],"tags":[255,146,147,25,24,256,23],"class_list":{"0":"post-133731","1":"post","2":"type-post","3":"status-publish","4":"format-standard","5":"has-post-thumbnail","7":"category-famosos","8":"tag-celebrities","9":"tag-entertainment","10":"tag-entretenimiento","11":"tag-es","12":"tag-espana","13":"tag-famosos","14":"tag-spain"},"share_on_mastodon":{"url":"","error":""},"_links":{"self":[{"href":"https:\/\/www.europesays.com\/es\/wp-json\/wp\/v2\/posts\/133731","targetHints":{"allow":["GET"]}}],"collection":[{"href":"https:\/\/www.europesays.com\/es\/wp-json\/wp\/v2\/posts"}],"about":[{"href":"https:\/\/www.europesays.com\/es\/wp-json\/wp\/v2\/types\/post"}],"author":[{"embeddable":true,"href":"https:\/\/www.europesays.com\/es\/wp-json\/wp\/v2\/users\/2"}],"replies":[{"embeddable":true,"href":"https:\/\/www.europesays.com\/es\/wp-json\/wp\/v2\/comments?post=133731"}],"version-history":[{"count":0,"href":"https:\/\/www.europesays.com\/es\/wp-json\/wp\/v2\/posts\/133731\/revisions"}],"wp:featuredmedia":[{"embeddable":true,"href":"https:\/\/www.europesays.com\/es\/wp-json\/wp\/v2\/media\/132646"}],"wp:attachment":[{"href":"https:\/\/www.europesays.com\/es\/wp-json\/wp\/v2\/media?parent=133731"}],"wp:term":[{"taxonomy":"category","embeddable":true,"href":"https:\/\/www.europesays.com\/es\/wp-json\/wp\/v2\/categories?post=133731"},{"taxonomy":"post_tag","embeddable":true,"href":"https:\/\/www.europesays.com\/es\/wp-json\/wp\/v2\/tags?post=133731"}],"curies":[{"name":"wp","href":"https:\/\/api.w.org\/{rel}","templated":true}]}}