{"id":133740,"date":"2025-09-23T11:37:11","date_gmt":"2025-09-23T11:37:11","guid":{"rendered":"https:\/\/www.europesays.com\/es\/133740\/"},"modified":"2025-09-23T11:37:11","modified_gmt":"2025-09-23T11:37:11","slug":"james-gunn-comparte-la-primera-imagen-de-superman-man-of-tomorrow-y-practicamente-confirma-a-su-temible-villano","status":"publish","type":"post","link":"https:\/\/www.europesays.com\/es\/133740\/","title":{"rendered":"James Gunn comparte la primera imagen de \u2018Superman: Man of Tomorrow\u2019 y pr\u00e1cticamente confirma a su temible villano"},"content":{"rendered":"<p class=\"\">Hace apenas unas semanas que <b>James Gunn<\/b> confirm\u00f3 no el desarrollo, que se daba por hecho, sino directamente <a href=\"https:\/\/as.com\/meristation\/cine\/bomba-en-dc-superman-2-ya-tiene-fecha-de-estreno-y-titulo-definitivo-llegara-mucho-antes-de-lo-que-crees-n\/\" target=\"_blank\" rel=\"nofollow noopener\" title=\"https:\/\/as.com\/meristation\/cine\/bomba-en-dc-superman-2-ya-tiene-fecha-de-estreno-y-titulo-definitivo-llegara-mucho-antes-de-lo-que-crees-n\/\">el t\u00edtulo<\/a> de la pr\u00f3xima pel\u00edcula <a href=\"https:\/\/as.com\/meristation\/cine\/bomba-en-dc-superman-2-ya-tiene-fecha-de-estreno-y-titulo-definitivo-llegara-mucho-antes-de-lo-que-crees-n\/\" target=\"_blank\" rel=\"nofollow noopener\" title=\"https:\/\/as.com\/meristation\/cine\/bomba-en-dc-superman-2-ya-tiene-fecha-de-estreno-y-titulo-definitivo-llegara-mucho-antes-de-lo-que-crees-n\/\">de Superman<\/a>: <b>\u2018Man of Tomorrow\u2019<\/b>. Adelant\u00f3 adem\u00e1s que Lex Luthor mostrar\u00e1 una cara diferente, y ser\u00e1 m\u00e1s antih\u00e9roe que villano, ya que Kal-El y \u00e9l tendr\u00e1n que hacer equipo para hacer frente a <a href=\"https:\/\/as.com\/meristation\/cine\/los-primeros-detalles-de-man-of-tomorrow-son-puro-hype-superman-se-enfrentara-a-una-amenaza-mucho-mas-grande-n\/\" target=\"_blank\" rel=\"nofollow noopener\" title=\"https:\/\/as.com\/meristation\/cine\/los-primeros-detalles-de-man-of-tomorrow-son-puro-hype-superman-se-enfrentara-a-una-amenaza-mucho-mas-grande-n\/\">una amenaza a\u00fan mayor<\/a>. El director, productor, y responsable de DC Studios junto a Peter Safran, ha compartido la primera imagen del borrador del guion, la cual pr\u00e1cticamente deja claro cu\u00e1l es esa amenaza: <b>todo apunta a que se trata de Brainiac<\/b>. <\/p>\n<p class=\"\">Gunn ya insinu\u00f3 que veremos a Lex enfundado en su traje de guerra verde y p\u00farpura en la misma publicaci\u00f3n en que anunci\u00f3 el t\u00edtulo de la pel\u00edcula. \u00ab<b>Es tanto una pel\u00edcula de Lex como de Superman. Me encant\u00f3 trabajar con Nicholas Hoult<\/b>\u201d, dijo el director hace poco. \u201cMe identifico con el personaje de Lex, por desgracia. Ten\u00eda muchas ganas de crear algo extraordinario con ellos dos. Me encanta el guion\u201d. <\/p>\n<p class=\"\">\u201cEs una historia sobre Lex Luthor y Superman, quienes tienen que colaborar hasta cierto punto contra una amenaza mucho mayor. Es m\u00e1s complejo que eso, pero es una gran parte del asunto\u201d, dec\u00eda Gunn. <\/p>\n<p>\u00bfQui\u00e9n es Brainiac en el Universo DC? <\/p>\n<p class=\"\">Tuvieron que pasar 20 a\u00f1os para que Superman conociera a uno de sus mayores enemigos, ya que el debut de acero aconteci\u00f3n en <b>Action Comics<\/b> #1 (1938), mientras que el de Brainiac no suceder\u00eda hasta el n\u00famero 242 (1958). Brainiac se presenta como un androide o un alien\u00edgena, dependiendo del universo en que se encuentre, cuyo objetivo es viajar para reunir conocimiento. Aunque parezca a simple vista que tiene intenciones nobles, el origen de su nombre indica que nada m\u00e1s lejos, ya que es una combinaci\u00f3n de cerebro (brain) y maniaco (maniac). <\/p>\n<p><img decoding=\"async\" src=\"https:\/\/www.europesays.com\/es\/wp-content\/uploads\/2025\/09\/CBAKKDIFWNBS3KXUTNRZKQJSXE.jpg\" alt=\"Brainiac\" class=\"mm__img\"   width=\"1200\" height=\"700\" loading=\"lazy\"\/><\/p>\n<p>Ampliar<\/p>\n<p class=\"\">Entre sus mayores habilidades se encuentra el control de la tecnolog\u00eda, una inteligencia superior, o la sorprendente capacidad de encoger ciudades. De hecho, en ciertas continuidades, se le considera responsable de la destrucci\u00f3n de Kandor, la ciudad de Krypton de la que es originario Kal-El. <\/p>\n<p class=\"\">\u2018Superman: Man of Tomorrow\u2019 se estrenar\u00e1 el pr\u00f3ximo <b>9 de julio de 2027<\/b>.<\/p>\n<p>Noticias relacionadas<\/p>\n<p class=\"\">Suscr\u00edbete al <a href=\"https:\/\/www.youtube.com\/@meristation\" target=\"_self\" rel=\"nofollow noopener\" title=\"https:\/\/www.youtube.com\/@meristation\">canal de MeriStation en YouTube<\/a>, tu web de videojuegos y entretenimiento para conocer todas las noticias y novedades sobre el mundo del videojuego, cine, series, manga y anime. An\u00e1lisis, entrevistas, tr\u00e1ileres, gameplays, p\u00f3dcast y mucho m\u00e1s. Tambi\u00e9n te animamos a seguir <a href=\"https:\/\/www.tiktok.com\/@meristation\" rel=\"nofollow noopener\" title=\"https:\/\/www.tiktok.com\/@meristation\" target=\"_blank\">nuestra cuenta de TikTok<\/a>. <\/p>\n<p class=\"\">\u00a1S\u00edguenos en ambas y, si est\u00e1s interesado en licenciar este contenido, pincha <a href=\"https:\/\/profesional.elpais.com\/soluciones-sindicacion?utm_medium=interno&amp;utm_source=crosslinking&amp;utm_campaign=sindicacion_as_pie_articulos\" target=\"_blank\" rel=\"nofollow noopener\" title=\"https:\/\/profesional.elpais.com\/soluciones-sindicacion?utm_medium=interno&amp;utm_source=crosslinking&amp;utm_campaign=sindicacion_as_pie_articulos\">aqu\u00ed<\/a>!<\/p>\n<p><script async src=\"\/\/www.tiktok.com\/embed.js\"><\/script><\/p>\n","protected":false},"excerpt":{"rendered":"Hace apenas unas semanas que James Gunn confirm\u00f3 no el desarrollo, que se daba por hecho, sino directamente&hellip;\n","protected":false},"author":2,"featured_media":133741,"comment_status":"","ping_status":"","sticky":false,"template":"","format":"standard","meta":{"footnotes":""},"categories":[169],"tags":[177,146,147,25,24,176,175,23],"class_list":{"0":"post-133740","1":"post","2":"type-post","3":"status-publish","4":"format-standard","5":"has-post-thumbnail","7":"category-cine","8":"tag-cine","9":"tag-entertainment","10":"tag-entretenimiento","11":"tag-es","12":"tag-espana","13":"tag-film","14":"tag-movies","15":"tag-spain"},"share_on_mastodon":{"url":"","error":""},"_links":{"self":[{"href":"https:\/\/www.europesays.com\/es\/wp-json\/wp\/v2\/posts\/133740","targetHints":{"allow":["GET"]}}],"collection":[{"href":"https:\/\/www.europesays.com\/es\/wp-json\/wp\/v2\/posts"}],"about":[{"href":"https:\/\/www.europesays.com\/es\/wp-json\/wp\/v2\/types\/post"}],"author":[{"embeddable":true,"href":"https:\/\/www.europesays.com\/es\/wp-json\/wp\/v2\/users\/2"}],"replies":[{"embeddable":true,"href":"https:\/\/www.europesays.com\/es\/wp-json\/wp\/v2\/comments?post=133740"}],"version-history":[{"count":0,"href":"https:\/\/www.europesays.com\/es\/wp-json\/wp\/v2\/posts\/133740\/revisions"}],"wp:featuredmedia":[{"embeddable":true,"href":"https:\/\/www.europesays.com\/es\/wp-json\/wp\/v2\/media\/133741"}],"wp:attachment":[{"href":"https:\/\/www.europesays.com\/es\/wp-json\/wp\/v2\/media?parent=133740"}],"wp:term":[{"taxonomy":"category","embeddable":true,"href":"https:\/\/www.europesays.com\/es\/wp-json\/wp\/v2\/categories?post=133740"},{"taxonomy":"post_tag","embeddable":true,"href":"https:\/\/www.europesays.com\/es\/wp-json\/wp\/v2\/tags?post=133740"}],"curies":[{"name":"wp","href":"https:\/\/api.w.org\/{rel}","templated":true}]}}