{"id":133742,"date":"2025-09-23T11:38:09","date_gmt":"2025-09-23T11:38:09","guid":{"rendered":"https:\/\/www.europesays.com\/es\/133742\/"},"modified":"2025-09-23T11:38:09","modified_gmt":"2025-09-23T11:38:09","slug":"podra-carlos-alcaraz-unirse-al-selecto-palmares-de-tokio-en-su-debut-atp-tour","status":"publish","type":"post","link":"https:\/\/www.europesays.com\/es\/133742\/","title":{"rendered":"\u00bfPodr\u00e1 Carlos Alcaraz unirse al selecto palmar\u00e9s de Tokio en su debut? | ATP Tour"},"content":{"rendered":"<p>        Reportaje<br \/>\n    \u00bfPodr\u00e1 Alcaraz unirse al selecto palmar\u00e9s de Tokio en su debut?<\/p>\n<p>El espa\u00f1ol persigue convertirse en el sexto No. 1 del mundo en levantar el t\u00edtulo<\/p>\n<p>September 23, 2025<\/p>\n<p>            <img decoding=\"async\" src=\"https:\/\/www.europesays.com\/es\/wp-content\/uploads\/2025\/09\/alcaraz-federer-tokyo-2025-bespoke.jpg\" alt=\"Carlos Alcaraz persigue unir su nombre al de Roger Federer y otros cuatro No. 1 del mundo en Tokio.\"\/><\/p>\n<p>Corinne Dubreuil\/ATP Tour &amp; Koichi Kamoshida\/Getty Images<\/p>\n<p>        Carlos Alcaraz persigue unir su nombre al de Roger Federer y otros cuatro No. 1 del mundo en Tokio.<br \/>\n        By Redacci\u00f3n ATP <\/p>\n<p>Ha habido una larga lista de rostros ilustres que han grabado su nombre en el <a href=\"https:\/\/www.atptour.com\/es\/tournaments\/tokyo\/329\/overview\" rel=\"nofollow noopener\" target=\"_blank\">Kinoshita Group Japan Open Tennis Championships<\/a> a lo largo de su historia.<\/p>\n<p>De los 29 jugadores que han llegado al No. 1 del PIF ATP Rankings, un total de 12 han conquistado el t\u00edtulo en la pista dura de Tokio desde que se celebr\u00f3 por primera vez en 1972. Cinco miembros del Club No. 1 ATP (<a href=\"https:\/\/www.atptour.com\/es\/players\/stefan-edberg\/e004\/overview\" rel=\"nofollow noopener\" target=\"_blank\">Stefan Edberg<\/a>, <a href=\"https:\/\/www.atptour.com\/es\/players\/pete-sampras\/s402\/overview\" rel=\"nofollow noopener\" target=\"_blank\">Pete Sampras<\/a>, <a href=\"https:\/\/www.atptour.com\/es\/players\/roger-federer\/f324\/overview\" rel=\"nofollow noopener\" target=\"_blank\">Roger Federer<\/a>, <a href=\"https:\/\/www.atptour.com\/es\/players\/rafael-nadal\/n409\/overview\" rel=\"nofollow noopener\" target=\"_blank\">Rafael Nadal<\/a> y <a href=\"https:\/\/www.atptour.com\/es\/players\/novak-djokovic\/d643\/overview\" rel=\"nofollow noopener\" target=\"_blank\">Novak Djokovic<\/a>) se impusieron en la capital nipona al menos una vez siendo No. 1.<\/p>\n<p>Tras su reciente triunfo en el <a href=\"https:\/\/www.atptour.com\/es\/tournaments\/us-open\/560\/overview\" rel=\"nofollow noopener\" target=\"_blank\">US Open<\/a>, <a href=\"https:\/\/www.atptour.com\/es\/players\/carlos-alcaraz\/a0e2\/overview\" rel=\"nofollow noopener\" target=\"_blank\">Carlos Alcaraz<\/a> ascendi\u00f3 a la cima mundial y con esta etiqueta de n\u00famero uno llega al <a href=\"https:\/\/www.atptour.com\/es\/tournaments\/tokyo\/329\/overview\" rel=\"nofollow noopener\" target=\"_blank\">Kinoshita Group Japan Open Tennis Championships<\/a>. Antes de esta nueva edici\u00f3n del ATP 500, ATPTour.com repasa la relaci\u00f3n de los No. 1 con el torneo de Tokio.<\/p>\n<p>Tambi\u00e9n Podr\u00eda Interesarle: <a href=\"https:\/\/www.atptour.com\/es\/news\/tokyo-2025-atp-500-history-draw-schedule\" rel=\"nofollow noopener\" target=\"_blank\">Kinoshita Group Japan Open Tennis Championships 2025: Cuadro, fechas, historia y mucho m\u00e1s<\/a><\/p>\n<p><strong>El r\u00e9cord en manos de Edberg<br \/><\/strong>Ning\u00fan jugador ha tenido m\u00e1s \u00e9xito en la pista dura de Tokio que <a href=\"https:\/\/www.atptour.com\/es\/players\/stefan-edberg\/e004\/overview\" rel=\"nofollow noopener\" target=\"_blank\">Stefan Edberg<\/a>. El sueco tiene el r\u00e9cord de cuatro coronas y 27 victorias repartidas en sus seis participaciones en el <a href=\"https:\/\/www.atptour.com\/es\/tournaments\/tokyo\/329\/overview\" rel=\"nofollow noopener\" target=\"_blank\">Kinoshita Group Japan Open Tennis Championships<\/a>. Despu\u00e9s de sus triunfos en 1987, 1989 y 1990, Edberg compiti\u00f3 como No. 1 del mundo en Jap\u00f3n por primera vez en 1991, a\u00f1o en el que volvi\u00f3 a levantar el t\u00edtulo.<\/p>\n<p>Entonces con 25 a\u00f1os, Edberg derrot\u00f3 a otros dos miembros del Club de los No. 1 ATP en tres sets como <a href=\"https:\/\/www.atptour.com\/es\/players\/jimmy-connors\/c044\/overview\" rel=\"nofollow noopener\" target=\"_blank\">Jimmy Connors<\/a> (en tercera ronda) e <a href=\"https:\/\/www.atptour.com\/es\/players\/ivan-lendl\/l018\/overview\" rel=\"nofollow noopener\" target=\"_blank\">Ivan Lendl<\/a> (en la final) para lograr su cuarta y \u00faltima corona en Tokio. Tambi\u00e9n super\u00f3 a <a href=\"https:\/\/www.atptour.com\/es\/players\/michael-stich\/s351\/overview\" rel=\"nofollow noopener\" target=\"_blank\">Michael Stich<\/a> y <a href=\"https:\/\/www.atptour.com\/es\/players\/michael-chang\/c274\/overview\" rel=\"nofollow noopener\" target=\"_blank\">Michael Chang<\/a> en dos sets en su camino a ser el primer No. 1 en ganar el t\u00edtulo en la historia del torneo.<\/p>\n<p><strong>Sampras toma el relevo<br \/><\/strong>Tokio ocupa un lugar especial en la carrera de <a href=\"https:\/\/www.atptour.com\/es\/players\/pete-sampras\/s402\/overview\" rel=\"nofollow noopener\" target=\"_blank\">Pete Sampras<\/a>. En 1993, el primer t\u00edtulo del estadounidense en Jap\u00f3n le permiti\u00f3 ascender al No. 1 del PIF ATP Rankings por primera vez. Sampras particip\u00f3 dos veces m\u00e1s en el <a href=\"https:\/\/www.atptour.com\/es\/tournaments\/tokyo\/329\/overview\" rel=\"nofollow noopener\" target=\"_blank\">Kinoshita Group Japan Open Tennis Championships<\/a>, en 1994 y 1996, y ambas ocasiones lo hizo como No. 1. No fall\u00f3 a su condici\u00f3n y gan\u00f3 el t\u00edtulo, siendo el \u00fanico hombre que se ha impuesto dos veces estando en la cima del PIF ATP Rankings.<\/p>\n<p>Sampras derrot\u00f3 a alg\u00fan compatriota en sus tres finales en Tokio. En 1993 derrib\u00f3 a <a href=\"https:\/\/www.atptour.com\/es\/players\/brad-gilbert\/g016\/overview\" rel=\"nofollow noopener\" target=\"_blank\">Brad Gilbert<\/a> para asegurar su asalto al No. 1 al d\u00eda siguiente, un 12 de abril. Un a\u00f1o m\u00e1s tarde, Sampras defendi\u00f3 su corona derrotando a <a href=\"https:\/\/www.atptour.com\/es\/players\/michael-chang\/c274\/overview\" rel=\"nofollow noopener\" target=\"_blank\">Michael Chang<\/a>, mientras que en 1996 sell\u00f3 ante <a href=\"https:\/\/www.atptour.com\/es\/players\/richey-reneberg\/r016\/overview\" rel=\"nofollow noopener\" target=\"_blank\">Richey Reneberg<\/a> su inmaculado r\u00e9cord de 15-0 en la capital japonesa.<\/p>\n<p><img alt=\"&lt;a href=\" https:=\"\"\/>Pete Sampras\u00bb style=\u00bbwidth: 100%;\u00bb src=\u00bbhttps:\/\/www.atptour.com\/-\/media\/images\/news\/2025\/09\/21\/12\/41\/sampras-tokyo-1994-final.jpg\u00bb&gt;<br \/>\nEl No. 1 del mundo <a href=\"https:\/\/www.atptour.com\/es\/players\/pete-sampras\/s402\/overview\" rel=\"nofollow noopener\" target=\"_blank\">Pete Sampras<\/a> en su camino al t\u00edtulo en Tokio 1994. Foto: Kazuhiro Nogi\/AFP via Getty Images\n<\/p>\n<p><strong>El momento de Federer en Tokio<br \/><\/strong>Puede que Federer s\u00f3lo haya participado una vez en Tokio, pero el suizo dej\u00f3 su huella en la capital japonesa en 2006. Cedi\u00f3 s\u00f3lo un set \u2014ante el invitado local <a href=\"https:\/\/www.atptour.com\/es\/players\/takao-suzuki\/s550\/overview\" rel=\"nofollow noopener\" target=\"_blank\">Takao Suzuki<\/a> en cuartos de final\u2014 en su camino a su novena corona en una temporada espectacular.<\/p>\n<p>En medio de su brillante r\u00e9cord de 237 semanas consecutivas como No. 1 del PIF ATP Rankings, Federer derrot\u00f3 a <a href=\"https:\/\/www.atptour.com\/es\/players\/tim-henman\/h336\/overview\" rel=\"nofollow noopener\" target=\"_blank\">Tim Henman<\/a> en la final para quedarse el t\u00edtulo. Fue el \u00faltimo de los 13 duelos que registr\u00f3 el Lexus ATP Head2Head entre los dos jugadores, y el triunfo de Federer en Tokio dejaba el cara a cara de su lado por 7-6 ante un rival que se retirar\u00eda en 2007.<\/p>\n<p><strong>El reinado de Rafa<br \/><\/strong>Nadal, tal y como ocurri\u00f3 con su gran rival Federer, tuvo un gran impacto en su primera puesta en escena en Tokio como No. 1 del mundo. El espa\u00f1ol particip\u00f3 en 2010 en este ATP 500 con una de las actuaciones m\u00e1s s\u00f3lidas, derrotando a <a href=\"https:\/\/www.atptour.com\/es\/players\/go-soeda\/sc47\/overview\" rel=\"nofollow noopener\" target=\"_blank\">Go Soeda<\/a>, <a href=\"https:\/\/www.atptour.com\/es\/players\/milos-raonic\/r975\/overview\" rel=\"nofollow noopener\" target=\"_blank\">Milos Raonic<\/a> y <a href=\"https:\/\/www.atptour.com\/es\/players\/santiago-giraldo\/g725\/overview\" rel=\"nofollow noopener\" target=\"_blank\">Santiago Giraldo<\/a> en dos sets.<\/p>\n<p>En semifinales ante <a href=\"https:\/\/www.atptour.com\/es\/players\/viktor-troicki\/t840\/overview\" rel=\"nofollow noopener\" target=\"_blank\">Viktor Troicki<\/a> la historia fue diferente, porque el espa\u00f1ol se vio obligado a levantar dos puntos de partido en contra en el tie-break del tercer set antes de acabar cerrando el triunfo por 7-6(4), 4-6, 7-6(4). Fue un punto de inflexi\u00f3n porque Nadal ya fue imparable. En la final, <a href=\"https:\/\/www.atptour.com\/es\/players\/gael-monfils\/mc65\/overview\" rel=\"nofollow noopener\" target=\"_blank\">Gael Monfils<\/a> no pudo detenerlo y el espa\u00f1ol domin\u00f3 por 6-1, 7-5. Un a\u00f1o despu\u00e9s, como No. 2 del mundo, Nadal regres\u00f3 a la final donde acab\u00f3 cediendo frente a <a href=\"https:\/\/www.atptour.com\/es\/players\/andy-murray\/mc10\/overview\" rel=\"nofollow noopener\" target=\"_blank\">Andy Murray<\/a>. Fue su \u00faltima participaci\u00f3n en Tokio.<\/p>\n<p><img alt=\"&lt;a href=\" https:=\"\"\/>Rafael Nadal\u00bb style=\u00bbwidth: 100%;\u00bb src=\u00bbhttps:\/\/www.atptour.com\/-\/media\/images\/news\/2025\/09\/21\/19\/26\/nadal-tokyo-2010-trophy-shot.jpg\u00bb&gt;<br \/>\n<a href=\"https:\/\/www.atptour.com\/es\/players\/rafael-nadal\/n409\/overview\" rel=\"nofollow noopener\" target=\"_blank\">Rafael Nadal<\/a> se impuso en Tokio en 2010. Foto: <a href=\"https:\/\/www.atptour.com\/es\/players\/koji-watanabe\/w088\/overview\" rel=\"nofollow noopener\" target=\"_blank\">Koji Watanabe<\/a>\/Getty Images<\/p>\n<p><strong>Djokovic brilla<br \/><\/strong>Djokovic garantiz\u00f3 que todos los miembros del \u2018Big 3\u2019 reinaran en Tokio en su estreno con una imperial actuaci\u00f3n en 2019. El No. 1 del mundo serbio s\u00f3lo cedi\u00f3 m\u00e1s de cuatro juegos en un set a lo largo de los cinco partidos que disput\u00f3 en Jap\u00f3n, despu\u00e9s de recuperarse de una lesi\u00f3n de hombre que le hab\u00eda obligado a retirarse en cuarta ronda del <a href=\"https:\/\/www.atptour.com\/es\/tournaments\/us-open\/560\/overview\" rel=\"nofollow noopener\" target=\"_blank\">US Open<\/a> un mes antes.<\/p>\n<p>Fue capaz de aclimatarse r\u00e1pidamente a las condiciones del Ariake Coliseum, donde bati\u00f3 a <a href=\"https:\/\/www.atptour.com\/es\/players\/alexei-popyrin\/p09z\/overview\" rel=\"nofollow noopener\" target=\"_blank\">Alexei Popyrin<\/a>, Soeda, Lucas Pouilla, <a href=\"https:\/\/www.atptour.com\/es\/players\/david-goffin\/gb88\/overview\" rel=\"nofollow noopener\" target=\"_blank\">David Goffin<\/a> y <a href=\"https:\/\/www.atptour.com\/es\/players\/john-millman\/mh30\/overview\" rel=\"nofollow noopener\" target=\"_blank\">John Millman<\/a> para quedarse el trofeo en Tokio.<\/p>\n<p><img alt=\"&lt;a href=\" https:=\"\"\/>Novak Djokovic\u00bb style=\u00bbwidth: 100%;\u00bb src=\u00bbhttps:\/\/www.atptour.com\/-\/media\/images\/news\/2025\/09\/21\/19\/46\/djokovic-tokyo-2019-trophy-shot.jpg\u00bb&gt;<br \/>\n<a href=\"https:\/\/www.atptour.com\/es\/players\/novak-djokovic\/d643\/overview\" rel=\"nofollow noopener\" target=\"_blank\">Novak Djokovic<\/a> con el trofeo de Tokio en 2019. Foto: <a href=\"https:\/\/www.atptour.com\/es\/players\/koji-watanabe\/w088\/overview\" rel=\"nofollow noopener\" target=\"_blank\">Koji Watanabe<\/a>\/Getty Images<\/p>\n<p><strong>\u00bfPodr\u00e1 Carlos unirse al club?<br \/><\/strong>\u00bfSer\u00e1 Alcaraz el sexto No. 1 en triunfar en Tokio? El espa\u00f1ol llegar\u00e1 en un estado de forma propicio para lograrlo. Se presenta con un r\u00e9cord de 23-4 esta temporada en pista dura al aire libre, seg\u00fan las estad\u00edsticas Infosys ATP, aunque el cartel de este ATP 500 japon\u00e9s presenta otros nombres como los de <a href=\"https:\/\/www.atptour.com\/es\/players\/taylor-fritz\/fb98\/overview\" rel=\"nofollow noopener\" target=\"_blank\">Taylor Fritz<\/a>, <a href=\"https:\/\/www.atptour.com\/es\/players\/holger-rune\/r0dg\/overview\" rel=\"nofollow noopener\" target=\"_blank\">Holger Rune<\/a>, <a href=\"https:\/\/www.atptour.com\/es\/players\/casper-ruud\/rh16\/overview\" rel=\"nofollow noopener\" target=\"_blank\">Casper Ruud<\/a> o <a href=\"https:\/\/www.atptour.com\/es\/players\/frances-tiafoe\/td51\/overview\" rel=\"nofollow noopener\" target=\"_blank\">Frances Tiafoe<\/a>, que est\u00e1n dispuestos a impedirlo.<\/p>\n","protected":false},"excerpt":{"rendered":"Reportaje \u00bfPodr\u00e1 Alcaraz unirse al selecto palmar\u00e9s de Tokio en su debut? El espa\u00f1ol persigue convertirse en el&hellip;\n","protected":false},"author":2,"featured_media":133743,"comment_status":"","ping_status":"","sticky":false,"template":"","format":"standard","meta":{"footnotes":""},"categories":[93],"tags":[168,25,24,23,167],"class_list":{"0":"post-133742","1":"post","2":"type-post","3":"status-publish","4":"format-standard","5":"has-post-thumbnail","7":"category-deportes","8":"tag-deportes","9":"tag-es","10":"tag-espana","11":"tag-spain","12":"tag-sports"},"share_on_mastodon":{"url":"","error":""},"_links":{"self":[{"href":"https:\/\/www.europesays.com\/es\/wp-json\/wp\/v2\/posts\/133742","targetHints":{"allow":["GET"]}}],"collection":[{"href":"https:\/\/www.europesays.com\/es\/wp-json\/wp\/v2\/posts"}],"about":[{"href":"https:\/\/www.europesays.com\/es\/wp-json\/wp\/v2\/types\/post"}],"author":[{"embeddable":true,"href":"https:\/\/www.europesays.com\/es\/wp-json\/wp\/v2\/users\/2"}],"replies":[{"embeddable":true,"href":"https:\/\/www.europesays.com\/es\/wp-json\/wp\/v2\/comments?post=133742"}],"version-history":[{"count":0,"href":"https:\/\/www.europesays.com\/es\/wp-json\/wp\/v2\/posts\/133742\/revisions"}],"wp:featuredmedia":[{"embeddable":true,"href":"https:\/\/www.europesays.com\/es\/wp-json\/wp\/v2\/media\/133743"}],"wp:attachment":[{"href":"https:\/\/www.europesays.com\/es\/wp-json\/wp\/v2\/media?parent=133742"}],"wp:term":[{"taxonomy":"category","embeddable":true,"href":"https:\/\/www.europesays.com\/es\/wp-json\/wp\/v2\/categories?post=133742"},{"taxonomy":"post_tag","embeddable":true,"href":"https:\/\/www.europesays.com\/es\/wp-json\/wp\/v2\/tags?post=133742"}],"curies":[{"name":"wp","href":"https:\/\/api.w.org\/{rel}","templated":true}]}}