{"id":133772,"date":"2025-09-23T11:56:27","date_gmt":"2025-09-23T11:56:27","guid":{"rendered":"https:\/\/www.europesays.com\/es\/133772\/"},"modified":"2025-09-23T11:56:27","modified_gmt":"2025-09-23T11:56:27","slug":"la-arquitectura-del-tropico-se-da-la-mano-con-la-mediterranea-en-denia","status":"publish","type":"post","link":"https:\/\/www.europesays.com\/es\/133772\/","title":{"rendered":"La arquitectura del tr\u00f3pico se da la mano con la mediterr\u00e1nea en D\u00e9nia"},"content":{"rendered":"<ul>\n<li style=\"text-align: justify;\">La delegaci\u00f3n comarcal del CTAA presenta un encuentro entre dos estudios: uno con sede en D\u00e9nia y Val\u00e8ncia y otro con ra\u00edces en El Salvador<\/li>\n<\/ul>\n<p style=\"text-align: justify;\">El Colegio Territorial de Arquitectos de Alicante, en concreto la demarcaci\u00f3n de Marina Alta, celebra una nueva edici\u00f3n de <strong>\u201cNuestra Arquitectura\u201d<\/strong>, bajo el lema <strong>\u201cConexi\u00f3n Tropiterr\u00e1nea\u201d<\/strong>, una propuesta que explora c\u00f3mo el clima, la cultura y el paisaje del Tr\u00f3pico y el Mediterr\u00e1neo dialogan entre s\u00ed a trav\u00e9s del dise\u00f1o.<\/p>\n<p style=\"text-align: justify;\"><a href=\"https:\/\/lamarina.eldiario.es\/2025\/09\/22\/la-arquitectura-del-tropico-se-da-la-mano-con-la-mediterranea-en-denia\/encuentro-arquitectura-ctaa-denia\/\" rel=\"attachment wp-att-1414992 nofollow noopener\" target=\"_blank\"><img loading=\"lazy\" decoding=\"async\" class=\"aligncenter size-full wp-image-1414992\" src=\"https:\/\/www.europesays.com\/es\/wp-content\/uploads\/2025\/09\/encuentro-arquitectura-ctaa-denia.jpg\" alt=\"La arquitectura del tr\u00f3pico se da la mano con la mediterr\u00e1nea en D\u00e9nia\" width=\"1024\" height=\"1024\"  \/><\/a><\/p>\n<p style=\"text-align: justify;\">El encuentro se celebrar\u00e1 el <strong>25 de septiembre<\/strong> en <strong>Pepe Cabrera Arquitectura<\/strong>, un espacio de referencia en D\u00e9nia que desde hace dos d\u00e9cadas combina estudio, showroom de mobiliario, galer\u00eda de arte y gastronom\u00eda en un mismo lugar.<\/p>\n<p style=\"text-align: justify;\">La cita re\u00fane a dos estudios con trayectorias distintas pero complementarias. <strong>Pepe Cabrera Homes<\/strong>, con sede en D\u00e9nia y Valencia, se ha consolidado como referente en proyectos residenciales e interiorismo contempor\u00e1neo, siempre adaptados al estilo de vida de quienes los habitan. Su showroom en D\u00e9nia es hoy un escaparate de creatividad y un punto de encuentro para el dise\u00f1o.<\/p>\n<p style=\"text-align: justify;\">Frente a esta mirada mediterr\u00e1nea, <strong>Cinco Patas al Gato<\/strong> aporta la sensibilidad tropical. Con ra\u00edces en El Salvador y Espa\u00f1a, su trabajo fusiona tradici\u00f3n y modernidad, paisaje y arquitectura, en proyectos que buscan trascender la forma para centrarse en la experiencia vital.<\/p>\n","protected":false},"excerpt":{"rendered":"La delegaci\u00f3n comarcal del CTAA presenta un encuentro entre dos estudios: uno con sede en D\u00e9nia y Val\u00e8ncia&hellip;\n","protected":false},"author":2,"featured_media":133773,"comment_status":"","ping_status":"","sticky":false,"template":"","format":"standard","meta":{"footnotes":""},"categories":[173],"tags":[517,4071,42598,8937,229,233,231,230,5025,7092,42583,42582,42589,42585,20412,1013,177,42595,209,30922,232,42578,1819,42600,42599,1639,234,13193,146,147,2958,25,24,2793,3931,5270,42591,42596,1667,27050,42590,2441,42593,42594,4911,42579,42588,7080,10,14470,12657,133,42597,1925,42584,42580,42581,4069,2052,952,42592,8485,4286,4113,23,1651,42587,42586,19079,4664,1529,1018,35649],"class_list":{"0":"post-133772","1":"post","2":"type-post","3":"status-publish","4":"format-standard","5":"has-post-thumbnail","7":"category-arte-y-diseno","8":"tag-actualidad","9":"tag-agenda","10":"tag-agenda-cultural","11":"tag-altea","12":"tag-arte","13":"tag-arte-y-diseno","14":"tag-arts","15":"tag-arts-and-design","16":"tag-audios","17":"tag-benidorm","18":"tag-benisa","19":"tag-benissa","20":"tag-callossa-den-sarria","21":"tag-calp","22":"tag-calpe","23":"tag-cartelera","24":"tag-cine","25":"tag-costa-blanca","26":"tag-cultura","27":"tag-denia","28":"tag-design","29":"tag-diari","30":"tag-diario","31":"tag-diario-denia","32":"tag-diario-marina-alta","33":"tag-digital","34":"tag-diseno","35":"tag-el-tiempo","36":"tag-entertainment","37":"tag-entretenimiento","38":"tag-entrevistas","39":"tag-es","40":"tag-espana","41":"tag-espectaculos","42":"tag-festival","43":"tag-festivales","44":"tag-finestrat","45":"tag-informacio","46":"tag-informacion","47":"tag-javea","48":"tag-lalfas-del-pi","49":"tag-la-nucia","50":"tag-la-vila","51":"tag-la-vila-joiosa","52":"tag-marina","53":"tag-marina-alta","54":"tag-moraira","55":"tag-noticia","56":"tag-noticias","57":"tag-noticies","58":"tag-ondara","59":"tag-online","60":"tag-opinio","61":"tag-opinion","62":"tag-pedreguer","63":"tag-pego","64":"tag-pego-y-les-valls","65":"tag-periodico","66":"tag-poesia","67":"tag-politica","68":"tag-polop","69":"tag-programacion","70":"tag-reportajes","71":"tag-servicios","72":"tag-spain","73":"tag-teatro","74":"tag-teulada","75":"tag-teulada-y-moraira","76":"tag-turisme","77":"tag-turismo","78":"tag-ultima-hora","79":"tag-videos","80":"tag-xabia"},"share_on_mastodon":{"url":"","error":""},"_links":{"self":[{"href":"https:\/\/www.europesays.com\/es\/wp-json\/wp\/v2\/posts\/133772","targetHints":{"allow":["GET"]}}],"collection":[{"href":"https:\/\/www.europesays.com\/es\/wp-json\/wp\/v2\/posts"}],"about":[{"href":"https:\/\/www.europesays.com\/es\/wp-json\/wp\/v2\/types\/post"}],"author":[{"embeddable":true,"href":"https:\/\/www.europesays.com\/es\/wp-json\/wp\/v2\/users\/2"}],"replies":[{"embeddable":true,"href":"https:\/\/www.europesays.com\/es\/wp-json\/wp\/v2\/comments?post=133772"}],"version-history":[{"count":0,"href":"https:\/\/www.europesays.com\/es\/wp-json\/wp\/v2\/posts\/133772\/revisions"}],"wp:featuredmedia":[{"embeddable":true,"href":"https:\/\/www.europesays.com\/es\/wp-json\/wp\/v2\/media\/133773"}],"wp:attachment":[{"href":"https:\/\/www.europesays.com\/es\/wp-json\/wp\/v2\/media?parent=133772"}],"wp:term":[{"taxonomy":"category","embeddable":true,"href":"https:\/\/www.europesays.com\/es\/wp-json\/wp\/v2\/categories?post=133772"},{"taxonomy":"post_tag","embeddable":true,"href":"https:\/\/www.europesays.com\/es\/wp-json\/wp\/v2\/tags?post=133772"}],"curies":[{"name":"wp","href":"https:\/\/api.w.org\/{rel}","templated":true}]}}