{"id":133788,"date":"2025-09-23T12:06:13","date_gmt":"2025-09-23T12:06:13","guid":{"rendered":"https:\/\/www.europesays.com\/es\/133788\/"},"modified":"2025-09-23T12:06:13","modified_gmt":"2025-09-23T12:06:13","slug":"rusia-ya-ha-violado-el-espacio-aereo-de-seis-paises-de-la-ue-y-rutte-avisa-de-putin-la-otan-usara-todas-sus-medio-militares-el-mundo","status":"publish","type":"post","link":"https:\/\/www.europesays.com\/es\/133788\/","title":{"rendered":"Rusia ya ha violado el espacio a\u00e9reo de seis pa\u00edses de la UE y Rutte avisa de Putin: &quot;La OTAN usar\u00e1 todas sus medio militares&quot; &#8211; El Mundo"},"content":{"rendered":"<ol>\n<li><a href=\"https:\/\/news.google.com\/rss\/articles\/CBMigwFBVV95cUxNdFZpMk9Fb0dQM0lvaFR0TUhOam8yME5XMXVMNzlDY1dWNXFKcS13UFNYeXdHNnZaVzE5UThlVHVIYkRvUzR0UUZHeGhUSlhGQ0M2a2tzMlFTSmo1SVYtM1c0WDFnakxBSXpmWUxLajJ1WjZiQW5zaF8xSm5JVjhmTldlMNIBgwFBVV95cUxOU0c4d1MzZGxxYi1iNzRVdkhpNzBoWWpnSG96VnE0eTd4anVKajBzRTU1dnUyTXdJUVZ4Rmx4bkVGMWl3TlFmQWQ4N2dQNU8zWmJFazNzUEF6MWtqcTZrM1JrUE93UlYwTjJCUkNUWXJjVzIzVFBnU2Z3cE8tUU9ld0xaTQ?oc=5\" target=\"_blank\" rel=\"nofollow noopener\">Rusia ya ha violado el espacio a\u00e9reo de seis pa\u00edses de la UE y Rutte avisa de Putin: \u00abLa OTAN usar\u00e1 todas sus medio militares\u00bb<\/a>&nbsp;&nbsp;El Mundo<\/li>\n<li><a href=\"https:\/\/news.google.com\/rss\/articles\/CBMiwwFBVV95cUxPcm5BS2FENGNDYjlfZDlpcjZwNDlNby15SlZNaXRtdmNYb0NoWXdhdWREQ0dsbjE1aDJqekxocHEzeVRHYi1FYUZzdW1GeFZNSkZvelQ0aUhQOXVITW5aaE93WW1GT1JNREdCYlp4Ym5WNF9HeGE3UlE3RF81ODR2LUNfNEllQTF3N3FUX0JRZG9VMU12RmRmNFBPRHpMYjR4VXZHUzE2UFJCaFNueHREYWt2dlJEZmhTZ1dZRWszMzJ2VkU?oc=5\" target=\"_blank\" rel=\"nofollow noopener\">La OTAN analiza la crisis abierta por la violaci\u00f3n del espacio a\u00e9reo europeo<\/a>&nbsp;&nbsp;EL PA\u00cdS<\/li>\n<li><a href=\"https:\/\/news.google.com\/rss\/articles\/CBMi0gFBVV95cUxObkg2NGFOWmZFRzdETU5MR2R4VkY5bTNxeS1NZW04SFd0b2QxOHFPcUlzRmUxQ25uOGFDSDdlT3JpMnJRZ3YzUU5SWl9lZm5IdFFTT0Jpcm1QNmdWbmFxWlNTZVR1Q2d1QXJqMDQ4d0VjWGxvR0hEWlFTOVRnSENCN0drZF93WEhkTy1uamdzaUN2ZWFpZVgxODBybUVHM0d1LXBxTDBPRjh5bmdpb3Q5ajI0enlKdEJ5QzExQjBvQXZ2U0JLa0tudmFkUE40SkF2Z0E?oc=5\" target=\"_blank\" rel=\"nofollow noopener\">Claves para entender el alcance e importancia de las violaciones del espacio a\u00e9reo de Europa a manos de Rusia<\/a>&nbsp;&nbsp;elDiario.es<\/li>\n<li><a href=\"https:\/\/news.google.com\/rss\/articles\/CBMi-gFBVV95cUxOaDZ4ZnF1NUlHempUTm02N29WcHlXcWlVeEd0c016emR6STVzUExJNlFFTlZLV3NRZXhqMmEyaWdCTFFTUE1haDIzY1JqYUItQmlHbUJtaHNCc0ZNc1R5Ti0xNFdwZlg0OS1oQTVsQktFa0FTYjEybm1KV3hBRlh6czJ3UzU1U0xRSlVlcTFVTmdIbHhjcmlmWFl1VkJ3QllNMTZuYkhqdmhvcHJtWmx2Wncwcl9HalZUanpINVh5dUZkUTR4aGdpdWVISFEyQ21GRlJfVXY2R3piR24xYTF3T3lUNVVZNklSMHR6WW1WdXY4VVdBb2p3OHpn?oc=5\" target=\"_blank\" rel=\"nofollow noopener\">La OTAN amenaza a Putin tras las incursiones con drones y abre la puerta a derribarlos si son una \u00abamenaza\u00bb para la poblaci\u00f3n civil<\/a>&nbsp;&nbsp;20Minutos<\/li>\n<li><a href=\"https:\/\/news.google.com\/rss\/articles\/CBMiuwFBVV95cUxQUjJjYVZTb0o4Q2tRYlVjUWdJNmhJSHRGVXE0VUc5TmZ0aEJ3UGd0RXlDRWh6WWhXaG16bWVLM2dMNjhGMExNXzNSb2J1LTkteGpnOXdSc2psdVg0MkxwdVk0TGkwd0RtSXRRMWdDRmJpcEIwNE0zWnYwWUJmNG9SX1FLY0d2cHhzV2h1NlAwbmhBRE8wbFdLTVR3eXJRLS1PNkNtLUxrb3FvUW95RDBEQ0NCQ2RhV25SNkpj0gHAAUFVX3lxTE9QbDJXUENoY3Njemg1SVg3elpmSWFGWVVucWJoaTZEeXZTbjJtUG5TSWRqWDRYMTl5c1FPMkRqRGgyQnhkUXdjMW1BRWxDOERtU29LOG9LdlhqTmhmT1UzNlVDZTB0OUNjSTVtLXNlRnRmVlZZMnA5bnVlOXJOSUl2WGNaa2tzd2JRcUktT0YxR1JDRnFpcm1pelZfN1FCYmFvaFhzTjJxSjI0aWx1YXpUcUlHcHBaYzI3MUZkenhqWQ?oc=5\" target=\"_blank\" rel=\"nofollow noopener\">Europa, al rojo vivo en su confrontaci\u00f3n con Rusia y en alerta ante sus incursiones a\u00e9reas en el B\u00e1ltico<\/a>&nbsp;&nbsp;Diario P\u00fablico<\/li>\n<\/ol>\n","protected":false},"excerpt":{"rendered":"Rusia ya ha violado el espacio a\u00e9reo de seis pa\u00edses de la UE y Rutte avisa de Putin:&hellip;\n","protected":false},"author":2,"featured_media":133789,"comment_status":"","ping_status":"","sticky":false,"template":"","format":"standard","meta":{"footnotes":""},"categories":[42],"tags":[17,18,13,14,11,61,62,63,64,19,20,9,10,15,16,12,21,22,65,66,67],"class_list":{"0":"post-133788","1":"post","2":"type-post","3":"status-publish","4":"format-standard","5":"has-post-thumbnail","7":"category-internacional","8":"tag-breaking-news","9":"tag-breakingnews","10":"tag-featured-news","11":"tag-featurednews","12":"tag-headlines","13":"tag-internacional","14":"tag-international","15":"tag-international-news","16":"tag-internationalnews","17":"tag-latest-news","18":"tag-latestnews","19":"tag-news","20":"tag-noticias","21":"tag-noticias-destacadas","22":"tag-noticiasdestacadas","23":"tag-titulares","24":"tag-ultimas-noticias","25":"tag-ultimasnoticias","26":"tag-world","27":"tag-world-news","28":"tag-worldnews"},"share_on_mastodon":{"url":"","error":""},"_links":{"self":[{"href":"https:\/\/www.europesays.com\/es\/wp-json\/wp\/v2\/posts\/133788","targetHints":{"allow":["GET"]}}],"collection":[{"href":"https:\/\/www.europesays.com\/es\/wp-json\/wp\/v2\/posts"}],"about":[{"href":"https:\/\/www.europesays.com\/es\/wp-json\/wp\/v2\/types\/post"}],"author":[{"embeddable":true,"href":"https:\/\/www.europesays.com\/es\/wp-json\/wp\/v2\/users\/2"}],"replies":[{"embeddable":true,"href":"https:\/\/www.europesays.com\/es\/wp-json\/wp\/v2\/comments?post=133788"}],"version-history":[{"count":0,"href":"https:\/\/www.europesays.com\/es\/wp-json\/wp\/v2\/posts\/133788\/revisions"}],"wp:featuredmedia":[{"embeddable":true,"href":"https:\/\/www.europesays.com\/es\/wp-json\/wp\/v2\/media\/133789"}],"wp:attachment":[{"href":"https:\/\/www.europesays.com\/es\/wp-json\/wp\/v2\/media?parent=133788"}],"wp:term":[{"taxonomy":"category","embeddable":true,"href":"https:\/\/www.europesays.com\/es\/wp-json\/wp\/v2\/categories?post=133788"},{"taxonomy":"post_tag","embeddable":true,"href":"https:\/\/www.europesays.com\/es\/wp-json\/wp\/v2\/tags?post=133788"}],"curies":[{"name":"wp","href":"https:\/\/api.w.org\/{rel}","templated":true}]}}