{"id":133806,"date":"2025-09-23T12:18:09","date_gmt":"2025-09-23T12:18:09","guid":{"rendered":"https:\/\/www.europesays.com\/es\/133806\/"},"modified":"2025-09-23T12:18:09","modified_gmt":"2025-09-23T12:18:09","slug":"mi-chico-te-quiero-tanto","status":"publish","type":"post","link":"https:\/\/www.europesays.com\/es\/133806\/","title":{"rendered":"Mi chico, te quiero tanto"},"content":{"rendered":"<p id=\"evLTl1F9SW\" data-wc=\"87\">Lo que comenz\u00f3 siendo un romance discreto se ha convertido en una consolidada relaci\u00f3n que ya no quieren ocultar. <a class=\"hm-link ho-link\" href=\"https:\/\/www.hola.com\/belleza\/20250314819249\/ana-mena-antes-y-despues\/\" data-mrf-recirculation=\"article-body-link\" rel=\"nofollow noopener\" target=\"_blank\">Ana Mena<\/a> y <strong>\u00d3scar Casas<\/strong> viven ahora su noviazgo con naturalidad y <a class=\"hm-link ho-link\" href=\"https:\/\/www.hola.com\/actualidad\/20250814850250\/aventura-playa-y-mucho-baile-las-imagenes-de-ana-mena-en-sus-vacaciones-con-la-familia-casas\/\" data-mrf-recirculation=\"article-body-link\" rel=\"nofollow noopener\" target=\"_blank\">cada vez es m\u00e1s habitual verles derrochando amor<\/a>. Esta semana, la cantante y actriz <strong>se ha declarado p\u00fablicamente a su chico<\/strong> aprovechando una ocasi\u00f3n muy especial. El actor catal\u00e1n, protagonista de El gran salto, Mi soledad tiene alas\u00a0o\u00a0Instinto, ha cumplido 27 a\u00f1os y Ana le ha dedicado su particular homenaje en el mundo virtual.<\/p>\n<p> <img src=\"https:\/\/www.europesays.com\/es\/wp-content\/uploads\/2025\/09\/e23938a4b3c6-img5524-copia.jpg\"   width=\"765\" height=\"1024\" loading=\"lazy\" decoding=\"async\" alt=\"Ana Mena felicita a \u00d3scar Casas por su cumplea\u00f1os\" fetchpriority=\"auto\" class=\"image ho-image\"\/>\u00a9 anamenaoficial<\/p>\n<p id=\"e1Izs1aapj9\" data-wc=\"73\">\u00ab<strong>Feliz cumple, mi chico. Te quiero tanto<\/strong> @oscar_casas \u2764\ufe0f\u00bb, es el mensaje que ha compartido con sus m\u00e1s de 1,4 millones de seguidores. La cantante de \u00e9xitos como Madrid City o M\u00fasica ligera se ha puesto rom\u00e1ntica para felicitar al cumplea\u00f1ero y no ha dudado en mostrar esta foto in\u00e9dita que refleja claramente c\u00f3mo es su relaci\u00f3n. Ana y \u00d3scar se adoran y <a class=\"hm-link ho-link\" href=\"https:\/\/www.hola.com\/actualidad\/20250612837702\/ana-mena-habla-como-nunca-de-oscar-casas-a-punto-de-cumplir-su-primer-aniversario\/\" data-mrf-recirculation=\"article-body-link\" rel=\"nofollow noopener\" target=\"_blank\">est\u00e1n muy felices juntos<\/a>. Solo hay que verles para demostrarlo&#8230;<\/p>\n<p id=\"eZbcNORe-2D\" data-wc=\"45\">La imagen elegida por la artista habla por s\u00ed sola. Posan abrazos, cari\u00f1osos, 100% al natural, sin maquillaje, y haciendo un gesto c\u00f3mplice en el que Ana Mena pega su cara con la del actor mientras le sujeta la cara, como si le estuviera apretujando.<\/p>\n<p> <img src=\"https:\/\/www.europesays.com\/es\/wp-content\/uploads\/2025\/09\/a99394da981f-d7ea85ffc4f8-mucha-pupusa-mucha-selva-mucho-coco-mucho-baile-mucho-love-pd-s-hem.jpg\"   width=\"1024\" height=\"933\" loading=\"lazy\" decoding=\"async\" alt=\"Ana Mena y \u00d3scar Casas\" fetchpriority=\"auto\" class=\"image ho-image\"\/>\u00a9 anamenaoficial<\/p>\n<p id=\"e8mK0GgxsG\" data-wc=\"51\">\u00a0Ana y \u00d3scar, que este verano disfrutaron de diferentes planes por Madrid y pasaron unas <a class=\"hm-link ho-link\" href=\"https:\/\/www.hola.com\/actualidad\/20250814850250\/aventura-playa-y-mucho-baile-las-imagenes-de-ana-mena-en-sus-vacaciones-con-la-familia-casas\/\" data-mrf-recirculation=\"article-body-link\" rel=\"nofollow noopener\" target=\"_blank\">inolvidables vacaciones en El Salvador<\/a> junto a la familia Casas, forman una de las parejas del momento. Su relaci\u00f3n est\u00e1 cada d\u00eda m\u00e1s consolidada y ellos no hacen m\u00e1s que dedicarse piropos siempre que tienen ocasi\u00f3n.\u00a0<\/p>\n<p> <img src=\"https:\/\/www.europesays.com\/es\/wp-content\/uploads\/2025\/09\/65eb063ac252-warnerbrosspain17265939013459242826991372338217819277.jpg\"   width=\"1080\" height=\"1080\" loading=\"lazy\" decoding=\"async\" alt=\"Ana Mena, en el rodaje de &quot;\u00cddolos&quot;\" fetchpriority=\"auto\" class=\"image ho-image\"\/>\u00a9 Mar\u00eda Villanueva\u00d3scar Casas y Ana Mena en el rodaje de \u00ab\u00cddolos\u00bb<\/p>\n<p id=\"eLe1kDofG5_\" data-wc=\"114\">\u00ab<strong>Es muy lindo, es ideal, de verdad, es maravilloso<\/strong>\u00ab, fueron las primeras declaraciones que hizo la cantante sobre \u00d3scar el pasado mes de junio. Por su parte, el hermano de Mario Casas habl\u00f3 maravillas de su novia en su \u00faltima entrevista con \u00a1HOLA!, asegurando que: \u00abAna es muy humilde y siempre me preguntaba todo. Escuchaba much\u00edsimo, tanto en lo personal como en la actuaci\u00f3n. Es muy inteligente y con mucho arte, as\u00ed que ha estado muy abierta al director y al equipo\u00bb, confes\u00f3 haciendo referencia a <a class=\"hm-link ho-link\" href=\"https:\/\/www.hola.com\/actualidad\/20241230738063\/ana-mena-oscar-casas-imagenes-pareja-momento\/\" data-mrf-recirculation=\"article-body-link\" rel=\"nofollow noopener\" target=\"_blank\"><strong>su trabajo juntos en la pel\u00edcula \u00cddolos<\/strong><\/a>, donde dan vida a un piloto de motociclismo y una tatuadora que se enamoran perdidamente.<\/p>\n<p data-wc=\"44\" id=\"ehvRNlxdpTX\">\u00abHa sido una maravilla.\u00a0<strong>Ana es muy buena persona y, a la vez, supertrabajadora y muy profesional<\/strong>.<strong>\u00a0Ya<\/strong> <strong>no solo canta como los \u00e1ngeles, es muy buena actriz,\u00a0<\/strong>no solo en esta pel\u00edcula, sino en otros proyectos interesantes. Va a sorprender\u00bb, nos dijo orgulloso.<\/p>\n","protected":false},"excerpt":{"rendered":"Lo que comenz\u00f3 siendo un romance discreto se ha convertido en una consolidada relaci\u00f3n que ya no quieren&hellip;\n","protected":false},"author":2,"featured_media":133807,"comment_status":"","ping_status":"","sticky":false,"template":"","format":"standard","meta":{"footnotes":""},"categories":[174],"tags":[517,22249,255,146,147,25,24,256,22248,23],"class_list":{"0":"post-133806","1":"post","2":"type-post","3":"status-publish","4":"format-standard","5":"has-post-thumbnail","7":"category-famosos","8":"tag-actualidad","9":"tag-ana-mena","10":"tag-celebrities","11":"tag-entertainment","12":"tag-entretenimiento","13":"tag-es","14":"tag-espana","15":"tag-famosos","16":"tag-oscar-casas","17":"tag-spain"},"share_on_mastodon":{"url":"","error":""},"_links":{"self":[{"href":"https:\/\/www.europesays.com\/es\/wp-json\/wp\/v2\/posts\/133806","targetHints":{"allow":["GET"]}}],"collection":[{"href":"https:\/\/www.europesays.com\/es\/wp-json\/wp\/v2\/posts"}],"about":[{"href":"https:\/\/www.europesays.com\/es\/wp-json\/wp\/v2\/types\/post"}],"author":[{"embeddable":true,"href":"https:\/\/www.europesays.com\/es\/wp-json\/wp\/v2\/users\/2"}],"replies":[{"embeddable":true,"href":"https:\/\/www.europesays.com\/es\/wp-json\/wp\/v2\/comments?post=133806"}],"version-history":[{"count":0,"href":"https:\/\/www.europesays.com\/es\/wp-json\/wp\/v2\/posts\/133806\/revisions"}],"wp:featuredmedia":[{"embeddable":true,"href":"https:\/\/www.europesays.com\/es\/wp-json\/wp\/v2\/media\/133807"}],"wp:attachment":[{"href":"https:\/\/www.europesays.com\/es\/wp-json\/wp\/v2\/media?parent=133806"}],"wp:term":[{"taxonomy":"category","embeddable":true,"href":"https:\/\/www.europesays.com\/es\/wp-json\/wp\/v2\/categories?post=133806"},{"taxonomy":"post_tag","embeddable":true,"href":"https:\/\/www.europesays.com\/es\/wp-json\/wp\/v2\/tags?post=133806"}],"curies":[{"name":"wp","href":"https:\/\/api.w.org\/{rel}","templated":true}]}}