{"id":133817,"date":"2025-09-23T12:24:10","date_gmt":"2025-09-23T12:24:10","guid":{"rendered":"https:\/\/www.europesays.com\/es\/133817\/"},"modified":"2025-09-23T12:24:10","modified_gmt":"2025-09-23T12:24:10","slug":"el-reto-mas-dificil-de-chus-mateo-ahora-con-espana-quiero-dejar-mi-sello-en-la-seleccion-baloncesto-deportes","status":"publish","type":"post","link":"https:\/\/www.europesays.com\/es\/133817\/","title":{"rendered":"El reto m\u00e1s dif\u00edcil de Chus Mateo, ahora con Espa\u00f1a: \u201cQuiero dejar mi sello en la selecci\u00f3n\u201d | Baloncesto | Deportes"},"content":{"rendered":"<p class=\"\">No se podr\u00e1 decir que Chus Mateo (Madrid, 56 a\u00f1os) no es un tipo valiente. El t\u00e9cnico madrile\u00f1o afront\u00f3 en 2022 el que parec\u00eda el reto m\u00e1s dif\u00edcil de su carrera, asumiendo el banquillo del Real Madrid, el club de su vida, despu\u00e9s de que Pablo Laso, del que fuera ayudante, ganara 22 t\u00edtulos en once temporadas. Ahora, tres meses despu\u00e9s de dejar el club blanco, con el que ha ganado seis t\u00edtulos en tres a\u00f1os (una Euroliga, dos Ligas, una Copa y dos Supercopas), <a href=\"https:\/\/elpais.com\/deportes\/baloncesto\/2025-09-22\/chus-mateo-nuevo-seleccionador-espanol-de-baloncesto.html?event_log=oklogin\" target=\"_self\" rel=\"nofollow noopener\" title=\"https:\/\/elpais.com\/deportes\/baloncesto\/2025-09-22\/chus-mateo-nuevo-seleccionador-espanol-de-baloncesto.html?event_log=oklogin\">Mateo eleva la apuesta y toma los mandos de la selecci\u00f3n espa\u00f1ola hasta 2029<\/a> tras ocho medallas en 13 campeonatos de Sergio Scariolo.<\/p>\n<p class=\"\">\u201cHay que valorar el pasado y saber d\u00f3nde estamos ahora, pero tengo much\u00edsima ilusi\u00f3n por empezar este reto; quiero dejar mi sello aqu\u00ed\u201d, ha asegurado este martes Mateo, que se curti\u00f3 en el Real Madrid y en el Unicaja M\u00e1laga a la sombra de <a href=\"https:\/\/elpais.com\/deportes\/baloncesto\/2025-09-04\/sergio-scariolo-me-voy-en-paz-porque-lo-he-dado-todo.html\" target=\"_self\" rel=\"nofollow noopener\" title=\"https:\/\/elpais.com\/deportes\/baloncesto\/2025-09-04\/sergio-scariolo-me-voy-en-paz-porque-lo-he-dado-todo.html\">Scariolo<\/a> antes de ganar, como asistente del italiano, el primer Eurobasket masculino de Espa\u00f1a en 2009.<\/p>\n<p class=\"\">\u201cNo s\u00e9 si es el mejor momento para hacerlo o no, pero es el que es, y lo afronto con mucha determinaci\u00f3n. La dificultad de este reto es por todos conocida, as\u00ed que lo afronto con determinaci\u00f3n y valent\u00eda\u201d, ha a\u00f1adido quien asume la tarea de, como ha apuntado Elisa Aguilar, presidenta de la Federaci\u00f3n Espa\u00f1ola de Baloncesto (FEB), \u201ccompletar el relevo generacional\u201d de una selecci\u00f3n absoluta necesitada de encaminar cuanto antes la clasificaci\u00f3n para el Mundial de Qatar de 2027. Para ello, Mateo debutar\u00e1 en las ventanas FIBA de noviembre, en las que no podr\u00e1 contar con jugadores que militan en Estados Unidos (NBA o NCAA) o en equipos de Euroliga. La primera parada, el 27 de noviembre en Copenhague ante Dinamarca; tres d\u00edas despu\u00e9s, el 30, el nuevo seleccionador espa\u00f1ol debutar\u00e1 como local en Tenerife ante Georgia.<\/p>\n<p><img decoding=\"auto\" class=\"_re lazyload a_m-h\" height=\"276\"  width=\"414\"  src=\"https:\/\/www.europesays.com\/es\/wp-content\/uploads\/2025\/09\/AZHUHNOMO5O3PDSIM6O4DRVSXY.jpg\" loading=\"lazy\"\/>La presidenta de Federaci\u00f3n Espa\u00f1ola de Baloncesto (FEB), Elisa Aguilar (i), presenta a Chus Mateo (c) como nuevo seleccionador absoluto masculino.Rodrigo Jim\u00e9nez (EFE)<\/p>\n<p class=\"\">\u201cLas prisas nunca han sido buenas en el deporte, pero hay que tratar de hacer las cosas bien, y eso, en la \u00e9lite en la que nos encontramos, requiere de cierta inmediatez para clasificarnos al Mundial y, a su vez, iniciar un proceso de reestructuraci\u00f3n\u201d, ha a\u00f1adido el madrile\u00f1o en la sede federativa de Alcobendas; \u201cen el \u00faltimo Eurobasket hemos visto brotes verdes y esos brotes verdes hay que dejarlos crecer. No obstante, cada jugador lleva su proceso y su tiempo. No ser\u00eda bueno que la inmediatez del resultado no dejara fluir las cosas\u201d.<\/p>\n<p class=\"\">As\u00ed, tras alabar el desempe\u00f1o de Sergio de Larrea y Mario Saint-Sup\u00e9ry, los dos jovenc\u00edsimos bases que brillaron con la Selecci\u00f3n en el Eurobasket, Mateo ha querido subrayar la importancia de los veteranos para afianzar su proyecto. \u201c<a href=\"https:\/\/elpais.com\/deportes\/baloncesto\/2025-09-03\/espana-y-los-dias-senalaitos.html\" target=\"_self\" rel=\"nofollow noopener\" title=\"https:\/\/elpais.com\/deportes\/baloncesto\/2025-09-03\/espana-y-los-dias-senalaitos.html\">Tanto Willy como Juancho Hern\u00e1ngomez van a ser dos jugadores absolutamente fundamentales a futuro<\/a>\u201d, ha se\u00f1alado el madrile\u00f1o; \u201cpuede que no hayan hecho el mejor Europeo que se recuerda, pero en otras ocasiones han hecho torneos extraordinarios y no podemos olvidarnos de eso. Lo que no debemos hacer es desmembrar lo que ya tenemos; intentemos centrarnos en unir, en aglutinar y en hacer crecer el grupo\u201d.<\/p>\n<p class=\"\">Con esa meta firma Mateo hasta 2029, cuando, un a\u00f1o despu\u00e9s de los Juegos Ol\u00edmpicos de Los \u00c1ngeles, Espa\u00f1a ser\u00e1 sede del Eurobasket. Retomar el vuelo del combinado nacional no ser\u00e1 sencillo, m\u00e1s si cabe <a href=\"https:\/\/elpais.com\/deportes\/baloncesto\/2025-09-05\/espana-abre-el-futuro-sin-scariolo-mas-que-un-seleccionador.html\" target=\"_self\" rel=\"nofollow noopener\" title=\"https:\/\/elpais.com\/deportes\/baloncesto\/2025-09-05\/espana-abre-el-futuro-sin-scariolo-mas-que-un-seleccionador.html\">tras no alcanzar la fase final de las tres \u00faltimas grandes competiciones<\/a> (Mundial de 2023, Juegos Ol\u00edmpicos de 2024 y Eurobasket de 2025). \u201cEl gen ganador lleva mucho tiempo latente en el car\u00e1cter del jugador espa\u00f1ol. Eso existe y va a seguir existiendo\u201d, ha sentenciado Mateo; \u201cel ranking FIBA [que sit\u00faa a Espa\u00f1a en s\u00e9ptimo lugar] dir\u00e1 lo que sea, pero el prestigio de Espa\u00f1a no se ha perdido\u201d.<\/p>\n<p>Elisa Aguilar, convencida de la elecci\u00f3n<\/p>\n<p class=\"\">A la vera de Mateo en todo momento, la presidenta de la FEB ha enfatizado este martes en el acierto que supone la elecci\u00f3n del madrile\u00f1o como nuevo seleccionador nacional. \u201cChus re\u00fane un n\u00famero de caracter\u00edsticas que para nosotros son esenciales para este puesto. Es un entrenador experimentado en la \u00e9lite, que sabe convivir con la presi\u00f3n, que sabe ganar t\u00edtulos al m\u00e1ximo nivel y que conoce la Federaci\u00f3n; tiene, adem\u00e1s, tono conciliador, pero a su vez es un t\u00e9cnico exigente y que conoce a la perfecci\u00f3n la base formativa de la federaci\u00f3n\u201d, ha asegurado; \u201choy empezamos una nueva era y espero que podamos recuperar ese protagonismo que nos ha faltado en los \u00faltimos campeonatos\u201d.<\/p>\n","protected":false},"excerpt":{"rendered":"No se podr\u00e1 decir que Chus Mateo (Madrid, 56 a\u00f1os) no es un tipo valiente. El t\u00e9cnico madrile\u00f1o&hellip;\n","protected":false},"author":2,"featured_media":133818,"comment_status":"","ping_status":"","sticky":false,"template":"","format":"standard","meta":{"footnotes":""},"categories":[93],"tags":[299,1540,168,1539,25,24,42611,8283,6001,3049,23,167],"class_list":{"0":"post-133817","1":"post","2":"type-post","3":"status-publish","4":"format-standard","5":"has-post-thumbnail","7":"category-deportes","8":"tag-baloncesto","9":"tag-competiciones","10":"tag-deportes","11":"tag-entrenadores","12":"tag-es","13":"tag-espana","14":"tag-jesus-mateo","15":"tag-jugadores-baloncesto","16":"tag-seleccion-espanola-baloncesto","17":"tag-sergio-scariolo","18":"tag-spain","19":"tag-sports"},"share_on_mastodon":{"url":"","error":""},"_links":{"self":[{"href":"https:\/\/www.europesays.com\/es\/wp-json\/wp\/v2\/posts\/133817","targetHints":{"allow":["GET"]}}],"collection":[{"href":"https:\/\/www.europesays.com\/es\/wp-json\/wp\/v2\/posts"}],"about":[{"href":"https:\/\/www.europesays.com\/es\/wp-json\/wp\/v2\/types\/post"}],"author":[{"embeddable":true,"href":"https:\/\/www.europesays.com\/es\/wp-json\/wp\/v2\/users\/2"}],"replies":[{"embeddable":true,"href":"https:\/\/www.europesays.com\/es\/wp-json\/wp\/v2\/comments?post=133817"}],"version-history":[{"count":0,"href":"https:\/\/www.europesays.com\/es\/wp-json\/wp\/v2\/posts\/133817\/revisions"}],"wp:featuredmedia":[{"embeddable":true,"href":"https:\/\/www.europesays.com\/es\/wp-json\/wp\/v2\/media\/133818"}],"wp:attachment":[{"href":"https:\/\/www.europesays.com\/es\/wp-json\/wp\/v2\/media?parent=133817"}],"wp:term":[{"taxonomy":"category","embeddable":true,"href":"https:\/\/www.europesays.com\/es\/wp-json\/wp\/v2\/categories?post=133817"},{"taxonomy":"post_tag","embeddable":true,"href":"https:\/\/www.europesays.com\/es\/wp-json\/wp\/v2\/tags?post=133817"}],"curies":[{"name":"wp","href":"https:\/\/api.w.org\/{rel}","templated":true}]}}