{"id":133821,"date":"2025-09-23T12:26:11","date_gmt":"2025-09-23T12:26:11","guid":{"rendered":"https:\/\/www.europesays.com\/es\/133821\/"},"modified":"2025-09-23T12:26:11","modified_gmt":"2025-09-23T12:26:11","slug":"iron-maiden-liderara-el-rock-imperium-de-cartagena-con-su-gira-de-50-aniversario","status":"publish","type":"post","link":"https:\/\/www.europesays.com\/es\/133821\/","title":{"rendered":"Iron Maiden liderar\u00e1 el Rock Imperium de Cartagena con su gira de 50 aniversario"},"content":{"rendered":"<p><a class=\"v-mdl-ath__fig-a\" href=\"https:\/\/www.laverdad.es\/autor\/ivan-rosique-922.html\" title=\"Iv\u00e1n Rosique\" rel=\"nofollow noopener\" target=\"_blank\"><br \/>\n<img decoding=\"async\" class=\"v-mdl-ath__img\" src=\"https:\/\/www.europesays.com\/es\/wp-content\/uploads\/2025\/07\/autor-922-foto-3.jpeg\" alt=\"Iv\u00e1n Rosique\"\/><br \/>\n<\/a><\/p>\n<p class=\"v-mdl-ath__p v-mdl-ath__p--6\">\nMartes, 23 de septiembre 2025, 11:06<\/p>\n<p>| Actualizado 14:23h.<\/p>\n<p class=\"v-p\">La quinta edici\u00f3n del Rock Imperium de Cartagena har\u00e1 realidad uno de los mayores anhelos expresados por el p\u00fablico del festival desde que ech\u00f3 a andar. Iron Maiden ser\u00e1 el gran protagonista de un cartel que promete ser \u00abhist\u00f3rico\u00bb, seg\u00fan la organizaci\u00f3n. El paso de la legendaria banda brit\u00e1nica por la ciudad portuaria ser\u00e1 adem\u00e1s una de las \u00faltimas oportunidades de verla en directo en el futuro pr\u00f3ximo, puesto que no volver\u00e1 a subirse a los escenarios hasta 2028, como m\u00ednimo, seg\u00fan anunci\u00f3 recientemente.<\/p>\n<p class=\"v-p\">Iron Maiden visitar\u00e1 Cartagena como parte de su gira &#8216;Run for your Lives&#8217;, una celebraci\u00f3n de su medio siglo de carrera que repasar\u00e1 sus cl\u00e1sicos m\u00e1s emblem\u00e1ticos, desde su disco de debut hasta la etapa &#8216;Fear of the Dark&#8217;, de 1992. Adem\u00e1s de recuperar canciones que llevaban d\u00e9cadas sin incluir en el repertorio, como &#8216;Killers&#8217;, &#8216;The Clairvoyant&#8217; o la \u00e9pica &#8216;Rime of the Ancient Mariner&#8217;, el espect\u00e1culo supone una profunda renovaci\u00f3n de la producci\u00f3n esc\u00e9nica de Iron Maiden, con un escenario inmersivo y nuevos efectos pirot\u00e9cnicos.<\/p>\n<p class=\"v-p\">La gira de aniversario &#8216;Run for your Lives&#8217; arranc\u00f3 el pasado mes de mayo y consigui\u00f3 agotar entradas en pr\u00e1cticamente todas sus fechas, con m\u00e1s de un mill\u00f3n de entradas vendidas en total. En Espa\u00f1a, Iron Maiden logr\u00f3 a reunir a m\u00e1s de 50.000 personas en una fecha \u00fanica celebrada, el pasado 5 de julio, en el estadio Metropolitano de Madrid. Una semana antes, Iron Maiden logr\u00f3 batir su r\u00e9cord hist\u00f3rico de asistentes en Londres, con un concierto masivo que registr\u00f3 70.000 asistentes. Buenas perspectivas de negocio, por lo tanto, para la ciudad de Cartagena y tambi\u00e9n para un festival que promete superar el aforo de su edici\u00f3n de 2023, cuando acogi\u00f3 en exclusiva la \u00faltima actuaci\u00f3n de KISS en Espa\u00f1a.<\/p>\n<p><img decoding=\"async\" loading=\"lazy\" src=\"https:\/\/www.europesays.com\/es\/wp-content\/uploads\/2025\/09\/dsfffs-U2201805959110YfB--650x455@La Verdad.jpg\" class=\"v-a-img\" width=\"650\" height=\"455\" alt=\"La presentaci\u00f3n, este martes, del Rock Imperium.\" data-voc-vtm-id=\"in-text-traffic\"\/><\/p>\n<p>La presentaci\u00f3n, este martes, del Rock Imperium.<\/p>\n<p>Antonio Gil \/ AGM<\/p>\n<p><img loading=\"lazy\" decoding=\"async\" src=\"https:\/\/www.europesays.com\/es\/wp-content\/uploads\/2025\/09\/dsfffs-U2201805959110YfB--1920x1344@La Verdad.jpg\" class=\"v-mdl__img-z\" width=\"1920\" height=\"1344\" alt=\"\"\/><\/p>\n<p class=\"v-p\">No obstante, la masiva afluencia de p\u00fablico que se espera ser\u00e1 tambi\u00e9n un desaf\u00edo para un recinto por el que pasaron, en a\u00f1os anteriores, un total de entre 20.000 y 25.000 personas en cada jornada. Seg\u00fan adelant\u00f3 Juan Antonio Mu\u00f1oz, director del festival, para poder acoger un concierto de la magnitud del que ofrecer\u00e1 Iron Maiden ser\u00e1 necesario cambiar algunos aspectos de la producci\u00f3n t\u00e9cnica habitual, que ser\u00e1n detallados m\u00e1s adelante. \u00abTodav\u00eda estamos trabajando en ello, pero se primar\u00e1 la calidad, que la gente est\u00e9 c\u00f3moda y los servicios sean c\u00f3modos\u00bb, apunt\u00f3 Mu\u00f1oz.<\/p>\n<p class=\"v-p\">\u00abCon este concierto vamos a superar otro imposible\u00bb, se\u00f1al\u00f3 la alcaldesa, Noelia Arroyo, quien asegur\u00f3 que \u00abhemos demostrado que nada es demasiado grande para celebrarlo en Cartagena y que tenemos capacidad y voluntad para gestionarlo\u00bb.<\/p>\n<p class=\"v-p\">La regidora celebr\u00f3 la consolidaci\u00f3n del Rock Imperium como uno de los festivales m\u00e1s importantes del g\u00e9nero en el sur de Europa, un evento con un impacto econ\u00f3mico de alrededor de 15 millones de euros que \u00abnos regala cada a\u00f1o una proyecci\u00f3n medi\u00e1tica nacional e internacional, nos llena hoteles no solo en Cartagena sino en toda la comarca y en el Mar Menor, y trae turistas de calidad que vienen a disfrutar de nuestra ciudad y encontrarse con nuestro patrimonio milenario\u00bb.<\/p>\n<p>Sabaton y Trivium tambi\u00e9n actuar\u00e1n en Cartagena<\/p>\n<p class=\"v-p\">Adem\u00e1s de anunciar la presencia de Iron Maiden como cabeza de cartel del s\u00e1bado 4 de julio, la organizaci\u00f3n del Rock Imperium anunci\u00f3 este martes otros nombres destacados que formar\u00e1n parte de la programaci\u00f3n. Sabaton ser\u00e1 el plato principal del domingo 5 de julio. La formaci\u00f3n sueca, una de las principales puntas de lanza del nuevo heavy metal europeo, regresar\u00e1 a la primera l\u00ednea para presentar su nuevo disco, &#8216;Legends&#8217;, despu\u00e9s de varios a\u00f1os sin actuar en Espa\u00f1a.<\/p>\n<p class=\"v-p\">El festival contar\u00e1 tambi\u00e9n con la presencia de Trivium, uno de los nombres clave del metalcore norteamericano, la banda italiana de metal g\u00f3tico Lacuna Coil, el hard rock mel\u00f3dico de H.E.A.T., una fecha exclusiva de Queensr\u00ffche y el retorno a los escenarios de The Gathering con Anneke Van Giersbergen, con motivo del 30 aniversario de &#8216;Mandylion&#8217;, su disco m\u00e1s aclamado y una de las piezas clave del metal m\u00e1s oscuro y experimental de los 90.<\/p>\n<p class=\"v-p\">El esfuerzo del Rock Imperium por fomentar la presencia de la escena japonesa continuar\u00e1, un a\u00f1o m\u00e1s, con el grupo femenino Hagane, mientras que el folk metal de Triskel sonar\u00e1 en representaci\u00f3n del talento local cartagenero. Crimson Glory y Dogma cierran esta primera remesa de anuncios, a los que se ir\u00e1n sumando nuevos nombres en los pr\u00f3ximos meses hasta completar un cartel que ser\u00e1, seg\u00fan prometi\u00f3 el director del festival, \u00abel m\u00e1s ambicioso hasta la fecha\u00bb.<\/p>\n<p class=\"v-p\">Los abonos para la quinta edici\u00f3n del Rock Imperium se pondr\u00e1n a la venta este mi\u00e9rcoles a las 12.00 horas a un precio de lanzamiento desde 195\u20ac m\u00e1s gastos de gesti\u00f3n. La venta se realizar\u00e1 en tres tramos, uno limitado a 2.000 entradas, un segundo de 8.000 entradas y un tercer y \u00faltimo tramo al precio final para el resto de abonos, hasta completar aforo. Dependiendo del ritmo de venta y en funci\u00f3n de la capacidad del recinto, la organizaci\u00f3n no asegura que en esta edici\u00f3n del evento vaya a haber disponibilidad de entradas de un solo d\u00eda.<\/p>\n<p>Comenta<\/p>\n<p>Reporta un error<\/p>\n","protected":false},"excerpt":{"rendered":"Martes, 23 de septiembre 2025, 11:06 | Actualizado 14:23h. La quinta edici\u00f3n del Rock Imperium de Cartagena har\u00e1&hellip;\n","protected":false},"author":2,"featured_media":133822,"comment_status":"","ping_status":"","sticky":false,"template":"","format":"standard","meta":{"footnotes":""},"categories":[91],"tags":[9807,4995,146,147,25,24,1236,42613,4667,42612,4668,1273,23],"class_list":{"0":"post-133821","1":"post","2":"type-post","3":"status-publish","4":"format-standard","5":"has-post-thumbnail","7":"category-entretenimiento","8":"tag-aniversario","9":"tag-cartagena","10":"tag-entertainment","11":"tag-entretenimiento","12":"tag-es","13":"tag-espana","14":"tag-gira","15":"tag-imperium","16":"tag-iron","17":"tag-liderara","18":"tag-maiden","19":"tag-rock","20":"tag-spain"},"share_on_mastodon":{"url":"","error":""},"_links":{"self":[{"href":"https:\/\/www.europesays.com\/es\/wp-json\/wp\/v2\/posts\/133821","targetHints":{"allow":["GET"]}}],"collection":[{"href":"https:\/\/www.europesays.com\/es\/wp-json\/wp\/v2\/posts"}],"about":[{"href":"https:\/\/www.europesays.com\/es\/wp-json\/wp\/v2\/types\/post"}],"author":[{"embeddable":true,"href":"https:\/\/www.europesays.com\/es\/wp-json\/wp\/v2\/users\/2"}],"replies":[{"embeddable":true,"href":"https:\/\/www.europesays.com\/es\/wp-json\/wp\/v2\/comments?post=133821"}],"version-history":[{"count":0,"href":"https:\/\/www.europesays.com\/es\/wp-json\/wp\/v2\/posts\/133821\/revisions"}],"wp:featuredmedia":[{"embeddable":true,"href":"https:\/\/www.europesays.com\/es\/wp-json\/wp\/v2\/media\/133822"}],"wp:attachment":[{"href":"https:\/\/www.europesays.com\/es\/wp-json\/wp\/v2\/media?parent=133821"}],"wp:term":[{"taxonomy":"category","embeddable":true,"href":"https:\/\/www.europesays.com\/es\/wp-json\/wp\/v2\/categories?post=133821"},{"taxonomy":"post_tag","embeddable":true,"href":"https:\/\/www.europesays.com\/es\/wp-json\/wp\/v2\/tags?post=133821"}],"curies":[{"name":"wp","href":"https:\/\/api.w.org\/{rel}","templated":true}]}}