{"id":133823,"date":"2025-09-23T12:27:13","date_gmt":"2025-09-23T12:27:13","guid":{"rendered":"https:\/\/www.europesays.com\/es\/133823\/"},"modified":"2025-09-23T12:27:13","modified_gmt":"2025-09-23T12:27:13","slug":"el-catedratico-xavier-luri-nuevo-director-del-instituto-de-estudios-espaciales-de-cataluna-actualidad","status":"publish","type":"post","link":"https:\/\/www.europesays.com\/es\/133823\/","title":{"rendered":"El catedr\u00e1tico Xavier Luri, nuevo director del Instituto de Estudios Espaciales de Catalu\u00f1a &#8211; Actualidad"},"content":{"rendered":"<p>            Doctor en F\u00edsica por la UB, Xavier Luri (Ribes de Freser, 1966) es catedr\u00e1tico del Departamento de F\u00edsica Cu\u00e1ntica y Astrof\u00edsica de esta universidad desde 2021. Se inici\u00f3 como docente a principios de los noventa, y ha construido una s\u00f3lida carrera como investigador en el Instituto de Ciencias del Cosmos de la UB (ICCUB), unidad de investigaci\u00f3n integrante del IEEC que ha dirigido de 2018 a 2025.<\/p>\n<p>Desde 2023, es miembro del Comit\u00e9 Europeo de Ciencias del Espacio, que proporciona asesoramiento cient\u00edfico independiente sobre ciencia espacial a entidades como la Comisi\u00f3n Europea o la Agencia Espacial Europea (ESA). De hecho, su actividad cient\u00edfica est\u00e1 muy relacionada con la ESA, ya que est\u00e1 centrada en la misi\u00f3n Gaia, un sat\u00e9lite astrom\u00e9trico construido por esta agencia que cuenta con la participaci\u00f3n del IEEC y que se ha dise\u00f1ado para elaborar el mapa tridimensional m\u00e1s grande y preciso de la V\u00eda L\u00e1ctea mediante la observaci\u00f3n de m\u00e1s de mil millones de estrellas.<br \/>\u200b\u200b\u200b\u200b\u200b\u200b\u200b<br \/>Luri fue uno de los proponentes de la misi\u00f3n Gaia para que la ESA la aprobara en 2001 y tambi\u00e9n ha sido miembro de su grupo asesor cient\u00edfico, Gaia Science Team (2001-2007). Desde 2014, tiene un papel muy relevante en la contribuci\u00f3n espa\u00f1ola a este proyecto: participa en investigaciones y desarrollos relacionados con la supercomputaci\u00f3n, el procesamiento de datos y el desarrollo de software, as\u00ed como con la calibraci\u00f3n de luminosidad, cinem\u00e1tica y din\u00e1mica de la galaxia.\n<\/p>\n<p>\u00a0<\/p>\n<p>Como director del ICCUB, Su visi\u00f3n, \u00edmpetu y capacidad de trabajo en equipo han sido fundamentales para hacer crecer este instituto y consolidarlo como un referente en el \u00e1mbito de la investigaci\u00f3n nacional e internacional.<\/p>\n<p>Asimismo, Luri posee una amplia experiencia en los \u00e1mbitos de la innovaci\u00f3n y la transferencia de conocimientos. Durante la fase de desarrollo de la misi\u00f3n Gaia, particip\u00f3 en contratos de desarrollo para la ESA que derivaron en la generaci\u00f3n de una patente para un sistema de compresi\u00f3n de datos y la creaci\u00f3n de la empresa derivada DAPCOM, de la que es fundador.<\/p>\n<p>Adem\u00e1s, Luri ha destacado por su gran capacidad de divulgaci\u00f3n cient\u00edfica, con la que ha contribuido activamente a acercar la ciencia espacial a la sociedad. A lo largo de su carrera, ha participado en numerosas actividades, como charlas, talleres y observaciones astron\u00f3micas, y ha liderado exitosos proyectos de divulgaci\u00f3n (es cofundador, por ejemplo, de la asociaci\u00f3n Big Van Ciencia).<br \/>\u200b\u200b\u200b\u200b\u200b\u200b\u200b<br \/>En esta nueva etapa como director del IEEC, Xavier Luri liderar\u00e1 la estrategia del instituto para continuar posicion\u00e1ndolo como una instituci\u00f3n de referencia en la investigaci\u00f3n cient\u00edfica y el desarrollo y la innovaci\u00f3n tecnol\u00f3gica, as\u00ed como en la promoci\u00f3n del sector espacial en Catalu\u00f1a, \u00e1mbito en el que el IEEC act\u00faa como uno de los centros imprescindibles en el despliegue de la Estrategia NewSpace de Catalu\u00f1a, impulsada por el Gobierno de la Generalitat de Catalu\u00f1a. \u2003<\/p>\n","protected":false},"excerpt":{"rendered":"Doctor en F\u00edsica por la UB, Xavier Luri (Ribes de Freser, 1966) es catedr\u00e1tico del Departamento de F\u00edsica&hellip;\n","protected":false},"author":2,"featured_media":133824,"comment_status":"","ping_status":"","sticky":false,"template":"","format":"standard","meta":{"footnotes":""},"categories":[81],"tags":[119,123,124,25,24,117,121,122,23,118,120],"class_list":{"0":"post-133823","1":"post","2":"type-post","3":"status-publish","4":"format-standard","5":"has-post-thumbnail","7":"category-ciencia-y-tecnologia","8":"tag-ciencia","9":"tag-ciencia-y-tecnologia","10":"tag-cienciaytecnologia","11":"tag-es","12":"tag-espana","13":"tag-science","14":"tag-science-and-technology","15":"tag-scienceandtechnology","16":"tag-spain","17":"tag-technology","18":"tag-tecnologia"},"share_on_mastodon":{"url":"","error":""},"_links":{"self":[{"href":"https:\/\/www.europesays.com\/es\/wp-json\/wp\/v2\/posts\/133823","targetHints":{"allow":["GET"]}}],"collection":[{"href":"https:\/\/www.europesays.com\/es\/wp-json\/wp\/v2\/posts"}],"about":[{"href":"https:\/\/www.europesays.com\/es\/wp-json\/wp\/v2\/types\/post"}],"author":[{"embeddable":true,"href":"https:\/\/www.europesays.com\/es\/wp-json\/wp\/v2\/users\/2"}],"replies":[{"embeddable":true,"href":"https:\/\/www.europesays.com\/es\/wp-json\/wp\/v2\/comments?post=133823"}],"version-history":[{"count":0,"href":"https:\/\/www.europesays.com\/es\/wp-json\/wp\/v2\/posts\/133823\/revisions"}],"wp:featuredmedia":[{"embeddable":true,"href":"https:\/\/www.europesays.com\/es\/wp-json\/wp\/v2\/media\/133824"}],"wp:attachment":[{"href":"https:\/\/www.europesays.com\/es\/wp-json\/wp\/v2\/media?parent=133823"}],"wp:term":[{"taxonomy":"category","embeddable":true,"href":"https:\/\/www.europesays.com\/es\/wp-json\/wp\/v2\/categories?post=133823"},{"taxonomy":"post_tag","embeddable":true,"href":"https:\/\/www.europesays.com\/es\/wp-json\/wp\/v2\/tags?post=133823"}],"curies":[{"name":"wp","href":"https:\/\/api.w.org\/{rel}","templated":true}]}}