{"id":133831,"date":"2025-09-23T12:32:09","date_gmt":"2025-09-23T12:32:09","guid":{"rendered":"https:\/\/www.europesays.com\/es\/133831\/"},"modified":"2025-09-23T12:32:09","modified_gmt":"2025-09-23T12:32:09","slug":"bm-san-juan-inicia-la-temporada-con-victoria-sobre-el-malkaitz-en-la-copa-juvenil-agrupacion-deportiva-san-juan","status":"publish","type":"post","link":"https:\/\/www.europesays.com\/es\/133831\/","title":{"rendered":"BM San Juan inicia la temporada con victoria sobre el Malkaitz en la Copa Juvenil &#8211; Agrupaci\u00f3n Deportiva San Juan"},"content":{"rendered":"<p><img loading=\"lazy\" decoding=\"async\" class=\"alignnone size-full wp-image-102008\" src=\"https:\/\/www.europesays.com\/es\/wp-content\/uploads\/2025\/09\/WhatsApp-Image-2025-09-21-at-20.26.12.jpeg\" alt=\"\" width=\"2000\" height=\"1128\"  \/><\/p>\n<p>BM San Juan afrontaba la segunda jornada de la Copa juvenil femenina y a las verdes les tocaba debutar contra el Malkaitz. Un partido con sabor a revancha, ya que fueron las de Burlada quienes las eliminaron en primera ronda de la Copa 24\/25. La cita estaba marcada para el pasado s\u00e1bado a las 8 de la tarde en el pol\u00eddeportivo de la Agrupaci\u00f3n, que congreg\u00f3 a una numerosa afici\u00f3n local y que a ritmo de bombo no dej\u00f3 de animar en todo el partido.<\/p>\n<p>El encuentro comenz\u00f3 muy igualado, con ambos equipos planteando defensas 5\/1 e intentando impedir la circulaci\u00f3n de bal\u00f3n en las primeras l\u00edneas. As\u00ed, fue San Juan quien se adapt\u00f3 mejor a esa defensa, abriendo pronto diferencias en el electr\u00f3nico, con un 4-1 a su favor en el minuto ocho de partido. Entonces se repuso Malkaitz, tras un mal comienzo,\u00a0 lo que le permiti\u00f3 apretar el marcador.<\/p>\n<p>Se ve\u00edan en pista dos ataques bien diferenciados, mientras que San Juan circulaba y circulaba hasta encontrar el hueco, las de Burlada continuamente buscaban a su pivote para culminar jugada. As\u00ed iba a seguir la primera parte, con las verdes siempre por delante pero sin poder lograr grandes diferencias, lleg\u00e1ndose al descanso con un 12-9 favorable a las de la Agrupaci\u00f3n.<\/p>\n<p>El comienzo de la segunda parte iba a ser determinante en el devenir del encuentro. San Juan segu\u00eda las instrucciones desde el banquillo, cerrando la defensa y evitando ese \u00faltimo pase a la pivote, lo que obligaba al rival a realizar lanzamientos m\u00e1s escorados, que se encontraban con una inspirad\u00edsima portera local. Esta amarg\u00f3 la tarde a las extremos rivales. Esa situaci\u00f3n supuso un parcial de 6-0 para la verdes y m\u00e1s de diez minutos sin anotar el Malkaitz, colocando un marcador de 18-10 en el minuto once de la segunda parte.<\/p>\n<p>Lo m\u00e1s dif\u00edcil estaba hecho, la ventaja era considerable como para jugar con m\u00e1s calma y, aunque vinieron unos minutos algo espesos en ataque, tampoco las azules daban con la tecla para superar la aguerrida defensa local, lleg\u00e1ndose al final del encuentro con el mencionado 25-17 favorable a las verdes.<\/p>\n<p>Ahora toca aparcar la copa hasta finales de abril y el pr\u00f3ximo fin de semana empieza la liga.<\/p>\n<p>\u00a1A\u00fapa San Juan!<\/p>\n<p><img loading=\"lazy\" decoding=\"async\" class=\"alignnone size-full wp-image-102010\" src=\"https:\/\/www.europesays.com\/es\/wp-content\/uploads\/2025\/09\/WhatsApp-Image-2025-09-21-at-20.25.36-1.jpeg\" alt=\"\" width=\"1599\" height=\"1189\"  \/> <img loading=\"lazy\" decoding=\"async\" class=\"alignnone size-full wp-image-102012\" src=\"https:\/\/www.europesays.com\/es\/wp-content\/uploads\/2025\/09\/WhatsApp-Image-2025-09-21-at-20.25.36.jpeg\" alt=\"\" width=\"1600\" height=\"902\"  \/><\/p>\n","protected":false},"excerpt":{"rendered":"BM San Juan afrontaba la segunda jornada de la Copa juvenil femenina y a las verdes les tocaba&hellip;\n","protected":false},"author":2,"featured_media":133832,"comment_status":"","ping_status":"","sticky":false,"template":"","format":"standard","meta":{"footnotes":""},"categories":[278],"tags":[376,168,25,24,375,23,167],"class_list":{"0":"post-133831","1":"post","2":"type-post","3":"status-publish","4":"format-standard","5":"has-post-thumbnail","7":"category-balonmano","8":"tag-balonmano","9":"tag-deportes","10":"tag-es","11":"tag-espana","12":"tag-handball","13":"tag-spain","14":"tag-sports"},"share_on_mastodon":{"url":"","error":""},"_links":{"self":[{"href":"https:\/\/www.europesays.com\/es\/wp-json\/wp\/v2\/posts\/133831","targetHints":{"allow":["GET"]}}],"collection":[{"href":"https:\/\/www.europesays.com\/es\/wp-json\/wp\/v2\/posts"}],"about":[{"href":"https:\/\/www.europesays.com\/es\/wp-json\/wp\/v2\/types\/post"}],"author":[{"embeddable":true,"href":"https:\/\/www.europesays.com\/es\/wp-json\/wp\/v2\/users\/2"}],"replies":[{"embeddable":true,"href":"https:\/\/www.europesays.com\/es\/wp-json\/wp\/v2\/comments?post=133831"}],"version-history":[{"count":0,"href":"https:\/\/www.europesays.com\/es\/wp-json\/wp\/v2\/posts\/133831\/revisions"}],"wp:featuredmedia":[{"embeddable":true,"href":"https:\/\/www.europesays.com\/es\/wp-json\/wp\/v2\/media\/133832"}],"wp:attachment":[{"href":"https:\/\/www.europesays.com\/es\/wp-json\/wp\/v2\/media?parent=133831"}],"wp:term":[{"taxonomy":"category","embeddable":true,"href":"https:\/\/www.europesays.com\/es\/wp-json\/wp\/v2\/categories?post=133831"},{"taxonomy":"post_tag","embeddable":true,"href":"https:\/\/www.europesays.com\/es\/wp-json\/wp\/v2\/tags?post=133831"}],"curies":[{"name":"wp","href":"https:\/\/api.w.org\/{rel}","templated":true}]}}