{"id":133837,"date":"2025-09-23T12:36:14","date_gmt":"2025-09-23T12:36:14","guid":{"rendered":"https:\/\/www.europesays.com\/es\/133837\/"},"modified":"2025-09-23T12:36:14","modified_gmt":"2025-09-23T12:36:14","slug":"federer-abre-un-melon-en-el-tenis-que-puede-afectar-a-carlos-alcaraz-y-sinner","status":"publish","type":"post","link":"https:\/\/www.europesays.com\/es\/133837\/","title":{"rendered":"Federer abre un &#8216;mel\u00f3n&#8217; en el tenis que puede afectar a Carlos Alcaraz y Sinner"},"content":{"rendered":"<p class=\"pf0\">En el p\u00f3dcast &#8216;Serve with Andy Roddick&#8217;, adem\u00e1s de plantear una <b><a title=\"duda en torno al futuro de Carlos Alcaraz y Jannik Sinner\" href=\"https:\/\/www.lasexta.com\/noticias\/deportes\/tenis\/roger-federer-duda-carlos-alcaraz-sinner_2025092368d2566c6b16e40392dac510.html\" target=\"_blank\" rel=\"nofollow noopener\">duda en torno al futuro de Carlos Alcaraz y Jannik Sinner<\/a><\/b>, <b>Roger Federer<\/b> ha abierto un curioso &#8216;mel\u00f3n&#8217; en el mundo del tenis. <\/p>\n<p class=\"pf0\">Y es que, tal y como vienen avisando distintas voces autorizadas en los \u00faltimos meses, las pistas cada vez son m\u00e1s lentas e iguales entre s\u00ed, lo que limita la capacidad de variar el juego. <\/p>\n<p class=\"pf0\">\u00abEntiendo a los directores de torneo que, siguiendo instrucciones,<b> intentan hacer las superficies m\u00e1s lentas.<\/b> Esto da ventaja a quienes necesitan conectar golpes ganadores extraordinarios para vencer a Sinner, mientras que si la pista es r\u00e1pida, pueden conectar un par de golpes en el momento justo y pueden ganar\u00bb, ha explicado.<\/p>\n<p class=\"pf0\">El de Basilea considera que se busca favorecer a los dos mejores jugadores del mundo ya que una final entre ellos vende m\u00e1s. <\/p>\n<p class=\"pf0\">\u00abLos directores de torneo piensan: &#8216;<b>Prefiero tener a <\/b><b>Sinner<\/b><b> y Alcaraz en la final<\/b>&#8216;. En cierto modo, funciona para el tenis\u00bb, ha se\u00f1alado.<\/p>\n<p class=\"pf0\">Federer explica que hace 10 a\u00f1os todo era distinto: \u00abEn mi \u00e9poca, solo 12 torneos importaban realmente, as\u00ed que cada uno jugaba en su superficie favorita, y a veces no se enfrentaban: <b>esos eran los mejores partidos, atacante contra contraataque<\/b>\u00ab. <\/p>\n<p class=\"pf0\">\u00abAhora, sin embargo, todos juegan de forma similar, y esto se debe a que los directores de torneo han permitido que la velocidad de las pelotas y<b> las pistas haga que cada semana sea pr\u00e1cticamente igual<\/b>\u00ab, ha a\u00f1adido.<\/p>\n<p class=\"pf0\">Eso por ello que pide a los torneos que vuelvan a variar sus catacter\u00edsticas: \u00abNos gustar\u00eda ver a Alcaraz o Sinner en las pistas superr\u00e1pidas y luego jugar el mismo partido en las pistas superlentas y <b>ver la diferencia<\/b>\u00ab.<\/p>\n","protected":false},"excerpt":{"rendered":"En el p\u00f3dcast &#8216;Serve with Andy Roddick&#8217;, adem\u00e1s de plantear una duda en torno al futuro de Carlos&hellip;\n","protected":false},"author":2,"featured_media":129929,"comment_status":"","ping_status":"","sticky":false,"template":"","format":"standard","meta":{"footnotes":""},"categories":[274],"tags":[168,25,24,23,167,327,326],"class_list":{"0":"post-133837","1":"post","2":"type-post","3":"status-publish","4":"format-standard","5":"has-post-thumbnail","7":"category-tenis","8":"tag-deportes","9":"tag-es","10":"tag-espana","11":"tag-spain","12":"tag-sports","13":"tag-tenis","14":"tag-tennis"},"share_on_mastodon":{"url":"","error":""},"_links":{"self":[{"href":"https:\/\/www.europesays.com\/es\/wp-json\/wp\/v2\/posts\/133837","targetHints":{"allow":["GET"]}}],"collection":[{"href":"https:\/\/www.europesays.com\/es\/wp-json\/wp\/v2\/posts"}],"about":[{"href":"https:\/\/www.europesays.com\/es\/wp-json\/wp\/v2\/types\/post"}],"author":[{"embeddable":true,"href":"https:\/\/www.europesays.com\/es\/wp-json\/wp\/v2\/users\/2"}],"replies":[{"embeddable":true,"href":"https:\/\/www.europesays.com\/es\/wp-json\/wp\/v2\/comments?post=133837"}],"version-history":[{"count":0,"href":"https:\/\/www.europesays.com\/es\/wp-json\/wp\/v2\/posts\/133837\/revisions"}],"wp:featuredmedia":[{"embeddable":true,"href":"https:\/\/www.europesays.com\/es\/wp-json\/wp\/v2\/media\/129929"}],"wp:attachment":[{"href":"https:\/\/www.europesays.com\/es\/wp-json\/wp\/v2\/media?parent=133837"}],"wp:term":[{"taxonomy":"category","embeddable":true,"href":"https:\/\/www.europesays.com\/es\/wp-json\/wp\/v2\/categories?post=133837"},{"taxonomy":"post_tag","embeddable":true,"href":"https:\/\/www.europesays.com\/es\/wp-json\/wp\/v2\/tags?post=133837"}],"curies":[{"name":"wp","href":"https:\/\/api.w.org\/{rel}","templated":true}]}}