{"id":133838,"date":"2025-09-23T12:37:10","date_gmt":"2025-09-23T12:37:10","guid":{"rendered":"https:\/\/www.europesays.com\/es\/133838\/"},"modified":"2025-09-23T12:37:10","modified_gmt":"2025-09-23T12:37:10","slug":"bombazo-ostiz-la-perla-navarra-da-la-primera-medalla-a-espana","status":"publish","type":"post","link":"https:\/\/www.europesays.com\/es\/133838\/","title":{"rendered":"\u00a1Bombazo Ostiz! La perla navarra da la primera medalla a Espa\u00f1a"},"content":{"rendered":"<p class=\"\">La <b>primera medalla de Espa\u00f1a<\/b> en los <a href=\"https:\/\/as.com\/ciclismo\/mas_ciclismo\/mundial-de-ciclismo-en-ruta-2025-recorrido-perfil-distancia-y-vueltas-del-circuito-n\/\" target=\"_self\" rel=\"nofollow noopener\" title=\"https:\/\/as.com\/ciclismo\/mas_ciclismo\/mundial-de-ciclismo-en-ruta-2025-recorrido-perfil-distancia-y-vueltas-del-circuito-n\/\">Mundiales de ciclismo<\/a> j\u00fanior de Ruanda lleg\u00f3 de la mano de<b> <\/b><a href=\"https:\/\/as.com\/noticias\/paula-ostiz-taco\/\" target=\"_self\" rel=\"nofollow noopener\" title=\"https:\/\/as.com\/noticias\/paula-ostiz-taco\/\"><b>Paula Ostiz<\/b><\/a>. La navarra, la gran promesa espa\u00f1ola, se colg\u00f3 la plata tras realizar una gran contrarreloj, quedando por detr\u00e1s tan solo de la holandesa Megan Arens, que hizo un gran final de carrera, con 35 segundos de ventaja de la crono de Ostiz, <b>que fue de 26:22. <\/b><\/p>\n<p class=\"\">La <b>crono de 18,3 kil\u00f3metros<\/b>, con la subida a Kimihurura como m\u00e1ximo peligro, complet\u00f3 el podio con la noruega Oda Aune Gissinger, que lleg\u00f3 dos segundos m\u00e1s tarde que la espa\u00f1ola. En cuarta y quinta posici\u00f3n, respectivamente, la holandesa Roos Muller, a 47 segundos, y la brit\u00e1nica Erin Boothman, a 48.<\/p>\n<p class=\"\">No pudo subir al podio <b>Alejandra Neira, la otra representante espa\u00f1ola, que qued\u00f3 en el puesto n\u00famero 17<\/b>, a casi dos minutos de la ganadora Arens. Fue su estreno en un Mundial. Espa\u00f1a ya cuenta con su primera medalla en Kigali, disfrutando el gran potencial de una Ostiz que viene pisando fuerte.<\/p>\n<p>Noticias relacionadas<a href=\"https:\/\/as.com\/ciclismo\/mas_ciclismo\/la-ambicion-de-ayuso-n\/\" class=\"s_m_w\" title=\"\u201cAspiramos a todo. Luego si sale o no... pero la ambici\u00f3n es muy grande\u201d, dice Juan, concentrado con Espa\u00f1a en Navacerrada de cara al Mundial.\" data-tb-link=\"\" rel=\"nofollow noopener\" target=\"_blank\"><img decoding=\"async\" src=\"https:\/\/www.europesays.com\/es\/wp-content\/uploads\/2025\/09\/1758631029_153_B5YBWB5ICNBG5PLQW6JMZNYG6I.jpeg\" alt=\"La ambici\u00f3n de Ayuso\" class=\"\" height=\"1\" width=\"1\"   loading=\"lazy\" data-tb-thumbnail=\"\"\/><\/a><a href=\"https:\/\/as.com\/ciclismo\/mas_ciclismo\/mundial-de-ciclismo-en-ruta-2025-recorrido-perfil-distancia-y-vueltas-del-circuito-n\/\" class=\"s_m_w\" title=\"El fin de semana del 27 y 28 de septiembre se celebrar\u00e1n las primeras pruebas de fondo de un Mundial en \u00c1frica (Ruanda). A continuaci\u00f3n, todos los detalles.\" data-tb-link=\"\" rel=\"nofollow noopener\" target=\"_blank\"><img decoding=\"async\" src=\"https:\/\/www.europesays.com\/es\/wp-content\/uploads\/2025\/09\/1758631030_260_ANLPJDCSISMSERCKQQH6UTDFHM.jpg\" alt=\"Mundial de ciclismo en ruta 2025: recorrido, perfil, distancia y vueltas del circuito\" class=\"\" height=\"1\" width=\"1\"   loading=\"lazy\" data-tb-thumbnail=\"\"\/><\/a><\/p>\n<p class=\"\"><b>\u00a1Tus opiniones importan!<\/b> Comenta en los art\u00edculos y suscr\u00edbete gratis a nuestra <a href=\"https:\/\/asfan.as.com\/newsletters\/\" target=\"_blank\" rel=\"nofollow noopener\" title=\"https:\/\/asfan.as.com\/newsletters\/\">newsletter<\/a> y a las alertas informativas en la <a href=\"https:\/\/as.com\/aplicacion-de-as-n\/\" target=\"_blank\" rel=\"nofollow noopener\" title=\"https:\/\/as.com\/aplicacion-de-as-n\/\">App<\/a> o el canal de <a href=\"https:\/\/www.whatsapp.com\/channel\/0029VaAasdA7j6g745nz9M10\" target=\"_blank\" rel=\"nofollow noopener\" title=\"https:\/\/www.whatsapp.com\/channel\/0029VaAasdA7j6g745nz9M10\">WhatsApp<\/a>. <\/p>\n<p class=\"\">\u00bfBuscas licenciar contenido? Haz clic <a href=\"https:\/\/profesional.elpais.com\/soluciones-sindicacion?utm_medium=interno&amp;utm_source=crosslinking&amp;utm_campaign=sindicacion_as_pie_articulos\" target=\"_blank\" rel=\"nofollow noopener\" title=\"https:\/\/profesional.elpais.com\/soluciones-sindicacion?utm_medium=interno&amp;utm_source=crosslinking&amp;utm_campaign=sindicacion_as_pie_articulos\">aqu\u00ed<\/a><\/p>\n","protected":false},"excerpt":{"rendered":"La primera medalla de Espa\u00f1a en los Mundiales de ciclismo j\u00fanior de Ruanda lleg\u00f3 de la mano de&hellip;\n","protected":false},"author":2,"featured_media":133839,"comment_status":"","ping_status":"","sticky":false,"template":"","format":"standard","meta":{"footnotes":""},"categories":[273],"tags":[313,312,168,25,24,23,167],"class_list":{"0":"post-133838","1":"post","2":"type-post","3":"status-publish","4":"format-standard","5":"has-post-thumbnail","7":"category-ciclismo","8":"tag-ciclismo","9":"tag-cycling","10":"tag-deportes","11":"tag-es","12":"tag-espana","13":"tag-spain","14":"tag-sports"},"share_on_mastodon":{"url":"","error":""},"_links":{"self":[{"href":"https:\/\/www.europesays.com\/es\/wp-json\/wp\/v2\/posts\/133838","targetHints":{"allow":["GET"]}}],"collection":[{"href":"https:\/\/www.europesays.com\/es\/wp-json\/wp\/v2\/posts"}],"about":[{"href":"https:\/\/www.europesays.com\/es\/wp-json\/wp\/v2\/types\/post"}],"author":[{"embeddable":true,"href":"https:\/\/www.europesays.com\/es\/wp-json\/wp\/v2\/users\/2"}],"replies":[{"embeddable":true,"href":"https:\/\/www.europesays.com\/es\/wp-json\/wp\/v2\/comments?post=133838"}],"version-history":[{"count":0,"href":"https:\/\/www.europesays.com\/es\/wp-json\/wp\/v2\/posts\/133838\/revisions"}],"wp:featuredmedia":[{"embeddable":true,"href":"https:\/\/www.europesays.com\/es\/wp-json\/wp\/v2\/media\/133839"}],"wp:attachment":[{"href":"https:\/\/www.europesays.com\/es\/wp-json\/wp\/v2\/media?parent=133838"}],"wp:term":[{"taxonomy":"category","embeddable":true,"href":"https:\/\/www.europesays.com\/es\/wp-json\/wp\/v2\/categories?post=133838"},{"taxonomy":"post_tag","embeddable":true,"href":"https:\/\/www.europesays.com\/es\/wp-json\/wp\/v2\/tags?post=133838"}],"curies":[{"name":"wp","href":"https:\/\/api.w.org\/{rel}","templated":true}]}}