{"id":133850,"date":"2025-09-23T12:43:13","date_gmt":"2025-09-23T12:43:13","guid":{"rendered":"https:\/\/www.europesays.com\/es\/133850\/"},"modified":"2025-09-23T12:43:13","modified_gmt":"2025-09-23T12:43:13","slug":"lucenza-reinicia-las-actividades-de-su-club-de-lectura-compartindo-libros","status":"publish","type":"post","link":"https:\/\/www.europesays.com\/es\/133850\/","title":{"rendered":"Lucenza reinicia las actividades de su club de lectura \u201cCompartindo Libros\u201d"},"content":{"rendered":"<p>Lucenza \u2013 Ateneo de Nigr\u00e1n reinicia las actividades de su club de lectura \u201cCompartindo Libros\u201d. El primer encuentro de este nuevo curso tendr\u00e1 lugar este mi\u00e9rcoles 24, a las 18:30 horas, en el auditorio de la Biblioteca de Nigr\u00e1n.<\/p>\n<p>En esta reuni\u00f3n \u201cCompartindo Libros\u201d quiere hacer un modesto homenaje al escritor Xo\u00e1n Bern\u00e1rdez Vilar, vinculado a Nigr\u00e1n y a la comarca y fallecido en el pasado mes de marzo. Se hablar\u00e1 del autor y de su obra y ser\u00e1 comentada su novela \u201cUn home de Vilame\u00e1n. Anatom\u00eda dunha revoluci\u00f3n\u201d, publicada por primera vez en 1976 y ambientada en tierras mi\u00f1oranas durante el tiempo de la Revoluci\u00f3n irmandi\u00f1a.<\/p>\n<p>La presentaci\u00f3n de la sesi\u00f3n y de la obra correr\u00e1 a cargo de Cami\u00f1o Noia y Xabier M\u00e9ndez y en la sesi\u00f3n estar\u00e1 presente su hija Sabela Bern\u00e1rdez.<\/p>\n<p>El club de lectura \u201cCompartindo Libros\u201d inicia con esta sesi\u00f3n su quinto a\u00f1o de actividades. Est\u00e1 dedicado a la lectura en gallego y sus reuniones son abiertas y gratuitas para todas aquellas personas que se quieran acercar y compartir el placer de la lectura.<\/p>\n","protected":false},"excerpt":{"rendered":"Lucenza \u2013 Ateneo de Nigr\u00e1n reinicia las actividades de su club de lectura \u201cCompartindo Libros\u201d. El primer encuentro&hellip;\n","protected":false},"author":2,"featured_media":133851,"comment_status":"","ping_status":"","sticky":false,"template":"","format":"standard","meta":{"footnotes":""},"categories":[172],"tags":[224,146,147,25,24,225,23],"class_list":{"0":"post-133850","1":"post","2":"type-post","3":"status-publish","4":"format-standard","5":"has-post-thumbnail","7":"category-libros","8":"tag-books","9":"tag-entertainment","10":"tag-entretenimiento","11":"tag-es","12":"tag-espana","13":"tag-libros","14":"tag-spain"},"share_on_mastodon":{"url":"","error":""},"_links":{"self":[{"href":"https:\/\/www.europesays.com\/es\/wp-json\/wp\/v2\/posts\/133850","targetHints":{"allow":["GET"]}}],"collection":[{"href":"https:\/\/www.europesays.com\/es\/wp-json\/wp\/v2\/posts"}],"about":[{"href":"https:\/\/www.europesays.com\/es\/wp-json\/wp\/v2\/types\/post"}],"author":[{"embeddable":true,"href":"https:\/\/www.europesays.com\/es\/wp-json\/wp\/v2\/users\/2"}],"replies":[{"embeddable":true,"href":"https:\/\/www.europesays.com\/es\/wp-json\/wp\/v2\/comments?post=133850"}],"version-history":[{"count":0,"href":"https:\/\/www.europesays.com\/es\/wp-json\/wp\/v2\/posts\/133850\/revisions"}],"wp:featuredmedia":[{"embeddable":true,"href":"https:\/\/www.europesays.com\/es\/wp-json\/wp\/v2\/media\/133851"}],"wp:attachment":[{"href":"https:\/\/www.europesays.com\/es\/wp-json\/wp\/v2\/media?parent=133850"}],"wp:term":[{"taxonomy":"category","embeddable":true,"href":"https:\/\/www.europesays.com\/es\/wp-json\/wp\/v2\/categories?post=133850"},{"taxonomy":"post_tag","embeddable":true,"href":"https:\/\/www.europesays.com\/es\/wp-json\/wp\/v2\/tags?post=133850"}],"curies":[{"name":"wp","href":"https:\/\/api.w.org\/{rel}","templated":true}]}}