{"id":133854,"date":"2025-09-23T12:45:11","date_gmt":"2025-09-23T12:45:11","guid":{"rendered":"https:\/\/www.europesays.com\/es\/133854\/"},"modified":"2025-09-23T12:45:11","modified_gmt":"2025-09-23T12:45:11","slug":"iron-maiden-marilyn-manson-y-mas-confirmados-para-el-resurrection-fest-2026","status":"publish","type":"post","link":"https:\/\/www.europesays.com\/es\/133854\/","title":{"rendered":"Iron Maiden, Marilyn Manson y m\u00e1s confirmados para el Resurrection Fest 2026"},"content":{"rendered":"<p>        <a href=\"  https:\/\/www.livenation.es\/event\/yungblud-madrid-tickets-edp1594525?utm_source=rockzonemag&amp;utm_medium=display&amp;utm_campaign=Yungblud\" target=\"_blank\"><img decoding=\"async\" src=\"https:\/\/www.europesays.com\/es\/wp-content\/uploads\/2025\/09\/Yungbllud-banner-1060x200UE.jpg\"\/><\/a><\/p>\n<p><strong><a href=\"https:\/\/www.rockzonemag.com\/?s=Iron+Maiden\" rel=\"nofollow noopener\" target=\"_blank\">Iron Maiden<\/a> y <a href=\"https:\/\/www.rockzonemag.com\/?s=Marilyn+Manson\" rel=\"nofollow noopener\" target=\"_blank\">Marilyn Manson<\/a> son los dos nombres de impacto que acaba de confirmar el <a href=\"https:\/\/www.rockzonemag.com\/tag\/resurrection-fest\/\" rel=\"nofollow noopener\" target=\"_blank\">Resurrection Fest<\/a> para su pr\u00f3xima edici\u00f3n. <\/strong>El festival gallego anunci\u00f3 ayer a Limp Bizkit como primer cabeza de cartel.<\/p>\n<p><a href=\"https:\/\/www.ticketmaster.es\/artist\/linkin-park-entradas\/10021?int_cmp_name=LINKIN-PARK&amp;int_cmp_id=ES-Home-501&amp;int_cmp_creative=Home-main-4.0&amp;tm_link=tm_ccp_Home_main_LINKIN-PARK\" target=\"_blank\" rel=\"nofollow noopener\"><img decoding=\"async\" src=\"https:\/\/www.europesays.com\/es\/wp-content\/uploads\/2025\/07\/Banner-Linkin-Park-2-Rock-Zone-1060x200-1.png\"\/><\/a><\/p>\n<p>Iron Maiden volver\u00e1n a Viveiro tras una d\u00e9cada de ausencia dentro de su gira \u2018Run For Your Lives\u2019, en la que repasan los temas m\u00e1s emblem\u00e1ticos desde su debut hasta Fear Of The Dark, los discos m\u00e1s queridos por sus fans. Un repertorio especial para celebrar por todo lo alto el 50 aniversario de la banda brit\u00e1nica.<strong><br \/><\/strong><\/p>\n<p>Adem\u00e1s de Marilyn Manson, tambi\u00e9n se ha anunciado la presencia de Trivium, Cavalera Conspiracy, quienes interpretar\u00e1n de forma exclusiva Chaos A.D. de Sepultura, los nu metaleros\u00a0P.O.D., as\u00ed como bandas tan interesantes como Blood Incantation o\u00a0Converge.<\/p>\n<p>Otros nombres confirmados son The Rasmus, Imminence, Thrown, Caliban, Feuerschwanz, Man With A Mission, Get The Shot, House Of Protection y\u00a0The Vintage Caravan.<\/p>\n<p>Los\u00a0nuevos abonos\u00a0se pondr\u00e1n a la venta este\u00a0viernes 26 de septiembre en <a href=\"https:\/\/www.resurrectionfest.es\/entradas\/\" rel=\"nofollow noopener\" target=\"_blank\">la web del festival<\/a>, y en las pr\u00f3ximas semanas llegar\u00e1n m\u00e1s confirmaciones.<\/p>\n<p><img fetchpriority=\"high\" decoding=\"async\" class=\"alignnone size-large wp-image-46520\" src=\"https:\/\/www.europesays.com\/es\/wp-content\/uploads\/2025\/09\/Resurrection-2026-cartel-septiembre-819x1024.jpg\" alt=\"\" width=\"640\" height=\"800\"  \/><\/p>\n","protected":false},"excerpt":{"rendered":"Iron Maiden y Marilyn Manson son los dos nombres de impacto que acaba de confirmar el Resurrection Fest&hellip;\n","protected":false},"author":2,"featured_media":133855,"comment_status":"","ping_status":"","sticky":false,"template":"","format":"standard","meta":{"footnotes":""},"categories":[170],"tags":[146,147,25,24,5270,477,12006,184,185,10,41822,23],"class_list":{"0":"post-133854","1":"post","2":"type-post","3":"status-publish","4":"format-standard","5":"has-post-thumbnail","7":"category-musica","8":"tag-entertainment","9":"tag-entretenimiento","10":"tag-es","11":"tag-espana","12":"tag-festivales","13":"tag-iron-maiden","14":"tag-marilyn-manson","15":"tag-music","16":"tag-musica","17":"tag-noticias","18":"tag-resurrection-fest","19":"tag-spain"},"share_on_mastodon":{"url":"","error":""},"_links":{"self":[{"href":"https:\/\/www.europesays.com\/es\/wp-json\/wp\/v2\/posts\/133854","targetHints":{"allow":["GET"]}}],"collection":[{"href":"https:\/\/www.europesays.com\/es\/wp-json\/wp\/v2\/posts"}],"about":[{"href":"https:\/\/www.europesays.com\/es\/wp-json\/wp\/v2\/types\/post"}],"author":[{"embeddable":true,"href":"https:\/\/www.europesays.com\/es\/wp-json\/wp\/v2\/users\/2"}],"replies":[{"embeddable":true,"href":"https:\/\/www.europesays.com\/es\/wp-json\/wp\/v2\/comments?post=133854"}],"version-history":[{"count":0,"href":"https:\/\/www.europesays.com\/es\/wp-json\/wp\/v2\/posts\/133854\/revisions"}],"wp:featuredmedia":[{"embeddable":true,"href":"https:\/\/www.europesays.com\/es\/wp-json\/wp\/v2\/media\/133855"}],"wp:attachment":[{"href":"https:\/\/www.europesays.com\/es\/wp-json\/wp\/v2\/media?parent=133854"}],"wp:term":[{"taxonomy":"category","embeddable":true,"href":"https:\/\/www.europesays.com\/es\/wp-json\/wp\/v2\/categories?post=133854"},{"taxonomy":"post_tag","embeddable":true,"href":"https:\/\/www.europesays.com\/es\/wp-json\/wp\/v2\/tags?post=133854"}],"curies":[{"name":"wp","href":"https:\/\/api.w.org\/{rel}","templated":true}]}}