{"id":133860,"date":"2025-09-23T12:48:07","date_gmt":"2025-09-23T12:48:07","guid":{"rendered":"https:\/\/www.europesays.com\/es\/133860\/"},"modified":"2025-09-23T12:48:07","modified_gmt":"2025-09-23T12:48:07","slug":"madrid-empieza-a-vacunar-a-los-adultos-frente-al-virus-que-causa-la-neumonia-mujer-y-madre-hoy","status":"publish","type":"post","link":"https:\/\/www.europesays.com\/es\/133860\/","title":{"rendered":"Madrid empieza a vacunar a los adultos frente al virus que causa la neumon\u00eda| Mujer y MADRE hoy"},"content":{"rendered":"<p>La Comunidad de Madrid ya ofrece la <strong><a href=\"https:\/\/www.mujerymadrehoy.com\/la-vacuna-la-mejor-forma-de-prevenir-la-bronquiolitis\/\" rel=\"nofollow noopener\" target=\"_blank\">vacuna del Virus Respiratorio Sinticia<\/a>l (VRS) para los mayores de 60 a\u00f1os<\/strong> que viven en residencias, as\u00ed como a los pacientes de alto riesgo.<\/p>\n<p>Esta campa\u00f1a de vacunaci\u00f3n forma parte de la <a href=\"https:\/\/www.mujerymadrehoy.com\/la-vacuna-del-vrs-para-adultos-en-madrid\/\" rel=\"nofollow noopener\" target=\"_blank\">ampliaci\u00f3n del vacuna del VRS a los mayores,<\/a> que en una primera fase se pondr\u00e1 en las personas que viven en una instituci\u00f3n y despu\u00e9s, se ir\u00e1 ampliando hasta alcanzar a unas 750.000 personas en la Comunidad de Madrid.<\/p>\n<p>La vacuna del VRS protege frente a la neumon\u00eda<\/p>\n<p>El <a href=\"https:\/\/www.mujerymadrehoy.com\/consejos-para-prevenir-el-vrs-causante-de-la-bronquiolitis\/\" rel=\"nofollow noopener\" target=\"_blank\">Virus Respiratorio Sinticial<\/a> es un virus muy contagioso (se transmite por la tos, los estornudos y el contacto y adem\u00e1s, puede sobrevivir varias horas en las superficies) y tambi\u00e9n muy peligroso, ya que es una de las principales causas de infecci\u00f3n de las v\u00edas respiratorias. Aunque a menudo los s\u00edntomas sn leves, en las personas m\u00e1s d\u00e9biles puede docasionar complicaciones graves como la bronquiolitis, la neumon\u00eda y la insuficiencia cardiaca.<\/p>\n<p>Las complicaciones aparecen sobre todo en los ni\u00f1os menores de cinco a\u00f1os, especialmente en los beb\u00e9s menores de 12 meses, y en los mayores de 60 a\u00f1os, esepcialmente si viven en residencias, donde el riesgo de contagio es mayor. De hecho, m\u00e1s del 40% e los ingresos hospitalarios por infecciones por VRS en\u00a0 la Comunidad de Madrid son de personas mayores.<\/p>\n<p>Y de la bronquiolitis en los beb\u00e9s<\/p>\n<p>Madrid es la primera comunidad aut\u00f3noma que ha empezado a vacunar a los mayores frente al VRS y tambi\u00e9n fue la p<a href=\"https:\/\/www.mujerymadrehoy.com\/madrid-vacunara-a-los-bebes-frente-al-virus-causante-de-la-bronquiolitis\/\" rel=\"nofollow noopener\" target=\"_blank\">rimera comunidad que empez\u00f3 a inmunizar frente al VRS a los beb\u00e9s<\/a> (hace dos a\u00f1os), para prevenir as\u00ed las bronquiolitis, que ocasionaban un importante n\u00famero de ingresos hospitalarios. Desde septiembre de 2023, los ingresos hospitalarios por bronquiolitis se han reducido en un 90%. Tienes m\u00e1s informaci\u00f3n en el post <a href=\"https:\/\/www.mujerymadrehoy.com\/que-es-la-bronquiolitis-y-sintomas-de-la-bronquiolitis\/\" rel=\"nofollow noopener\" target=\"_blank\">Bronquiolitis: qu\u00e9 es, s\u00edntomas y tratamientos.<\/a><\/p>\n<p>A nivel nacional, <strong>la inmunizaci\u00f3n frente al VRS <\/strong>se incluy\u00f3 por primera vez para los beb\u00e9s en el<a href=\"https:\/\/www.mujerymadrehoy.com\/calendario-vacunal-2024\/\" rel=\"nofollow noopener\" target=\"_blank\"> Calendario de inmunizaci\u00f3n de la Asociaci\u00f3n Espa\u00f1ola de Pediatr\u00eda para 2024, <\/a>de forma que todas las comunidades aut\u00f3nomas fueron incorporando la vacuna en sus calendarios el a\u00f1o pasado.<\/p>\n<p>Adem\u00e1s, Espa\u00f1a ha sido el primer pa\u00eds del mundo que ha incluido la vacuna del\u00a0 virus causante de la bronquiolitis y otras enfermedades respiratorias importantes.<\/p>\n<p>Campa\u00f1a de vacunaci\u00f3n frente a la bronquiolitis en Madrid de 2025<\/p>\n<p>La campa\u00f1a de vacunaci\u00f3n frente a la bronquiolitis de 2025 en Madrid empieza el 1 de octubre. El objetivo es inmunizar a 50.000 lactantes nacidos entre el 1 de abril y el 30 de septiembre de este a\u00f1o, mediante cita previa en estos nueve hospitales p\u00fablicos: 12 de Octubre,\u00a0 Ni\u00f1o Jes\u00fas, Gregorio Mara\u00f1\u00f3n, La Paz, Puerta de Hierro-Majadahonda,\u00a0 Sureste,\u00a0 M\u00f3stoles e Infanta Cristina de Parla.<\/p>\n<p>Como ya se ha hecho en las dos campa\u00f1as anteriores, los beb\u00e9s que nazcan entre el 1 de octubre y el 31 de marzo de 2026, que son los meses con mayor riesgo de transmisi\u00f3n del VRS, recibir\u00e1n la inmunizaci\u00f3n en el hospital en los primeros d\u00edas de vida, antes del alta hospitalaria<\/p>\n<p>TAMBI\u00c9N TE PUEDE INTERESAR<\/p>\n<p>\u00a0<\/p>\n","protected":false},"excerpt":{"rendered":"La Comunidad de Madrid ya ofrece la vacuna del Virus Respiratorio Sinticial (VRS) para los mayores de 60&hellip;\n","protected":false},"author":2,"featured_media":133861,"comment_status":"","ping_status":"","sticky":false,"template":"","format":"standard","meta":{"footnotes":""},"categories":[92],"tags":[42618,25,24,165,42619,166,23,42617,42616,1454],"class_list":{"0":"post-133860","1":"post","2":"type-post","3":"status-publish","4":"format-standard","5":"has-post-thumbnail","7":"category-salud","8":"tag-avances-salud","9":"tag-es","10":"tag-espana","11":"tag-health","12":"tag-prevenir-enfermedades","13":"tag-salud","14":"tag-spain","15":"tag-vacuna-del-virus-respiratorio-sinticial-vrs-para-los-mayores-de-60-anos","16":"tag-vacunar-a-los-adultos-frente-al-virus-que-causa-la-neumonia","17":"tag-vacunas"},"share_on_mastodon":{"url":"","error":""},"_links":{"self":[{"href":"https:\/\/www.europesays.com\/es\/wp-json\/wp\/v2\/posts\/133860","targetHints":{"allow":["GET"]}}],"collection":[{"href":"https:\/\/www.europesays.com\/es\/wp-json\/wp\/v2\/posts"}],"about":[{"href":"https:\/\/www.europesays.com\/es\/wp-json\/wp\/v2\/types\/post"}],"author":[{"embeddable":true,"href":"https:\/\/www.europesays.com\/es\/wp-json\/wp\/v2\/users\/2"}],"replies":[{"embeddable":true,"href":"https:\/\/www.europesays.com\/es\/wp-json\/wp\/v2\/comments?post=133860"}],"version-history":[{"count":0,"href":"https:\/\/www.europesays.com\/es\/wp-json\/wp\/v2\/posts\/133860\/revisions"}],"wp:featuredmedia":[{"embeddable":true,"href":"https:\/\/www.europesays.com\/es\/wp-json\/wp\/v2\/media\/133861"}],"wp:attachment":[{"href":"https:\/\/www.europesays.com\/es\/wp-json\/wp\/v2\/media?parent=133860"}],"wp:term":[{"taxonomy":"category","embeddable":true,"href":"https:\/\/www.europesays.com\/es\/wp-json\/wp\/v2\/categories?post=133860"},{"taxonomy":"post_tag","embeddable":true,"href":"https:\/\/www.europesays.com\/es\/wp-json\/wp\/v2\/tags?post=133860"}],"curies":[{"name":"wp","href":"https:\/\/api.w.org\/{rel}","templated":true}]}}