{"id":133866,"date":"2025-09-23T12:51:06","date_gmt":"2025-09-23T12:51:06","guid":{"rendered":"https:\/\/www.europesays.com\/es\/133866\/"},"modified":"2025-09-23T12:51:06","modified_gmt":"2025-09-23T12:51:06","slug":"navarra-quiere-liderar-la-produccion-integral-de-vehiculos-electricos-en-espana","status":"publish","type":"post","link":"https:\/\/www.europesays.com\/es\/133866\/","title":{"rendered":"Navarra quiere liderar la \u00abproducci\u00f3n integral de veh\u00edculos el\u00e9ctricos\u00bb en Espa\u00f1a"},"content":{"rendered":"<p>La presidenta del Ejecutivo foral encabeza una delegaci\u00f3n navarra desplazada a Se\u00fal y de la que tambi\u00e9n forman parte el consejero de Industria y de Transici\u00f3n Ecol\u00f3gica y Digital Empresarial, Mikel Irujo, y el director general de Fomento Empresarial e Infraestructuras, I\u00f1igo Arruti. El encuentro de este lunes con dirigentes de la empresa Mobis ha contado con la participaci\u00f3n del presidente de la compa\u00f1\u00eda, Gyu Suk Lee; el vicepresidente ejecutivo, Seon Seob Kim; los vicepresidentes senior Hyun Woo Lee y Young Bin Kim; el vicepresidente Ra Shin; y los representantes para Mobis Navarra, Sungbum Kang y Maribel Molina. Chivite ha destacado la din\u00e1mica de colaboraci\u00f3n establecida entre el <a href=\"https:\/\/www.navarra.es\/es\/-\/nota-prensa\/la-presidenta-chivite-visita-la-empresa-coreana-mobis-que-ejecuta-la-segunda-mayor-inversion-industrial-de-este-siglo-en-navarra\" target=\"_blank\" rel=\"nofollow noopener\"><strong>Gobierno de Navarra<\/strong> <\/a>y la empresa coreana para impulsar la llegada de la multinacional a la Comunidad Foral. \u201cLa implantaci\u00f3n de Mobis en Navarra -ha dicho- se puede considerar una historia de \u00e9xito. El equipo coreano y nuestro equipo gubernamental de Navarra han trabajado unidos con el \u00fanico objetivo de poner en marcha esta planta y de que empiece a producir lo antes posible\u201d.<\/p>\n<p>La presidenta navarra ha recordado en su intervenci\u00f3n que Volkswagen Navarra y el resto de empresas auxiliares que hist\u00f3ricamente han cubierto toda la cadena de valor para la fabricaci\u00f3n de veh\u00edculos est\u00e1n actualmente inmersos en un proceso de transformaci\u00f3n para adaptarse a la producci\u00f3n del veh\u00edculo el\u00e9ctrico, con importantes inversiones que en el caso de la compa\u00f1\u00eda alemana superan los 1.000 millones de euros. Estas transformaciones est\u00e1n enfocadas a que Navarra acoja la fabricaci\u00f3n de dos veh\u00edculos el\u00e9ctricos del segmento B.<\/p>\n<p><strong>Pieza clave: la bater\u00eda<\/strong><br \/>Seg\u00fan ha destacado la presidenta, la planta de ensamblaje de Mobis es una \u201cpieza fundamental para completar el ecosistema industrial del veh\u00edculo el\u00e9ctrico\u201d en Navarra y se sit\u00faa adem\u00e1s en un enclave estrat\u00e9gico, dentro del radio de influencia de los principales fabricantes del pa\u00eds.<\/p>\n<p>La planta -informa el Gobierno foral- es \u00abla segunda mayor inversi\u00f3n empresarial realizada en Navarra en lo que va de siglo, con 214 millones de euros, 12,7 de los cuales proceden del Perte (Proyecto Estrat\u00e9gico para la Recuperaci\u00f3n y Transformaci\u00f3n Econ\u00f3mica) del Veh\u00edculo El\u00e9ctrico y Conectado II\u00bb.<\/p>\n<p>La f\u00e1brica se dedicar\u00e1 al ensamblaje del sistema de bater\u00edas para el veh\u00edculo el\u00e9ctrico, y est\u00e1 previsto que llegue a producir hasta 360.000 sistemas de bater\u00edas al a\u00f1o, que se instalar\u00e1n en las plataformas de veh\u00edculos el\u00e9ctricos de \u00faltima generaci\u00f3n de Volkswagen Navarra.<\/p>\n<p>Mobis es el sexto proveedor mundial del sector de la automoci\u00f3n. Cuenta con 45 plantas de producci\u00f3n en el mundo y la de No\u00e1in ser\u00e1 su primera f\u00e1brica en Espa\u00f1a. Desde Navarra aspira a ser proveedor tanto de Volkswagen Navarra, como de otras empresas de ensamblaje de veh\u00edculos en el sur de Europa.<\/p>\n<p>Navarra -ha dicho en Corea la presidenta Chivite- es un \u00abpolo de atracci\u00f3n de inversiones\u00bb, con cuatro sectores destacados: automoci\u00f3n, salud (con la presencia de importantes farmac\u00e9uticas y hospitales de prestigio); agroalimentaci\u00f3n; e industria renovable, \u00abcon 30 a\u00f1os de liderazgo en la producci\u00f3n de aerogeneradores y electricidad verde\u00bb.<\/p>\n<p>Durante el primer d\u00eda de estancia en Se\u00fal, la delegaci\u00f3n navarra ha tenido la oportunidad de visitar el laboratorio de Electificaci\u00f3n de Mobis. La agenda incluye la visita a la central de Hyundai Motor Company, una reuni\u00f3n con empresariado coreano y un encuentro con el embajador de Espa\u00f1a en Corea, Julio Herraiz.<\/p>\n","protected":false},"excerpt":{"rendered":"La presidenta del Ejecutivo foral encabeza una delegaci\u00f3n navarra desplazada a Se\u00fal y de la que tambi\u00e9n forman&hellip;\n","protected":false},"author":2,"featured_media":133867,"comment_status":"","ping_status":"","sticky":false,"template":"","format":"standard","meta":{"footnotes":""},"categories":[80],"tags":[82,95,94,8109,5498,25,24,42620,23],"class_list":{"0":"post-133866","1":"post","2":"type-post","3":"status-publish","4":"format-standard","5":"has-post-thumbnail","7":"category-economia","8":"tag-business","9":"tag-economia","10":"tag-economy","11":"tag-el-periodismo-de-las-energias-limpias","12":"tag-energias-renovables","13":"tag-es","14":"tag-espana","15":"tag-navarra-quiere-liderar-la-produccion-integral-de-vehiculos-electricos-en-espana","16":"tag-spain"},"share_on_mastodon":{"url":"","error":""},"_links":{"self":[{"href":"https:\/\/www.europesays.com\/es\/wp-json\/wp\/v2\/posts\/133866","targetHints":{"allow":["GET"]}}],"collection":[{"href":"https:\/\/www.europesays.com\/es\/wp-json\/wp\/v2\/posts"}],"about":[{"href":"https:\/\/www.europesays.com\/es\/wp-json\/wp\/v2\/types\/post"}],"author":[{"embeddable":true,"href":"https:\/\/www.europesays.com\/es\/wp-json\/wp\/v2\/users\/2"}],"replies":[{"embeddable":true,"href":"https:\/\/www.europesays.com\/es\/wp-json\/wp\/v2\/comments?post=133866"}],"version-history":[{"count":0,"href":"https:\/\/www.europesays.com\/es\/wp-json\/wp\/v2\/posts\/133866\/revisions"}],"wp:featuredmedia":[{"embeddable":true,"href":"https:\/\/www.europesays.com\/es\/wp-json\/wp\/v2\/media\/133867"}],"wp:attachment":[{"href":"https:\/\/www.europesays.com\/es\/wp-json\/wp\/v2\/media?parent=133866"}],"wp:term":[{"taxonomy":"category","embeddable":true,"href":"https:\/\/www.europesays.com\/es\/wp-json\/wp\/v2\/categories?post=133866"},{"taxonomy":"post_tag","embeddable":true,"href":"https:\/\/www.europesays.com\/es\/wp-json\/wp\/v2\/tags?post=133866"}],"curies":[{"name":"wp","href":"https:\/\/api.w.org\/{rel}","templated":true}]}}