{"id":133868,"date":"2025-09-23T12:52:07","date_gmt":"2025-09-23T12:52:07","guid":{"rendered":"https:\/\/www.europesays.com\/es\/133868\/"},"modified":"2025-09-23T12:52:07","modified_gmt":"2025-09-23T12:52:07","slug":"la-otan-advierte-a-rusia-de-que-se-defendera-de-cualquier-amenaza","status":"publish","type":"post","link":"https:\/\/www.europesays.com\/es\/133868\/","title":{"rendered":"La OTAN advierte a Rusia de que se defender\u00e1 de cualquier amenaza"},"content":{"rendered":"<p>El <strong>Consejo del Atl\u00e1ntico Norte<\/strong>, el m\u00e1ximo \u00f3rgano de toma de decisiones de la OTAN, ha advertido a Rusia este martes de que <strong>se defender\u00e1 de cualquier amenaza <\/strong>tras la \u00abpeligrosa\u00bb <a href=\"https:\/\/www.rtve.es\/play\/videos\/telediario-fin-de-semana\/tres-mig-31-rusos-violan-espacio-aereo-estonia\/16737533\/\" rel=\"nofollow noopener\" target=\"_blank\">incursi\u00f3n de cazas rusos en Estonia<\/a> y de que seguir\u00e1 respondiendo en el momento y de manera oportuna. <\/p>\n<p>\u00abLa respuesta de la OTAN a las acciones imprudentes de Rusia seguir\u00e1 siendo contundente [&#8230;] \u00abRusia no debe tener ninguna duda: la OTAN y sus aliados emplear\u00e1n, de conformidad con el derecho internacional, <strong>todos los instrumentos militares y no militares <\/strong>necesarios para defendernos y disuadir cualquier amenaza procedente de cualquier direcci\u00f3n\u00bb, afirma un comunicado del Consejo emitido tras las consultas celebradas a petici\u00f3n de Estonia por la incursi\u00f3n el 19 de septiembre de tres aviones de combate rusos MiG-31 en su espacio a\u00e9reo. <\/p>\n<p>El Consejo ha sostenido que su compromiso con el Art\u00edculo 5 \u2014art\u00edculo fundacional de la Alianza, sobre la defensa colectiva en caso de que uno de ellos sea atacado\u2014 es \u00abinquebrantable\u00bb y asegura que los aliados seguir\u00e1n \u00abrespondiendo de la manera, en el momento y en el \u00e1mbito\u00bb que elijan. La nota afirma que no se dejar\u00e1n \u00abdisuadir\u00bb por \u00abactos irresponsables\u00bb de Mosc\u00fa de sus \u00abcompromisos permanentes\u00bb de apoyar a Ucrania \u00aben el ejercicio de su derecho inherente a la leg\u00edtima defensa\u00bb.<\/p>\n<p>Estonia hab\u00eda apelado al art\u00edculo 4 del Tratado de Washington, que se refiere a la solicitud de consultas cuando un aliado se sienta amenazado. La entrada de los cazas rusos en su territorio se produjo apenas una semana despu\u00e9s de que se detectaran m\u00e1s de 20 <a href=\"https:\/\/www.rtve.es\/noticias\/20250910\/polonia-nivel-maximo-alerta-tras-entrada-drones-rusos-espacio-aereo\/16723161.shtml\" rel=\"nofollow noopener\" target=\"_blank\">drones rusos en el espacio a\u00e9reo polaco<\/a>. <\/p>\n<p>Un patr\u00f3n de comportamiento \u00abcada vez m\u00e1s irresponsable\u00bb<\/p>\n<p>La incursi\u00f3n rusa en el espacio a\u00e9reo estonio, aseguran, \u00abforma parte de un <strong>patr\u00f3n m\u00e1s amplio de comportamiento cada vez m\u00e1s irresponsable\u00bb <\/strong>por parte de Mosc\u00fa. \u00abRusia es plenamente responsable de estas acciones, que suponen una escalada, entra\u00f1an el riesgo de un error de c\u00e1lculo y ponen en peligro vidas humanas\u00bb, subraya el comunicado, en el que piden a las autoridades rusas detener ese comportamiento.<\/p>\n<p>El comunicado asegura que fue el comandante supremo aliado en Europa (SACEUR), el general estadounidense Alexus Grynkewich, quien inform\u00f3 al Consejo sobre el incidente, en el que tres cazas rusos MiG-31 armados violaron el espacio a\u00e9reo estonio \u00abdurante m\u00e1s de diez minutos\u00bb. A continuaci\u00f3n, la respuesta de la OTAN fue \u00abr\u00e1pida y decisiva\u00bb. <\/p>\n<p>\u00abSe enviaron aviones aliados para interceptarlos y escoltarlos fuera del espacio a\u00e9reo estonio\u00bb, ha afirmado el Consejo, que ha recordado que es la segunda vez en dos semanas que el este \u00f3rgano se re\u00fane en virtud del art\u00edculo 4. El 10 de septiembre, ya celebr\u00f3 consultas en respuesta a la \u00abviolaci\u00f3n a gran escala\u00bb del espacio a\u00e9reo polaco por parte de drones rusos.<\/p>\n<p>Adem\u00e1s, han expresado su \u00abplena solidaridad\u00bb con otros aliados, entre ellos Finlandia, Letonia, Lituania, Noruega y Ruman\u00eda, que \u00abtambi\u00e9n han sufrido recientemente violaciones de su espacio a\u00e9reo por parte de Rusia\u00bb. <\/p>\n<p>Rutte dice que la incursi\u00f3n no supuso \u00abuna amenaza inmediata\u00bb<\/p>\n<p>El secretario general de la OTAN, <strong>Mark Rutte<\/strong>, ha asegurado que la incursi\u00f3n de tres cazas rusos en el espacio a\u00e9reo estonio no fue a m\u00e1s al <strong>no suponer una \u00abamenaza inmediata\u00bb<\/strong>, pero ha advertido a Rusia de que la Alianza defender\u00e1 \u00abcada cent\u00edmetro de su territorio\u00bb. <\/p>\n<p>\u00abLas fuerzas de la OTAN interceptaron y escoltaron r\u00e1pidamente las aeronaves sin que se produjera una escalada, ya que no se consider\u00f3 que existiera una amenaza inmediata\u00bb, ha asegurado Rutte en una rueda de prensa tras una reuni\u00f3n solicitada por Estonia. \u00abSiempre evaluaremos el peligro, ya sea una amenaza directa para nuestra defensa general, nuestra postura y (&#8230;) <strong>siempre actuaremos en consecuencia<\/strong>, pero en este caso no se evalu\u00f3 ninguna amenaza inmediata\u00bb, ha dicho.<\/p>\n<p>Ahora bien, el secretario general ha dicho que los recientes ataques de Rusia, incluidas las incursiones en el espacio a\u00e9reo polaco, rumano y estonio, fueron intencionadas o \u00abuna incompetencia flagrante\u00bb.<\/p>\n","protected":false},"excerpt":{"rendered":"El Consejo del Atl\u00e1ntico Norte, el m\u00e1ximo \u00f3rgano de toma de decisiones de la OTAN, ha advertido a&hellip;\n","protected":false},"author":2,"featured_media":133869,"comment_status":"","ping_status":"","sticky":false,"template":"","format":"standard","meta":{"footnotes":""},"categories":[42],"tags":[17,18,13,14,11,61,62,63,64,19,20,9,10,15,16,12,21,22,65,66,67],"class_list":{"0":"post-133868","1":"post","2":"type-post","3":"status-publish","4":"format-standard","5":"has-post-thumbnail","7":"category-internacional","8":"tag-breaking-news","9":"tag-breakingnews","10":"tag-featured-news","11":"tag-featurednews","12":"tag-headlines","13":"tag-internacional","14":"tag-international","15":"tag-international-news","16":"tag-internationalnews","17":"tag-latest-news","18":"tag-latestnews","19":"tag-news","20":"tag-noticias","21":"tag-noticias-destacadas","22":"tag-noticiasdestacadas","23":"tag-titulares","24":"tag-ultimas-noticias","25":"tag-ultimasnoticias","26":"tag-world","27":"tag-world-news","28":"tag-worldnews"},"share_on_mastodon":{"url":"","error":""},"_links":{"self":[{"href":"https:\/\/www.europesays.com\/es\/wp-json\/wp\/v2\/posts\/133868","targetHints":{"allow":["GET"]}}],"collection":[{"href":"https:\/\/www.europesays.com\/es\/wp-json\/wp\/v2\/posts"}],"about":[{"href":"https:\/\/www.europesays.com\/es\/wp-json\/wp\/v2\/types\/post"}],"author":[{"embeddable":true,"href":"https:\/\/www.europesays.com\/es\/wp-json\/wp\/v2\/users\/2"}],"replies":[{"embeddable":true,"href":"https:\/\/www.europesays.com\/es\/wp-json\/wp\/v2\/comments?post=133868"}],"version-history":[{"count":0,"href":"https:\/\/www.europesays.com\/es\/wp-json\/wp\/v2\/posts\/133868\/revisions"}],"wp:featuredmedia":[{"embeddable":true,"href":"https:\/\/www.europesays.com\/es\/wp-json\/wp\/v2\/media\/133869"}],"wp:attachment":[{"href":"https:\/\/www.europesays.com\/es\/wp-json\/wp\/v2\/media?parent=133868"}],"wp:term":[{"taxonomy":"category","embeddable":true,"href":"https:\/\/www.europesays.com\/es\/wp-json\/wp\/v2\/categories?post=133868"},{"taxonomy":"post_tag","embeddable":true,"href":"https:\/\/www.europesays.com\/es\/wp-json\/wp\/v2\/tags?post=133868"}],"curies":[{"name":"wp","href":"https:\/\/api.w.org\/{rel}","templated":true}]}}