{"id":133870,"date":"2025-09-23T12:53:05","date_gmt":"2025-09-23T12:53:05","guid":{"rendered":"https:\/\/www.europesays.com\/es\/133870\/"},"modified":"2025-09-23T12:53:05","modified_gmt":"2025-09-23T12:53:05","slug":"la-jueza-investiga-a-seis-personas-por-apalear-un-muneco-de-sanchez-en-2023","status":"publish","type":"post","link":"https:\/\/www.europesays.com\/es\/133870\/","title":{"rendered":"La jueza investiga a seis personas por apalear un mu\u00f1eco de S\u00e1nchez en 2023"},"content":{"rendered":"<p>El <strong>Juzgado de Instrucci\u00f3n n\u00famero 26 de Madrid<\/strong> ha acordado abrir una investigaci\u00f3n contra seis personas por<strong> apalear un mu\u00f1eco del presidente del Gobierno, Pedro S\u00e1nchez,<\/strong> frente a la sede de los socialistas en la calle Ferraz en la pasada Nochevieja del a\u00f1o 2023. <\/p>\n<p>Seg\u00fan el auto al que ha tenido acceso RTVE Noticias, la magistrada considera que los hechos p<strong>odr\u00edan constituir un presunto delito de amenazas <\/strong>contra le jefe del Ejecutivo y cita a los investigados el pr\u00f3ximo 9 de octubre para darles traslado del procedimiento con el fin de que puedan designar un abogado. <\/p>\n<p>La Audiencia Provincial orden\u00f3 al juzgado madrile\u00f1o reabrir la causa<\/p>\n<p>La jueza <strong>Concepci\u00f3n Jerez Garc\u00eda<\/strong> se hizo cargo de esta denuncia a finales de enero de 2024, apenas un mes despu\u00e9s del suceso, por el apaleamiento a un mu\u00f1eco que representaba al presidente del Gobierno durante una protesta organizada en las inmediaciones de la<strong> sede del PSOE en la madrile\u00f1a calle Ferraz<\/strong>. <\/p>\n<p>A los pocos d\u00edas, la magistrada rechaz\u00f3 que hubiera delito<strong> y acord\u00f3 archivar la investigaci\u00f3n de los hechos<\/strong> asegurando que \u00abla falta de educaci\u00f3n no es delito\u00bb. Sin embargo, la decisi\u00f3n de la magistrada fue recurrida por la Fiscal\u00eda, el jefe del Ejecutivo y el PSOE, y la Audiencia Provincial de Madrid <strong>orden\u00f3 al juzgado madrile\u00f1o reabrir la causa en julio de 2025 <\/strong>tras estimar la petici\u00f3n.<\/p>\n<p>La investigaci\u00f3n se inici\u00f3 tras un atestado policial que<strong> denunciaba acciones como amenazas, insultos y actos simb\u00f3licos de violencia como la \u00abahorcadura\u00bb y \u00abapaleamiento\u00bb<\/strong> de la figura acompa\u00f1ados de proclamas como: \u201c1, 2, 3, colgadlo de los pies\u201d, \u201cpsic\u00f3pata\u201d, \u201chay que quemar Ferraz\u201d o \u201cS\u00e1nchez a prisi\u00f3n\u201d. <\/p>\n<p>Contra la resoluci\u00f3n de la instructora cabe ahora interponer un recurso de reforma en el plazo de tres d\u00edas, seg\u00fan aclara el documento remitido por el juzgado madrile\u00f1o.<\/p>\n","protected":false},"excerpt":{"rendered":"El Juzgado de Instrucci\u00f3n n\u00famero 26 de Madrid ha acordado abrir una investigaci\u00f3n contra seis personas por apalear&hellip;\n","protected":false},"author":2,"featured_media":133871,"comment_status":"","ping_status":"","sticky":false,"template":"","format":"standard","meta":{"footnotes":""},"categories":[8],"tags":[17,18,25,24,13,14,11,19,20,9,10,15,16,23,12,21,22],"class_list":{"0":"post-133870","1":"post","2":"type-post","3":"status-publish","4":"format-standard","5":"has-post-thumbnail","7":"category-espana","8":"tag-breaking-news","9":"tag-breakingnews","10":"tag-es","11":"tag-espana","12":"tag-featured-news","13":"tag-featurednews","14":"tag-headlines","15":"tag-latest-news","16":"tag-latestnews","17":"tag-news","18":"tag-noticias","19":"tag-noticias-destacadas","20":"tag-noticiasdestacadas","21":"tag-spain","22":"tag-titulares","23":"tag-ultimas-noticias","24":"tag-ultimasnoticias"},"share_on_mastodon":{"url":"","error":""},"_links":{"self":[{"href":"https:\/\/www.europesays.com\/es\/wp-json\/wp\/v2\/posts\/133870","targetHints":{"allow":["GET"]}}],"collection":[{"href":"https:\/\/www.europesays.com\/es\/wp-json\/wp\/v2\/posts"}],"about":[{"href":"https:\/\/www.europesays.com\/es\/wp-json\/wp\/v2\/types\/post"}],"author":[{"embeddable":true,"href":"https:\/\/www.europesays.com\/es\/wp-json\/wp\/v2\/users\/2"}],"replies":[{"embeddable":true,"href":"https:\/\/www.europesays.com\/es\/wp-json\/wp\/v2\/comments?post=133870"}],"version-history":[{"count":0,"href":"https:\/\/www.europesays.com\/es\/wp-json\/wp\/v2\/posts\/133870\/revisions"}],"wp:featuredmedia":[{"embeddable":true,"href":"https:\/\/www.europesays.com\/es\/wp-json\/wp\/v2\/media\/133871"}],"wp:attachment":[{"href":"https:\/\/www.europesays.com\/es\/wp-json\/wp\/v2\/media?parent=133870"}],"wp:term":[{"taxonomy":"category","embeddable":true,"href":"https:\/\/www.europesays.com\/es\/wp-json\/wp\/v2\/categories?post=133870"},{"taxonomy":"post_tag","embeddable":true,"href":"https:\/\/www.europesays.com\/es\/wp-json\/wp\/v2\/tags?post=133870"}],"curies":[{"name":"wp","href":"https:\/\/api.w.org\/{rel}","templated":true}]}}