{"id":133878,"date":"2025-09-23T12:57:08","date_gmt":"2025-09-23T12:57:08","guid":{"rendered":"https:\/\/www.europesays.com\/es\/133878\/"},"modified":"2025-09-23T12:57:08","modified_gmt":"2025-09-23T12:57:08","slug":"a-tres-semanas-del-evento-los-posibles-rivales-de-charles-oliveira","status":"publish","type":"post","link":"https:\/\/www.europesays.com\/es\/133878\/","title":{"rendered":"a tres semanas del evento, los posibles rivales de Charles Oliveira"},"content":{"rendered":"<p>El regreso de <a href=\"https:\/\/www.instagram.com\/charlesdobronxs\/?hl=es\" rel=\"nofollow noopener\" class=\"link-amp\" target=\"_blank\"><strong>Charles Oliveira<\/strong><\/a> al oct\u00e1gono se ha convertido en una pesadilla. Cuatro meses despu\u00e9s del brutal nocaut que sufri\u00f3 ante Ilia Topuria, el brasile\u00f1o estaba programado para encabezar el <strong><a href=\"https:\/\/www.diariohuarpe.com\/tags\/ufc\" rel=\"nofollow noopener\" class=\"link-amp\" target=\"_blank\">UFC<\/a> R\u00edo<\/strong> el 11 de octubre frente a su gente, pero la lesi\u00f3n de su rival, <strong>Rafael Fiziev<\/strong>, lo dej\u00f3 sin contrincante. A menos de tres semanas del evento, \u00abDo Bronx\u00bb no encuentra sustituto, lo que ha provocado un evidente enojo en el peleador, quien se queja de que nadie del top-15 de la divisi\u00f3n de peso ligero quiere enfrentarlo.<\/p>\n<p>\u201cVi a uno diciendo esto, a otro diciendo aquello\u2026 Pero, cuando la UFC llama, \u00bfqu\u00e9 dicen? \u2018Ay, no puedo. Me duele la barriga. Me romp\u00ed un dedo. Me lastim\u00e9 la mano\u2019\u201d, se lament\u00f3 Oliveira en una entrevista con MMA Fighting. La frustraci\u00f3n del brasile\u00f1o se dirige, en gran parte, a Benoit Saint Denis, quien recientemente hab\u00eda declarado que quer\u00eda grandes desaf\u00edos. Sin embargo, su representante, Guillaume Peltier, rechaz\u00f3 la oferta de la <strong>UFC<\/strong> para pelear contra Oliveira, argumentando que \u201crespetamos a Oliveira demasiado como para aceptar un combate contra \u00e9l de esta manera. Este tipo de pelea requiere preparaci\u00f3n\u201d.<\/p>\n<p>Ante la negativa de los principales contendientes, el \u00fanico que ha mostrado un inter\u00e9s genuino y est\u00e1 dispuesto a dar un paso al frente es <strong>Mateusz Gamrot<\/strong>. El polaco, posicionado en el octavo lugar del ranking, se ha mostrado confiado y listo para el desaf\u00edo. \u00abRespeto a Charles, pero yo le dije a la UFC que quiero enfrentarme a ti en tu propia casa. Ser\u00e1 una verdadera masterclass en el suelo, y estoy preparado para demostrarlo\u201d, declar\u00f3 Gamrot, un experto en grappling que viene de una reciente victoria contra Ludovit Klein.<\/p>\n<p>Charles Oliveira busca rival para el UFC R\u00edo<\/p>\n<p>La situaci\u00f3n es complicada para la <strong>UFC<\/strong>, que se enfrenta a la dif\u00edcil tarea de encontrarle un oponente de peso a Oliveira para el evento estelar en su pa\u00eds natal. La reticencia de los principales peleadores de la divisi\u00f3n a aceptar el combate ha dejado al promotor Dana White en una posici\u00f3n delicada. De momento, no hay un anuncio oficial sobre el rival de Oliveira, pero la insinuaci\u00f3n de Gamrot en redes sociales sobre su regreso a los entrenamientos en Estados Unidos ha alimentado las esperanzas de los fan\u00e1ticos.<\/p>\n<p>La incertidumbre sobre el combate principal del <strong>UFC R\u00edo<\/strong> mantiene en vilo a los seguidores, quienes esperan que la compa\u00f1\u00eda logre resolver el problema y le d\u00e9 a <strong>Charles Oliveira<\/strong> un rival digno para su regreso. El tiempo se agota y la presi\u00f3n aumenta para encontrar a un peleador dispuesto a asumir el desaf\u00edo de enfrentar a uno de los m\u00e1s grandes de la divisi\u00f3n de peso ligero. En estas horas, quien se ofreci\u00f3 a pelear con el brasile\u00f1o fue el espa\u00f1ol <strong>Joel \u00c1lvarez<\/strong>. \u00bfLe cumplir\u00e1n el deseo?<\/p>\n<p><script async src=\"\/\/www.instagram.com\/embed.js\"><\/script><\/p>\n","protected":false},"excerpt":{"rendered":"El regreso de Charles Oliveira al oct\u00e1gono se ha convertido en una pesadilla. Cuatro meses despu\u00e9s del brutal&hellip;\n","protected":false},"author":2,"featured_media":133879,"comment_status":"","ping_status":"","sticky":false,"template":"","format":"standard","meta":{"footnotes":""},"categories":[276],"tags":[168,25,24,23,167,343],"class_list":{"0":"post-133878","1":"post","2":"type-post","3":"status-publish","4":"format-standard","5":"has-post-thumbnail","7":"category-ufc","8":"tag-deportes","9":"tag-es","10":"tag-espana","11":"tag-spain","12":"tag-sports","13":"tag-ufc"},"share_on_mastodon":{"url":"","error":""},"_links":{"self":[{"href":"https:\/\/www.europesays.com\/es\/wp-json\/wp\/v2\/posts\/133878","targetHints":{"allow":["GET"]}}],"collection":[{"href":"https:\/\/www.europesays.com\/es\/wp-json\/wp\/v2\/posts"}],"about":[{"href":"https:\/\/www.europesays.com\/es\/wp-json\/wp\/v2\/types\/post"}],"author":[{"embeddable":true,"href":"https:\/\/www.europesays.com\/es\/wp-json\/wp\/v2\/users\/2"}],"replies":[{"embeddable":true,"href":"https:\/\/www.europesays.com\/es\/wp-json\/wp\/v2\/comments?post=133878"}],"version-history":[{"count":0,"href":"https:\/\/www.europesays.com\/es\/wp-json\/wp\/v2\/posts\/133878\/revisions"}],"wp:featuredmedia":[{"embeddable":true,"href":"https:\/\/www.europesays.com\/es\/wp-json\/wp\/v2\/media\/133879"}],"wp:attachment":[{"href":"https:\/\/www.europesays.com\/es\/wp-json\/wp\/v2\/media?parent=133878"}],"wp:term":[{"taxonomy":"category","embeddable":true,"href":"https:\/\/www.europesays.com\/es\/wp-json\/wp\/v2\/categories?post=133878"},{"taxonomy":"post_tag","embeddable":true,"href":"https:\/\/www.europesays.com\/es\/wp-json\/wp\/v2\/tags?post=133878"}],"curies":[{"name":"wp","href":"https:\/\/api.w.org\/{rel}","templated":true}]}}