{"id":133882,"date":"2025-09-23T13:00:23","date_gmt":"2025-09-23T13:00:23","guid":{"rendered":"https:\/\/www.europesays.com\/es\/133882\/"},"modified":"2025-09-23T13:00:23","modified_gmt":"2025-09-23T13:00:23","slug":"el-club-ciclista-san-miguel-suspende-la-i-btt-villa-de-cuellar-memorial-raul-suarez","status":"publish","type":"post","link":"https:\/\/www.europesays.com\/es\/133882\/","title":{"rendered":"El Club Ciclista San Miguel suspende la I BTT Villa de Cu\u00e9llar &#8216;Memorial Ra\u00fal Su\u00e1rez&#8217;"},"content":{"rendered":"<p style=\"text-align: justify;\">El <strong>Club Ciclista San Miguel<\/strong> ha emitido un comunicado informando de la<strong> suspensi\u00f3n de la primera edici\u00f3n de la Marcha BTT Villa de Cu\u00e9llar \u2018Memorial Ra\u00fal Su\u00e1rez\u2019.<\/strong><\/p>\n<p style=\"text-align: justify;\">Desde el club <strong>anuncian la decisi\u00f3n se\u00f1alando los \u201cimpedimentos burocr\u00e1ticos\u201d con los que se han encontrado<\/strong> desde que iniciaron las tareas administrativas que requiere este evento al discurrir por dos provincias. As\u00ed, ante la imposibilidad de llegar a tiempo con toda la documentaci\u00f3n requerida han decidido suspender el desarrollo de la prueba.<\/p>\n<p style=\"text-align: justify;\">Desde el club <strong>se disculpan con la familia de Ra\u00fal Su\u00e1rez<\/strong> <strong>a quien aseguran que rendir\u00e1n un merecido homenaje en otro momento.<\/strong> Tambi\u00e9n piden disculpas a los deportistas que se est\u00e1n preparando para la prueba con ilusi\u00f3n. \u201c<strong>Estamos trabajando en organizar una jornada inolvidable<\/strong> que sea del agrado de todos vosotros\u201d, concluyen indicando que informar\u00e1n sobre su desarrollo.<\/p>\n","protected":false},"excerpt":{"rendered":"El Club Ciclista San Miguel ha emitido un comunicado informando de la suspensi\u00f3n de la primera edici\u00f3n de&hellip;\n","protected":false},"author":2,"featured_media":133883,"comment_status":"","ping_status":"","sticky":false,"template":"","format":"standard","meta":{"footnotes":""},"categories":[273],"tags":[313,312,634,168,25,24,23,167],"class_list":{"0":"post-133882","1":"post","2":"type-post","3":"status-publish","4":"format-standard","5":"has-post-thumbnail","7":"category-ciclismo","8":"tag-ciclismo","9":"tag-cycling","10":"tag-deporte","11":"tag-deportes","12":"tag-es","13":"tag-espana","14":"tag-spain","15":"tag-sports"},"share_on_mastodon":{"url":"","error":""},"_links":{"self":[{"href":"https:\/\/www.europesays.com\/es\/wp-json\/wp\/v2\/posts\/133882","targetHints":{"allow":["GET"]}}],"collection":[{"href":"https:\/\/www.europesays.com\/es\/wp-json\/wp\/v2\/posts"}],"about":[{"href":"https:\/\/www.europesays.com\/es\/wp-json\/wp\/v2\/types\/post"}],"author":[{"embeddable":true,"href":"https:\/\/www.europesays.com\/es\/wp-json\/wp\/v2\/users\/2"}],"replies":[{"embeddable":true,"href":"https:\/\/www.europesays.com\/es\/wp-json\/wp\/v2\/comments?post=133882"}],"version-history":[{"count":0,"href":"https:\/\/www.europesays.com\/es\/wp-json\/wp\/v2\/posts\/133882\/revisions"}],"wp:featuredmedia":[{"embeddable":true,"href":"https:\/\/www.europesays.com\/es\/wp-json\/wp\/v2\/media\/133883"}],"wp:attachment":[{"href":"https:\/\/www.europesays.com\/es\/wp-json\/wp\/v2\/media?parent=133882"}],"wp:term":[{"taxonomy":"category","embeddable":true,"href":"https:\/\/www.europesays.com\/es\/wp-json\/wp\/v2\/categories?post=133882"},{"taxonomy":"post_tag","embeddable":true,"href":"https:\/\/www.europesays.com\/es\/wp-json\/wp\/v2\/tags?post=133882"}],"curies":[{"name":"wp","href":"https:\/\/api.w.org\/{rel}","templated":true}]}}