{"id":133888,"date":"2025-09-23T13:03:15","date_gmt":"2025-09-23T13:03:15","guid":{"rendered":"https:\/\/www.europesays.com\/es\/133888\/"},"modified":"2025-09-23T13:03:15","modified_gmt":"2025-09-23T13:03:15","slug":"si-me-quedara-en-casa-ganaria-mas-que-en-el-benfica","status":"publish","type":"post","link":"https:\/\/www.europesays.com\/es\/133888\/","title":{"rendered":"Si me quedara en casa ganar\u00eda m\u00e1s que en el Benfica"},"content":{"rendered":"<p class=\"ft-text\"><strong>Jos\u00e9 Mourinho<\/strong> inici\u00f3 de la mejor manera posible su andadura al frente del Benfica, con un c\u00f3modo triunfo ante el AFS (0-3). Un inicio sin tiempo para descansar, puesto que los lisboetas recuperan este martes su partido aplazado de la primera jornada, en la que la Federaci\u00f3n portuguesa le dio descanso para afrontar su eliminatoria previa a la Champions, precisamente contra el Fenerbah\u00e7e que entrenaba el propio Mourinho.<\/p>\n<p class=\"ft-text\">El portugu\u00e9s ha empezado bien en el campo y con su iron\u00eda habitul en la sala de prensa, donde afirm\u00f3 este lunes que ganar\u00eda m\u00e1s si se quedara en casa que trabajando para el Benfica, pero que acept\u00f3 entrenar al equipo lisboeta para ponerse a prueba porque le gusta<strong> \u00abcorrer riesgos\u00bb.<\/strong><\/p>\n<p class=\"ft-text\">\u00abSi me quedara en casa hasta junio ganar\u00eda m\u00e1s que trabajando en el Benfica (&#8230;) <strong>Ni siquiera se puede decir que estoy aqu\u00ed gratis, estoy aqu\u00ed en negativo<\/strong>\u00ab, asegur\u00f3 Mourinho en la rueda de prensa previa al partido del martes del Benfica contra el <strong>Rio Ave de la Liga de Portugal.<\/strong><\/p>\n<p class=\"ft-text\">Sin embargo, acept\u00f3 la oferta del club lisboeta porque le gusta \u00abmucho trabajar\u00bb y echaba de menos jugar por el t\u00edtulo, algo que record\u00f3 que no pudo hacer en sus etapas en el Roma y el Fenerbah\u00e7e turco.<\/p>\n<p class=\"ft-text\">\u00abEsta es una oportunidad estupenda para m\u00ed como entrenador y como persona -destac\u00f3 Mourinho-. Estar en casa no es para m\u00ed. Ponerme a prueba, correr riesgos, estar sujeto a ganar, perder, esas son cosas que me alimentan\u00bb.<\/p>\n<p class=\"ft-text\"><strong>Mourinho <\/strong>tom\u00f3 las riendas del Benfica la semana pasada en sustituci\u00f3n de<strong> Bruno Lage<\/strong>, quien fue despedido tras perder ante el Qarabag azerbaiyano por 2-3 en la Liga de Campeones.<\/p>\n","protected":false},"excerpt":{"rendered":"Jos\u00e9 Mourinho inici\u00f3 de la mejor manera posible su andadura al frente del Benfica, con un c\u00f3modo triunfo&hellip;\n","protected":false},"author":2,"featured_media":133889,"comment_status":"","ping_status":"","sticky":false,"template":"","format":"standard","meta":{"footnotes":""},"categories":[268],"tags":[5391,385,168,25,24,280,282,41745,15442,20232,281,23,167],"class_list":{"0":"post-133888","1":"post","2":"type-post","3":"status-publish","4":"format-standard","5":"has-post-thumbnail","7":"category-futbol","8":"tag-benfica","9":"tag-casa","10":"tag-deportes","11":"tag-es","12":"tag-espana","13":"tag-football","14":"tag-futbol","15":"tag-ganaria","16":"tag-mourinho","17":"tag-quedara","18":"tag-soccer","19":"tag-spain","20":"tag-sports"},"share_on_mastodon":{"url":"","error":""},"_links":{"self":[{"href":"https:\/\/www.europesays.com\/es\/wp-json\/wp\/v2\/posts\/133888","targetHints":{"allow":["GET"]}}],"collection":[{"href":"https:\/\/www.europesays.com\/es\/wp-json\/wp\/v2\/posts"}],"about":[{"href":"https:\/\/www.europesays.com\/es\/wp-json\/wp\/v2\/types\/post"}],"author":[{"embeddable":true,"href":"https:\/\/www.europesays.com\/es\/wp-json\/wp\/v2\/users\/2"}],"replies":[{"embeddable":true,"href":"https:\/\/www.europesays.com\/es\/wp-json\/wp\/v2\/comments?post=133888"}],"version-history":[{"count":0,"href":"https:\/\/www.europesays.com\/es\/wp-json\/wp\/v2\/posts\/133888\/revisions"}],"wp:featuredmedia":[{"embeddable":true,"href":"https:\/\/www.europesays.com\/es\/wp-json\/wp\/v2\/media\/133889"}],"wp:attachment":[{"href":"https:\/\/www.europesays.com\/es\/wp-json\/wp\/v2\/media?parent=133888"}],"wp:term":[{"taxonomy":"category","embeddable":true,"href":"https:\/\/www.europesays.com\/es\/wp-json\/wp\/v2\/categories?post=133888"},{"taxonomy":"post_tag","embeddable":true,"href":"https:\/\/www.europesays.com\/es\/wp-json\/wp\/v2\/tags?post=133888"}],"curies":[{"name":"wp","href":"https:\/\/api.w.org\/{rel}","templated":true}]}}