{"id":133890,"date":"2025-09-23T13:04:12","date_gmt":"2025-09-23T13:04:12","guid":{"rendered":"https:\/\/www.europesays.com\/es\/133890\/"},"modified":"2025-09-23T13:04:12","modified_gmt":"2025-09-23T13:04:12","slug":"estrena-trabajo-y-cambia-de-casa","status":"publish","type":"post","link":"https:\/\/www.europesays.com\/es\/133890\/","title":{"rendered":"estrena trabajo y cambia de casa"},"content":{"rendered":"<p id=\"eWILtWp7s_\" data-wc=\"69\"><strong>Telma Ortiz<\/strong> ha vuelto a aparecer en un acto p\u00fablico en el que <a class=\"hm-link ho-link\" href=\"https:\/\/www.hola.com\/moda\/20250923857359\/telma-ortiz-traje-blanco-reina-letizia-look-entretiempo\/\" data-mrf-recirculation=\"article-body-link\" rel=\"nofollow noopener\" target=\"_blank\">se ha convertido en el centro de todas las miradas.<\/a> Siempre discreta, ha participado en el festival Centroam\u00e9rica Cuenta, en la que ha sido una presencia inesperada que se debe a su nueva vida: ha cambiado de casa y ha estrenado trabajo, relacionado con la filantrop\u00eda, un tema que la apasiona y que le hace feliz.\u00a0<\/p>\n<p> <img src=\"https:\/\/www.europesays.com\/es\/wp-content\/uploads\/2025\/09\/862bf0e2ffef-dlu591742007.jpg\"   width=\"682\" height=\"1024\" loading=\"lazy\" decoding=\"async\" alt=\"Media Image\" fetchpriority=\"auto\" class=\"image ho-image\"\/>\u00a9 GTRES<\/p>\n<p id=\"esSAza1C2XJ\" data-wc=\"47\">Hasta ahora, <a class=\"hm-link ho-link\" href=\"https:\/\/www.hola.com\/actualidad\/20250520833137\/telma-ortiz-hermana-reina-letizia-reaparece-felipe-gonzalez-aznar\/\" data-mrf-recirculation=\"article-body-link\" rel=\"nofollow noopener\" target=\"_blank\">Telma Ortiz era directora de globalizaci\u00f3n y relaciones multilaterales de CEAPI,<\/a> el Consejo Empresarial Alianza por Iberoam\u00e9rica, al que se incorpor\u00f3 en 2024.<strong>\u00a0La presidenta de esta entidad es su amiga Nuria Vilanova,<\/strong> quien tambi\u00e9n es fundadora y presidenta de la agencia de comunicaci\u00f3n Atrevia.\u00a0<\/p>\n<p> <img src=\"https:\/\/www.europesays.com\/es\/wp-content\/uploads\/2025\/09\/6d8698a3f7f3-dlu591742018.jpg\"   width=\"682\" height=\"1024\" loading=\"lazy\" decoding=\"async\" alt=\"Media Image\" fetchpriority=\"auto\" class=\"image ho-image\"\/>\u00a9 GTRES<\/p>\n<p id=\"et_jGOE3lcR\" data-wc=\"71\">Aunque la cu\u00f1ada de Felipe VI sigue ligada a CEAPI, su nueva etapa profesional la ha llevado a seguir involucrada con Iberoam\u00e9rica, pero de otra manera. E<strong>s asesora senior de la Gerencia de Movilizaci\u00f3n de Recursos y Alianzas Globales de CAF,\u00a0<\/strong>Banco de Desarrollo de Am\u00e9rica Latina y El Caribe y que est\u00e1 comprometido con apoyar a los pa\u00edses de esta zona y mejorar la calidad de vida en la regi\u00f3n.\u00a0<\/p>\n<p> <img src=\"https:\/\/www.europesays.com\/es\/wp-content\/uploads\/2025\/09\/4a2044edf7f2-dlu591742006.jpg\"   width=\"682\" height=\"1024\" loading=\"lazy\" decoding=\"async\" alt=\"Media Image\" fetchpriority=\"auto\" class=\"image ho-image\"\/>\u00a9 GTRES<\/p>\n<p id=\"eonK1aqoVZx\" data-wc=\"96\">El altruismo, sobre todo en el \u00e1mbito internacional, siempre ha sido el leitmotiv laboral de Telma Ortiz. Antes de recalar en CEAPI y ahora en CAF, en abril de 2022 fue fichada por Concordia como oficial del alcance en la oficina ejecutiva. Sus funciones entonces fueron expandir la red de la entidad de esta organizaci\u00f3n sin \u00e1nimo de lucro dedicada a fomentar, elevar y mantener activamente las asociaciones intersectoriales para el impacto social. <a class=\"hm-link ho-link\" href=\"https:\/\/www.hola.com\/realeza\/20220922217670\/telma-ortiz-rania-de-jordania-nueva-york\/\" data-mrf-recirculation=\"article-body-link\" rel=\"nofollow noopener\" target=\"_blank\">En septiembre de ese a\u00f1o coincidi\u00f3 con la reina Rania de Jordania, gran amiga de do\u00f1a Letizia, en una cumbre en Nueva York.<\/a><\/p>\n<p> <img src=\"https:\/\/www.europesays.com\/es\/wp-content\/uploads\/2025\/09\/3fa47e16c325-dlu591742004.jpg\"   width=\"682\" height=\"1024\" loading=\"lazy\" decoding=\"async\" alt=\"Media Image\" fetchpriority=\"auto\" class=\"image ho-image\"\/>\u00a9 GTRES<\/p>\n<p id=\"ekLKWCkIRFX\" data-wc=\"93\">No ha sido el \u00fanico cambio en la nueva vida de Telma Ortiz. Despu\u00e9s de residir durante un tiempo en Barcelona, se traslad\u00f3 a Madrid<a class=\"hm-link ho-link\" href=\"https:\/\/www.hola.com\/actualidad\/20210821194849\/telma-ortiz-segunda-hija\/\" data-mrf-recirculation=\"article-body-link\" rel=\"nofollow noopener\" target=\"_blank\">\u00a0para poder estar junto a su pareja, el abogado irland\u00e9s Robert Gavin Bonnar,<\/a> con el que en agosto de 2021 tuvo a su segunda hija. Ahora se han mudado a una nueva vivienda que se encuentra muy cerca de la anterior. Han decidido quedarse en el mismo barrio, ya que no quer\u00eda cambiar a los hijos en edad escolar de colegio, algo que era muy importante para ella.\u00a0<\/p>\n","protected":false},"excerpt":{"rendered":"Telma Ortiz ha vuelto a aparecer en un acto p\u00fablico en el que se ha convertido en el&hellip;\n","protected":false},"author":2,"featured_media":133891,"comment_status":"","ping_status":"","sticky":false,"template":"","format":"standard","meta":{"footnotes":""},"categories":[174],"tags":[255,146,147,25,24,256,1027,1029,23,42488],"class_list":{"0":"post-133890","1":"post","2":"type-post","3":"status-publish","4":"format-standard","5":"has-post-thumbnail","7":"category-famosos","8":"tag-celebrities","9":"tag-entertainment","10":"tag-entretenimiento","11":"tag-es","12":"tag-espana","13":"tag-famosos","14":"tag-realeza","15":"tag-realeza-espanola","16":"tag-spain","17":"tag-telma-ortiz"},"share_on_mastodon":{"url":"","error":""},"_links":{"self":[{"href":"https:\/\/www.europesays.com\/es\/wp-json\/wp\/v2\/posts\/133890","targetHints":{"allow":["GET"]}}],"collection":[{"href":"https:\/\/www.europesays.com\/es\/wp-json\/wp\/v2\/posts"}],"about":[{"href":"https:\/\/www.europesays.com\/es\/wp-json\/wp\/v2\/types\/post"}],"author":[{"embeddable":true,"href":"https:\/\/www.europesays.com\/es\/wp-json\/wp\/v2\/users\/2"}],"replies":[{"embeddable":true,"href":"https:\/\/www.europesays.com\/es\/wp-json\/wp\/v2\/comments?post=133890"}],"version-history":[{"count":0,"href":"https:\/\/www.europesays.com\/es\/wp-json\/wp\/v2\/posts\/133890\/revisions"}],"wp:featuredmedia":[{"embeddable":true,"href":"https:\/\/www.europesays.com\/es\/wp-json\/wp\/v2\/media\/133891"}],"wp:attachment":[{"href":"https:\/\/www.europesays.com\/es\/wp-json\/wp\/v2\/media?parent=133890"}],"wp:term":[{"taxonomy":"category","embeddable":true,"href":"https:\/\/www.europesays.com\/es\/wp-json\/wp\/v2\/categories?post=133890"},{"taxonomy":"post_tag","embeddable":true,"href":"https:\/\/www.europesays.com\/es\/wp-json\/wp\/v2\/tags?post=133890"}],"curies":[{"name":"wp","href":"https:\/\/api.w.org\/{rel}","templated":true}]}}