{"id":133893,"date":"2025-09-23T13:07:18","date_gmt":"2025-09-23T13:07:18","guid":{"rendered":"https:\/\/www.europesays.com\/es\/133893\/"},"modified":"2025-09-23T13:07:18","modified_gmt":"2025-09-23T13:07:18","slug":"un-cuento-de-la-viguesa-laura-torres-combina-lo-cotidiano-con-la-solidaridad-global","status":"publish","type":"post","link":"https:\/\/www.europesays.com\/es\/133893\/","title":{"rendered":"Un cuento de la viguesa Laura Torres combina lo cotidiano con la solidaridad global"},"content":{"rendered":"<p>La escritora viguesa Laura Torres debuta en el mundo del libro ilustrado con \u201cBeland, mi lugar en el mundo\u201d, una obra publicada por la editorial Brau que es mucho m\u00e1s que un cuento infantil. Acompa\u00f1ada por las ilustraciones de Raquel Aparicio, Torres da vida a una nueva palabra, \u201cbeland\u201d, un t\u00e9rmino que significa \u201cel lugar que te hace sentir en casa, protegido, en paz\u201d. El libro, que se enmarca en un movimiento solidario de alcance internacional, utiliza una experiencia tan com\u00fan como una mudanza para conectar con la dura realidad de los ni\u00f1os en situaciones de conflicto.<\/p>\n<p><strong>Una historia sencilla con un mensaje poderoso<\/strong><\/p>\n<p>La historia se cuenta a trav\u00e9s de los ojos de Daniel, un ni\u00f1o que se enfrenta al miedo de una mudanza. Su abuela, para consolarle, le ense\u00f1a la palabra \u201cbeland\u201d, explic\u00e1ndole que su hogar no es solo un lugar f\u00edsico, sino un sentimiento. Con esta premisa, la autora conecta la experiencia cotidiana de Daniel con una realidad global mucho m\u00e1s cruda: la de los millones de ni\u00f1os y ni\u00f1as que se ven obligados a dejar atr\u00e1s su hogar a causa de la guerra, la violencia o la injusticia.<\/p>\n<p><img loading=\"lazy\" decoding=\"async\" width=\"360\" height=\"320\" src=\"https:\/\/www.europesays.com\/es\/wp-content\/uploads\/2025\/09\/20250923-Beland-mi-lugar-en-el-mundo.jpg\" alt=\"\" class=\"wp-image-622598\"  \/><\/p>\n<p>El libro es el pilar fundamental del movimiento #Beland, una iniciativa de la Fundaci\u00f3n Alba Torres Carrera. Su nombre rinde homenaje a la hija que los fundadores, Paula Carrera y Xurxo Torres, perdieron en 2002. La fundaci\u00f3n se dedica a ayudar a ni\u00f1os y j\u00f3venes en situaciones de conflicto y riesgo de exclusi\u00f3n social. El movimiento #Beland, en colaboraci\u00f3n con Save the Children, est\u00e1 recaudando fondos para apoyar a los menores afectados por estas situaciones. La palabra, un h\u00edbrido entre \u00abser\u00bb (be) y \u00abtierra\u00bb (land), reivindica el derecho de todas las personas a sentirse seguras, y es, como explica la propia autora, un s\u00edmbolo de esperanza y compromiso.<\/p>\n<p><strong>Una causa que busca su lugar en el diccionario<\/strong><\/p>\n<p>La ambici\u00f3n del proyecto va m\u00e1s all\u00e1 de la publicaci\u00f3n del libro. El movimiento #Beland busca que la palabra sea elegida como Palabra del A\u00f1o 2026 por Oxford University Press. \u201cLas palabras pesan y son transformadoras: defender beland como Palabra del A\u00f1o es enviar un mensaje al mundo de esperanza, solidaridad y poder colectivo\u201d, se\u00f1ala Laura Torres.<\/p>\n<p>Con este cuento, la autora, graduada en Humanidades y con experiencia en el mundo editorial, y la ilustradora Raquel Aparicio, cuyas obras han aparecido en prestigiosos medios como The New York Times, combinan su talento para una causa que busca generar conciencia y acci\u00f3n. El libro \u201cBeland, mi lugar en el mundo\u201d se presenta como una obra necesaria y conmovedora que, a trav\u00e9s de la inocencia de un cuento, nos invita a reflexionar sobre la importancia de la pertenencia y el derecho a tener un lugar en el que sentirse seguro.<\/p>\n","protected":false},"excerpt":{"rendered":"La escritora viguesa Laura Torres debuta en el mundo del libro ilustrado con \u201cBeland, mi lugar en el&hellip;\n","protected":false},"author":2,"featured_media":133894,"comment_status":"","ping_status":"","sticky":false,"template":"","format":"standard","meta":{"footnotes":""},"categories":[172],"tags":[224,146,147,25,24,225,23],"class_list":{"0":"post-133893","1":"post","2":"type-post","3":"status-publish","4":"format-standard","5":"has-post-thumbnail","7":"category-libros","8":"tag-books","9":"tag-entertainment","10":"tag-entretenimiento","11":"tag-es","12":"tag-espana","13":"tag-libros","14":"tag-spain"},"share_on_mastodon":{"url":"","error":""},"_links":{"self":[{"href":"https:\/\/www.europesays.com\/es\/wp-json\/wp\/v2\/posts\/133893","targetHints":{"allow":["GET"]}}],"collection":[{"href":"https:\/\/www.europesays.com\/es\/wp-json\/wp\/v2\/posts"}],"about":[{"href":"https:\/\/www.europesays.com\/es\/wp-json\/wp\/v2\/types\/post"}],"author":[{"embeddable":true,"href":"https:\/\/www.europesays.com\/es\/wp-json\/wp\/v2\/users\/2"}],"replies":[{"embeddable":true,"href":"https:\/\/www.europesays.com\/es\/wp-json\/wp\/v2\/comments?post=133893"}],"version-history":[{"count":0,"href":"https:\/\/www.europesays.com\/es\/wp-json\/wp\/v2\/posts\/133893\/revisions"}],"wp:featuredmedia":[{"embeddable":true,"href":"https:\/\/www.europesays.com\/es\/wp-json\/wp\/v2\/media\/133894"}],"wp:attachment":[{"href":"https:\/\/www.europesays.com\/es\/wp-json\/wp\/v2\/media?parent=133893"}],"wp:term":[{"taxonomy":"category","embeddable":true,"href":"https:\/\/www.europesays.com\/es\/wp-json\/wp\/v2\/categories?post=133893"},{"taxonomy":"post_tag","embeddable":true,"href":"https:\/\/www.europesays.com\/es\/wp-json\/wp\/v2\/tags?post=133893"}],"curies":[{"name":"wp","href":"https:\/\/api.w.org\/{rel}","templated":true}]}}