{"id":133895,"date":"2025-09-23T13:08:08","date_gmt":"2025-09-23T13:08:08","guid":{"rendered":"https:\/\/www.europesays.com\/es\/133895\/"},"modified":"2025-09-23T13:08:08","modified_gmt":"2025-09-23T13:08:08","slug":"este-chat-sobre-la-primera-gala-de-ot-arrasa-por-su-inesperada-mencion-a-david-bisbal","status":"publish","type":"post","link":"https:\/\/www.europesays.com\/es\/133895\/","title":{"rendered":"Este chat sobre la primera gala de OT arrasa por su inesperada menci\u00f3n a David Bisbal"},"content":{"rendered":"<p>Las galas de Operaci\u00f3n Triunfo siempre dejan an\u00e9cdotas, pero a veces<b> el verdadero <a href=\"https:\/\/eltelevisero.huffingtonpost.es\/2025\/09\/la-audiencia-clama-contra-ot-2025-por-lo-visto-en-el-arranque-de-la-gala-1-es-inadmisible\/\" rel=\"nofollow noopener\" target=\"_blank\">espect\u00e1culo est\u00e1 en las redes sociales.<\/a>\u00a0<\/b>Y esto exactamente ha sido lo que ha pasado durante <a href=\"https:\/\/eltelevisero.huffingtonpost.es\/2025\/09\/gala-1-de-ot-2025-lista-completa-de-canciones-a-que-hora-es-y-donde-verlo-hoy-por-tv-en-directo\/\" rel=\"nofollow noopener\" target=\"_blank\">la primera gala de la nueva edici\u00f3n<\/a>\u00a0del concurso.<\/p>\n<p><b>Ver el reality show musical se ha convertido cada vez m\u00e1s en <a href=\"https:\/\/eltelevisero.huffingtonpost.es\/2025\/09\/encuesta-quien-quieres-que-sea-el-primer-expulsado-de-ot-2025-claudia-arenas-o-ivan-rojo\/\" rel=\"nofollow noopener\" target=\"_blank\">una experiencia compartida<\/a>,<\/b> sobre todo por las generaciones m\u00e1s j\u00f3venes, quienes no solo siguen <a href=\"https:\/\/eltelevisero.huffingtonpost.es\/2025\/09\/por-que-buika-desaparece-del-jurado-de-ot-2025-esta-es-la-explicacion-del-director-general-de-la-productora\/\" rel=\"nofollow noopener\" target=\"_blank\">la evoluci\u00f3n musical de los concursantes<\/a>, sino tambi\u00e9n su d\u00eda a d\u00eda en la Academia.<\/p>\n<p>Y, de esta primera gala, uno de los memes m\u00e1s compartidos ha sido el publicado por el usuario <b>@soyappletree<\/b> a trav\u00e9s de su cuenta de X, quien ha subido una divertida captura de su conversaci\u00f3n por WhatsApp que ha arrasado entre la comunidad tuitera.<\/p>\n<p><b>\u00ab#OTGala1 Gracias, Chenoa\u00bb<\/b>, ha tuiteado el usuario en tono bromista, justo antes de compartir la imagen en la que comenta con otra pesona lo que est\u00e1 ocurriendo en directo en la televisi\u00f3n.<\/p>\n<p>En concreto, el chat comienza con un mensaje meti\u00e9ndose con los comentarios de la presentadora de la gala,<b> la cantante y exconcursante de la primera edici\u00f3n de Operaci\u00f3n Triunfo Chenoa.<\/b><\/p>\n<p><b>\u00abEs que lo siento pero pobre Chenoa\u00bb<\/b>, empieza poniendo la persona en la conversaci\u00f3n de WhatsApp. \u00abMintiendo a todos. &#8216;Ay,qu\u00e9 bonito'\u00bb, ha a\u00f1adido, parafraseando a la presentadora del concurso.<\/p>\n<p>La guinda del pastel llega con la respuesta del usuario, quien contesta: \u00abTiene una cl\u00e1usula en el contrato que le proh\u00edben decir la verdad.\u00a0<b>O tiene que volver con David Bisbal\u00bb.<\/b><\/p>\n<p>Una respuesta que ha hecho estallar las risas entre los usuarios, haciendo una referencia inmediata al pasado m\u00e1s medi\u00e1tico de Chenoa, <b>aquel romance con David Bisbal que marc\u00f3 a toda una generaci\u00f3n de fans de OT 2001.<\/b><\/p>\n<p>El tuit ya supera las <b>101.000 visualizaciones, los 5.000 &#8216;me gustas&#8217; <\/b>y acumula decenas de comentarios y compartidos que recuerdan con humor <b>uno de los episodios m\u00e1s ic\u00f3nicos de la historia del concurso.<\/b><\/p>\n<p>Si algo ha quedado claro con este chat es que, aunque pasen los a\u00f1os<b>, la relaci\u00f3n entre Chenoa y Bisbal sigue siendo cultura popular<\/b> y que OT no es solo un programa sobre m\u00fasica.<\/p>\n","protected":false},"excerpt":{"rendered":"Las galas de Operaci\u00f3n Triunfo siempre dejan an\u00e9cdotas, pero a veces el verdadero espect\u00e1culo est\u00e1 en las redes&hellip;\n","protected":false},"author":2,"featured_media":133896,"comment_status":"","ping_status":"","sticky":false,"template":"","format":"standard","meta":{"footnotes":""},"categories":[171],"tags":[17945,4411,146,147,25,24,24705,222,23,214,6052],"class_list":{"0":"post-133895","1":"post","2":"type-post","3":"status-publish","4":"format-standard","5":"has-post-thumbnail","7":"category-tv","8":"tag-chenoa","9":"tag-david-bisbal","10":"tag-entertainment","11":"tag-entretenimiento","12":"tag-es","13":"tag-espana","14":"tag-humor","15":"tag-operacion-triunfo","16":"tag-spain","17":"tag-tv","18":"tag-twitter"},"share_on_mastodon":{"url":"","error":""},"_links":{"self":[{"href":"https:\/\/www.europesays.com\/es\/wp-json\/wp\/v2\/posts\/133895","targetHints":{"allow":["GET"]}}],"collection":[{"href":"https:\/\/www.europesays.com\/es\/wp-json\/wp\/v2\/posts"}],"about":[{"href":"https:\/\/www.europesays.com\/es\/wp-json\/wp\/v2\/types\/post"}],"author":[{"embeddable":true,"href":"https:\/\/www.europesays.com\/es\/wp-json\/wp\/v2\/users\/2"}],"replies":[{"embeddable":true,"href":"https:\/\/www.europesays.com\/es\/wp-json\/wp\/v2\/comments?post=133895"}],"version-history":[{"count":0,"href":"https:\/\/www.europesays.com\/es\/wp-json\/wp\/v2\/posts\/133895\/revisions"}],"wp:featuredmedia":[{"embeddable":true,"href":"https:\/\/www.europesays.com\/es\/wp-json\/wp\/v2\/media\/133896"}],"wp:attachment":[{"href":"https:\/\/www.europesays.com\/es\/wp-json\/wp\/v2\/media?parent=133895"}],"wp:term":[{"taxonomy":"category","embeddable":true,"href":"https:\/\/www.europesays.com\/es\/wp-json\/wp\/v2\/categories?post=133895"},{"taxonomy":"post_tag","embeddable":true,"href":"https:\/\/www.europesays.com\/es\/wp-json\/wp\/v2\/tags?post=133895"}],"curies":[{"name":"wp","href":"https:\/\/api.w.org\/{rel}","templated":true}]}}