{"id":133900,"date":"2025-09-23T13:11:09","date_gmt":"2025-09-23T13:11:09","guid":{"rendered":"https:\/\/www.europesays.com\/es\/133900\/"},"modified":"2025-09-23T13:11:09","modified_gmt":"2025-09-23T13:11:09","slug":"el-fondo-estadounidense-apollo-negocia-invertir-en-el-atletico-de-madrid-medios","status":"publish","type":"post","link":"https:\/\/www.europesays.com\/es\/133900\/","title":{"rendered":"El fondo estadounidense Apollo negocia invertir en el Atl\u00e9tico de Madrid (medios)"},"content":{"rendered":"<p>    <img src=\"https:\/\/www.europesays.com\/es\/wp-content\/uploads\/2025\/09\/2025-09-23T123A223A36Z-90053110.jpg\" width=\"1024\" height=\"682\" alt=\"\" loading=\"eager\" decoding=\"sync\" fetchpriority=\"high\"\/><\/p>\n<p>            afp_tickers        <\/p>\n<p>        Este contenido fue publicado en    <\/p>\n<p>        23 septiembre 2025 &#8211; 14:22\n<\/p>\n<p>Los propietarios del Atl\u00e9tico de Madrid est\u00e1n en negociaciones avanzadas para vender una participaci\u00f3n mayoritaria en el accionariado del club espa\u00f1ol a la gestora de capital de riesgo estadounidense Apollo Global Management, seg\u00fan la prensa local, que cita fuentes cercanas a la operaci\u00f3n.<\/p>\n<p>Contactados por la AFP, tanto la firma norteamericana como la entidad futbol\u00edstica declinaron este martes confirmar las informaciones publicadas en los medios.<\/p>\n<p>Seg\u00fan el diario Expansi\u00f3n, Apollo comprar\u00eda una parte de las acciones de los cuatro socios actuales: Miguel \u00c1ngel Gil Mar\u00edn (actual consejero delegado) y Enrique Cerezo (presidente del club), Ares Management y Quantum Pacific.<\/p>\n<p>Gil Mar\u00edn es el accionista mayoritario del Atl\u00e9tico con Holdco, sociedad que controla la entidad con una participaci\u00f3n del 70,39%, mientras que Quantum Pacific, empresa brit\u00e1nica creada por el magnate israel\u00ed Idan Ofer, tiene el 27,81%.<\/p>\n<p>En la sociedad Holdco, Gil Mar\u00edn ostenta el 50,82% de las acciones, pero Ares Management tiene el 33,96% y Cerezo, un 15,22%.<\/p>\n<p>El peri\u00f3dico Expansi\u00f3n, el primer medio en informar que las conversaciones se centraban en la venta de una participaci\u00f3n mayoritaria, precis\u00f3 que Apollo valora al Atl\u00e9tico en 2.500 millones de euros (2.900 millones de d\u00f3lares).<\/p>\n<p>Por su parte, el club madrile\u00f1o ya ha declarado que necesitar\u00eda una ampliaci\u00f3n de capital para invertir en la plantilla y financiar el desarrollo de la Ciudad del Deporte, un proyecto urban\u00edstico junto al Estadio Metropolitano.<\/p>\n<p>Apollo, que cotiza en la bolsa de Nueva York y gestiona m\u00e1s de 800.000 millones de d\u00f3lares en activos, contempla ejecutar la operaci\u00f3n a trav\u00e9s de un fondo de deporte de 5.000 millones de d\u00f3lares.<\/p>\n<p>Seg\u00fan las fuentes, las partes est\u00e1n discutiendo la cuant\u00eda de la operaci\u00f3n que se destinar\u00eda a la compraventa de las acciones y a la ampliaci\u00f3n de capital.<\/p>\n<p>Adem\u00e1s, el acuerdo con Apollo, que es conocido en Espa\u00f1a por ser accionista de la empresa de certificaci\u00f3n Applus y participa en el grupo de transportes Primafrio y en la tienda online de material deportivo Tradeinn, prev\u00e9 mantener a Gil Mar\u00edn y Cerezo al frente del club.<\/p>\n<p>El posible desembarco de Apollo en el Atl\u00e9tico supondr\u00eda el segundo gran paso de \u2018private equity\u2019 en el deporte espa\u00f1ol despu\u00e9s de la gestora brit\u00e1nica CVC Capital Partners, accionista de la Liga desde 2021, de acuerdo a Expansi\u00f3n.<\/p>\n<p>rsc\/mdm\/du\/mcd<\/p>\n","protected":false},"excerpt":{"rendered":"afp_tickers Este contenido fue publicado en 23 septiembre 2025 &#8211; 14:22 Los propietarios del Atl\u00e9tico de Madrid est\u00e1n&hellip;\n","protected":false},"author":2,"featured_media":133901,"comment_status":"","ping_status":"","sticky":false,"template":"","format":"standard","meta":{"footnotes":""},"categories":[93],"tags":[82,168,84,25,24,281,23,3020,167,90],"class_list":{"0":"post-133900","1":"post","2":"type-post","3":"status-publish","4":"format-standard","5":"has-post-thumbnail","7":"category-deportes","8":"tag-business","9":"tag-deportes","10":"tag-economy-general","11":"tag-es","12":"tag-espana","13":"tag-soccer","14":"tag-spain","15":"tag-sport","16":"tag-sports","17":"tag-ticker"},"share_on_mastodon":{"url":"","error":""},"_links":{"self":[{"href":"https:\/\/www.europesays.com\/es\/wp-json\/wp\/v2\/posts\/133900","targetHints":{"allow":["GET"]}}],"collection":[{"href":"https:\/\/www.europesays.com\/es\/wp-json\/wp\/v2\/posts"}],"about":[{"href":"https:\/\/www.europesays.com\/es\/wp-json\/wp\/v2\/types\/post"}],"author":[{"embeddable":true,"href":"https:\/\/www.europesays.com\/es\/wp-json\/wp\/v2\/users\/2"}],"replies":[{"embeddable":true,"href":"https:\/\/www.europesays.com\/es\/wp-json\/wp\/v2\/comments?post=133900"}],"version-history":[{"count":0,"href":"https:\/\/www.europesays.com\/es\/wp-json\/wp\/v2\/posts\/133900\/revisions"}],"wp:featuredmedia":[{"embeddable":true,"href":"https:\/\/www.europesays.com\/es\/wp-json\/wp\/v2\/media\/133901"}],"wp:attachment":[{"href":"https:\/\/www.europesays.com\/es\/wp-json\/wp\/v2\/media?parent=133900"}],"wp:term":[{"taxonomy":"category","embeddable":true,"href":"https:\/\/www.europesays.com\/es\/wp-json\/wp\/v2\/categories?post=133900"},{"taxonomy":"post_tag","embeddable":true,"href":"https:\/\/www.europesays.com\/es\/wp-json\/wp\/v2\/tags?post=133900"}],"curies":[{"name":"wp","href":"https:\/\/api.w.org\/{rel}","templated":true}]}}