{"id":133910,"date":"2025-09-23T13:16:18","date_gmt":"2025-09-23T13:16:18","guid":{"rendered":"https:\/\/www.europesays.com\/es\/133910\/"},"modified":"2025-09-23T13:16:18","modified_gmt":"2025-09-23T13:16:18","slug":"trump-vuelve-a-la-tribuna-de-la-onu-con-america-latina-a-la-expectativa","status":"publish","type":"post","link":"https:\/\/www.europesays.com\/es\/133910\/","title":{"rendered":"Trump vuelve a la tribuna de la ONU con Am\u00e9rica Latina a la expectativa"},"content":{"rendered":"<p>    <img src=\"https:\/\/www.europesays.com\/es\/wp-content\/uploads\/2025\/09\/2025-09-23T123A173A31Z-90053027.jpg\" width=\"1024\" height=\"682\" alt=\"\" loading=\"eager\" decoding=\"sync\" fetchpriority=\"high\"\/><\/p>\n<p>            afp_tickers        <\/p>\n<p>        Este contenido fue publicado en    <\/p>\n<p>        23 septiembre 2025 &#8211; 15:13\n<\/p>\n<p>El presidente estadounidense Donald Trump vuelve el martes a la tribuna de la Asamblea General de la ONU, para su primera intervenci\u00f3n desde que regres\u00f3 al poder en enero con una pol\u00edtica exterior que ha agitado el orden mundial.<\/p>\n<p>Am\u00e9rica Latina aguarda expectante el discurso del mandatario republicano, que ser\u00e1 ante todo una denuncia de los \u00abglobalistas\u00bb, en palabras de la portavoz de la Casa Blanca, Karoline Leavitt.<\/p>\n<p>Trump subir\u00e1 al estrado despu\u00e9s del secretario general de la ONU, Antonio Guterres, y del brasile\u00f1o Luiz In\u00e1cio Lula da Silva, uno de los dirigentes de izquierda que sufre los embates de la pol\u00edtica nacionalista y arancelaria de Washington.<\/p>\n<p>Estados Unidos, que ha impuesto aranceles extraordinarios del 50% a Brasil, anunci\u00f3 nuevas sanciones contra la esposa de un juez de la corte suprema y otras figuras del aparato gubernamental el lunes, a causa de la condena al expresidente Jair Bolsonaro.<\/p>\n<p>Trump tiene previsto despu\u00e9s entrevistarse con uno de sus aliados declarados en la regi\u00f3n, el argentino Javier Milei, cuyo pa\u00eds espera con ansia una ayuda de Estados Unidos para hacer frente a la inestabilidad financiera.<\/p>\n<p>En la sede de la ONU, que celebra su 80\u00aa aniversario, habr\u00e1 otros candidatos para intentar atraer la atenci\u00f3n del mandatario republicano, como el ucraniano Volodimir Zelenski, que denuncia incansable los bombardeos contra la poblaci\u00f3n civil protagonizados por Rusia.<\/p>\n<p>\u2013 Reconocimiento de Palestina \u2013<\/p>\n<p>Francia, el Reino Unido, Canad\u00e1, Australia y Portugal optaron por reconocer a Palestina como Estado en v\u00edsperas de la reuni\u00f3n anual de la ONU, a pesar de las cr\u00edticas de Washington y del gobierno israel\u00ed.<\/p>\n<p>El Consejo de Seguridad se reunir\u00e1 para abordar la guerra en Gaza, y Trump ha convocado una reuni\u00f3n con los dirigentes de varios pa\u00edses musulmanes (Catar, Arabia Saudita, Indonesia, Turqu\u00eda, Pakist\u00e1n, Egipto, Emiratos \u00c1rabes Unidos y Jordania).<\/p>\n<p>Defensor de la doctrina \u00abAm\u00e9rica primero\u00bb, Trump ha escogido una pol\u00edtica exterior bilateral, y foros como la Asamblea General de la ONU solo sirven a su juicio para pronunciar discursos desafiantes. En esta ocasi\u00f3n, indic\u00f3 su portavoz, el inquilino de la Casa Blanca criticar\u00e1 las \u00aborganizaciones globalistas\u00bb que han provocado \u00abel declive del orden mundial\u00bb.<\/p>\n<p>Donald Trump insistir\u00e1 adem\u00e1s en las \u00absiete guerras\u00bb que ha conseguido apagar, a su juicio.<\/p>\n<p>\u2013 V\u00eda armada contra el narcotr\u00e1fico \u2013<\/p>\n<p>Los aliados de Washington se muestran en cambio dolidos y sorprendidos por el abandono de instituciones internacionales, la interrupci\u00f3n de la ayuda internacional y los aranceles comerciales.<\/p>\n<p>En Am\u00e9rica Latina, Trump ha escogido la v\u00eda armada para enfrentar el narcotr\u00e1fico, con varios ataques letales contra lanchas que presuntamente transportaban droga en el Caribe.\u00a0<\/p>\n<p>Esos ataques causan alarma en la regi\u00f3n, pero Trump cuenta tambi\u00e9n con aliados como El Salvador, que colabora estrechamente con las deportaciones de inmigrantes ilegales.<\/p>\n<p>La presidenta de M\u00e9xico, Claudia Sheinbaum, no acudir\u00e1 y hablar\u00e1 en su lugar el canciller Juan Ram\u00f3n de la Fuente, seg\u00fan inform\u00f3 la canciller\u00eda.\u00a0<\/p>\n<p>El Consejo de Seguridad tambi\u00e9n tiene previsto abordar el conflicto en Ucrania, tras la indignaci\u00f3n que caus\u00f3 la incursi\u00f3n en el espacio a\u00e9reo de Polonia y Estonia por parte de la fuerza a\u00e9rea rusa en las \u00faltimas dos semanas.<\/p>\n<p>\u00abEstamos perdiendo mucho tiempo si esperamos, si no imponemos sanciones\u00bb declar\u00f3 el presidente ucraniano a un grupo de periodistas, entre ellos la AFP.<\/p>\n<p>lb-bur-jz\/mel<\/p>\n","protected":false},"excerpt":{"rendered":"afp_tickers Este contenido fue publicado en 23 septiembre 2025 &#8211; 15:13 El presidente estadounidense Donald Trump vuelve el&hellip;\n","protected":false},"author":2,"featured_media":133911,"comment_status":"","ping_status":"","sticky":false,"template":"","format":"standard","meta":{"footnotes":""},"categories":[42],"tags":[17,18,636,83,13,14,11,61,62,63,86,64,19,20,9,10,15,16,88,5915,90,12,21,22,65,66,67],"class_list":{"0":"post-133910","1":"post","2":"type-post","3":"status-publish","4":"format-standard","5":"has-post-thumbnail","7":"category-internacional","8":"tag-breaking-news","9":"tag-breakingnews","10":"tag-conflict","11":"tag-diplomacy","12":"tag-featured-news","13":"tag-featurednews","14":"tag-headlines","15":"tag-internacional","16":"tag-international","17":"tag-international-news","18":"tag-international-relations","19":"tag-internationalnews","20":"tag-latest-news","21":"tag-latestnews","22":"tag-news","23":"tag-noticias","24":"tag-noticias-destacadas","25":"tag-noticiasdestacadas","26":"tag-politics","27":"tag-summit","28":"tag-ticker","29":"tag-titulares","30":"tag-ultimas-noticias","31":"tag-ultimasnoticias","32":"tag-world","33":"tag-world-news","34":"tag-worldnews"},"share_on_mastodon":{"url":"","error":""},"_links":{"self":[{"href":"https:\/\/www.europesays.com\/es\/wp-json\/wp\/v2\/posts\/133910","targetHints":{"allow":["GET"]}}],"collection":[{"href":"https:\/\/www.europesays.com\/es\/wp-json\/wp\/v2\/posts"}],"about":[{"href":"https:\/\/www.europesays.com\/es\/wp-json\/wp\/v2\/types\/post"}],"author":[{"embeddable":true,"href":"https:\/\/www.europesays.com\/es\/wp-json\/wp\/v2\/users\/2"}],"replies":[{"embeddable":true,"href":"https:\/\/www.europesays.com\/es\/wp-json\/wp\/v2\/comments?post=133910"}],"version-history":[{"count":0,"href":"https:\/\/www.europesays.com\/es\/wp-json\/wp\/v2\/posts\/133910\/revisions"}],"wp:featuredmedia":[{"embeddable":true,"href":"https:\/\/www.europesays.com\/es\/wp-json\/wp\/v2\/media\/133911"}],"wp:attachment":[{"href":"https:\/\/www.europesays.com\/es\/wp-json\/wp\/v2\/media?parent=133910"}],"wp:term":[{"taxonomy":"category","embeddable":true,"href":"https:\/\/www.europesays.com\/es\/wp-json\/wp\/v2\/categories?post=133910"},{"taxonomy":"post_tag","embeddable":true,"href":"https:\/\/www.europesays.com\/es\/wp-json\/wp\/v2\/tags?post=133910"}],"curies":[{"name":"wp","href":"https:\/\/api.w.org\/{rel}","templated":true}]}}