{"id":133912,"date":"2025-09-23T13:17:20","date_gmt":"2025-09-23T13:17:20","guid":{"rendered":"https:\/\/www.europesays.com\/es\/133912\/"},"modified":"2025-09-23T13:17:20","modified_gmt":"2025-09-23T13:17:20","slug":"un-exmilitar-de-albacete-muere-ayudando-al-ejercito-de-ucrania-en-un-ataque-de-un-dron-ruso-sociedad","status":"publish","type":"post","link":"https:\/\/www.europesays.com\/es\/133912\/","title":{"rendered":"Un exmilitar de Albacete muere ayudando al ej\u00e9rcito de Ucrania en un ataque de un dron ruso | Sociedad"},"content":{"rendered":"<p class=\"loc\">Albacete<\/p>\n<p>El teniente-alcalde de Villapalacios (Albacete), Jos\u00e9 Luis Garc\u00eda, explica en la SER que en octubre habr\u00eda cumplido un a\u00f1o con el ej\u00e9rcito ucraniano. <\/p>\n<p>El c\u00f3digo iframe se ha copiado en el portapapeles<\/p>\n<p class=\"tit\">Las noticias de las 13:00<\/p>\n<p>00:00:0006:46<\/p>\n<p>FacebookTwitterLinkedinWhatsAppCerrar<\/p>\n<p>El hombre de 38 a\u00f1os, vecino del municipio, se encontraba desde hac\u00eda unos meses como voluntario con el ej\u00e9rcito de este pa\u00eds, y han detallado que en ese momento estaba realizando una misi\u00f3n de rescate de heridos. <\/p>\n<p>\u00abEstuvo con nosotros antes de las fiestas patronales\u00bb, ha recordado el teniente de alcalde.<\/p>\n<p><img decoding=\"async\" src=\"https:\/\/www.europesays.com\/es\/wp-content\/uploads\/2025\/09\/ODWLCCHI5VBANDGYN4JAXX2GPY.jpeg\" alt=\"Cedida por el Ayuntamiento de Villapalacios\" width=\"4\" height=\"3\"  loading=\"lazy\"\/><\/p>\n<p>Cedida por el Ayuntamiento de Villapalacios<\/p>\n<p>Ampliar<img decoding=\"async\" src=\"https:\/\/www.europesays.com\/es\/wp-content\/uploads\/2025\/09\/1758633440_588_ODWLCCHI5VBANDGYN4JAXX2GPY.jpeg\" alt=\"Cedida por el Ayuntamiento de Villapalacios\" width=\"4\" height=\"3\" loading=\"lazy\"\/><\/p>\n<p>Cedida por el Ayuntamiento de Villapalacios<\/p>\n<p>Cerrar<\/p>\n<p>Juan Luis Amador Mat\u00edas muri\u00f3 este domingo por la ma\u00f1ana y est\u00e1n intentando, junto a la familia, agilizar las gestiones para repatriar el cuerpo.<\/p>\n<p>Amador se incorpor\u00f3 a las filas del Ej\u00e9rcito ucraniano en octubre pasado, seg\u00fan ha informado el Ayuntamiento, debido a su larga experiencia como militar espa\u00f1ol y motivado por \u00absu coraz\u00f3n de soldado\u00bb.<\/p>\n<p>Tras varios meses desplegado, el voluntario decidi\u00f3 renovar su contrato en Ucrania y regres\u00f3 a filas, falleciendo el pasado s\u00e1bado mientras ofrec\u00eda tareas de asistencia y defensa en el frente.<\/p>\n<p>\u00abLlevaba unos meses en Ucrania, y este septiembre estuvo en el pueblo diez o doce d\u00edas de permiso. Y justo acababa de volver a Ucrania ahora\u00bb, ha dicho el edil, quien ha a\u00f1adido que \u00abahora nos estamos centrando en ayudar a la familia para repatriar el cuerpo, que no va a ser f\u00e1cil\u00bb.<\/p>\n<p>La embajada de Espa\u00f1a en Kiev est\u00e1 en contacto con las autoridades ucranianas para recabar toda la informaci\u00f3n, seg\u00fan Exteriores<\/p>\n<p>El teniente de alcalde del municipio albacete\u00f1o de Villapalacios, Jos\u00e9 Luis Garc\u00eda, ha confirmado que el Consistorio est\u00e1 trabajando \u00ablo m\u00e1s r\u00e1pido posible\u00bb y han puesto \u00abtodo su empe\u00f1o\u00bb para repatriar el cuerpo de Juan Luis Amador, el voluntario espa\u00f1ol y vecino del pueblo fallecido el pasado 20 de septiembre en el frente de Ucrania.<\/p>\n<p>\u00abEstamos trabajando todos los que podemos para que Juan Luis vuelva con nosotros y est\u00e9 con sus seres queridos\u00bb, ha comentado Garc\u00eda, notablemente afectado por la noticia del fallecimiento del voluntario, que \u00abha ca\u00eddo en el pueblo como un jarro de agua fr\u00eda\u00bb.<\/p>\n<p>Seg\u00fan ha detallado el Consistorio, una vez el cuerpo regrese a Villapalacios el Ayuntamiento plantea organizar un homenaje, pero de momento, se enfrentan a las dificultades t\u00e9cnicas y burocr\u00e1ticas de la repatriaci\u00f3n.<\/p>\n<p>Estamos en contacto con las embajadas desde el primer momento, pero hay una larga cola de espera para las repatriaciones y el proceso es muy complejo. <\/p>\n<p>Mientras, fuentes del Ministerio de Asuntos Exteriores han confirmado a Europa Press que la embajada de Espa\u00f1a en Kiev est\u00e1 en contacto con las autoridades ucranianas para recabar toda la informaci\u00f3n y confirmaci\u00f3n de los hechos y, en su caso, prestar la asistencia consular necesaria a sus familiares.<\/p>\n<p>El presidente de Castilla-La Mancha, Emiliano Garc\u00eda-Page, ha escrito en redes sociales que lamenta \u00abprofundamente\u00bb la muerte de este vecino de Villapalacios y ha se\u00f1alado que \u00abla guerra provocada por Rusia est\u00e1 causando un dolor insoportable y en esta ocasi\u00f3n nos ha afectado de lleno\u00bb.<\/p>\n<blockquote class=\"twitter-tweet\">\n<p lang=\"es\" dir=\"ltr\">Lamento profundamente la muerte de nuestro vecino Juan Luis Amador Mat\u00edas, natural de Villapalacios y voluntario en la defensa de Ucrania, mientras participaba en una misi\u00f3n de rescate de heridos. La guerra provocada por Rusia est\u00e1 causando un dolor insoportable y en esta ocasi\u00f3n\u2026 <a href=\"https:\/\/t.co\/Ri41y6O3AX\" rel=\"nofollow\">https:\/\/t.co\/Ri41y6O3AX<\/a><\/p>\n<p>\u2014 Emiliano Garc\u00eda-Page (@garciapage) <a href=\"https:\/\/twitter.com\/garciapage\/status\/1970436342166302879?ref_src=twsrc%5Etfw\" rel=\"nofollow noopener\" target=\"_blank\">September 23, 2025<\/a><\/p><\/blockquote>\n<p>Por su parte, el presidente regional del Partido Popular de Castilla-La Mancha, Paco N\u00fa\u00f1ez, ha escrito en redes sociales que ha recibido \u00abcon profunda tristeza\u00bb la noticia del fallecimiento de Juan Luis Amador Mat\u00edas, a quien ha dado las gracias por su \u00abentrega y labor ejemplar como militar, siempre al servicio de los dem\u00e1s\u00bb adem\u00e1s de expresar su \u00abcari\u00f1o\u00bb a la familia y allegados.<\/p>\n<blockquote class=\"twitter-tweet\">\n<p lang=\"es\" dir=\"ltr\">Recibido con profunda tristeza la noticia del fallecimiento de Juan Luis Amador Mat\u00edas, de Villapalacios, mientras rescataba heridos en Ucrania.<\/p>\n<p>Gracias por tu entrega y tu labor ejemplar como militar, siempre al servicio de los dem\u00e1s. Todo mi cari\u00f1o a su familia y allegados.\u2026<\/p>\n<p>\u2014 Paco N\u00fa\u00f1ez (@paconunez_) <a href=\"https:\/\/twitter.com\/paconunez_\/status\/1970396728927846875?ref_src=twsrc%5Etfw\" rel=\"nofollow noopener\" target=\"_blank\">September 23, 2025<\/a><\/p><\/blockquote>\n<p><script async src=\"https:\/\/platform.twitter.com\/widgets.js\" charset=\"utf-8\"><\/script><\/p>\n","protected":false},"excerpt":{"rendered":"Albacete El teniente-alcalde de Villapalacios (Albacete), Jos\u00e9 Luis Garc\u00eda, explica en la SER que en octubre habr\u00eda cumplido&hellip;\n","protected":false},"author":2,"featured_media":133913,"comment_status":"","ping_status":"","sticky":false,"template":"","format":"standard","meta":{"footnotes":""},"categories":[8],"tags":[17,18,25,24,13,14,11,19,20,9,10,15,16,23,12,21,22],"class_list":{"0":"post-133912","1":"post","2":"type-post","3":"status-publish","4":"format-standard","5":"has-post-thumbnail","7":"category-espana","8":"tag-breaking-news","9":"tag-breakingnews","10":"tag-es","11":"tag-espana","12":"tag-featured-news","13":"tag-featurednews","14":"tag-headlines","15":"tag-latest-news","16":"tag-latestnews","17":"tag-news","18":"tag-noticias","19":"tag-noticias-destacadas","20":"tag-noticiasdestacadas","21":"tag-spain","22":"tag-titulares","23":"tag-ultimas-noticias","24":"tag-ultimasnoticias"},"share_on_mastodon":{"url":"","error":""},"_links":{"self":[{"href":"https:\/\/www.europesays.com\/es\/wp-json\/wp\/v2\/posts\/133912","targetHints":{"allow":["GET"]}}],"collection":[{"href":"https:\/\/www.europesays.com\/es\/wp-json\/wp\/v2\/posts"}],"about":[{"href":"https:\/\/www.europesays.com\/es\/wp-json\/wp\/v2\/types\/post"}],"author":[{"embeddable":true,"href":"https:\/\/www.europesays.com\/es\/wp-json\/wp\/v2\/users\/2"}],"replies":[{"embeddable":true,"href":"https:\/\/www.europesays.com\/es\/wp-json\/wp\/v2\/comments?post=133912"}],"version-history":[{"count":0,"href":"https:\/\/www.europesays.com\/es\/wp-json\/wp\/v2\/posts\/133912\/revisions"}],"wp:featuredmedia":[{"embeddable":true,"href":"https:\/\/www.europesays.com\/es\/wp-json\/wp\/v2\/media\/133913"}],"wp:attachment":[{"href":"https:\/\/www.europesays.com\/es\/wp-json\/wp\/v2\/media?parent=133912"}],"wp:term":[{"taxonomy":"category","embeddable":true,"href":"https:\/\/www.europesays.com\/es\/wp-json\/wp\/v2\/categories?post=133912"},{"taxonomy":"post_tag","embeddable":true,"href":"https:\/\/www.europesays.com\/es\/wp-json\/wp\/v2\/tags?post=133912"}],"curies":[{"name":"wp","href":"https:\/\/api.w.org\/{rel}","templated":true}]}}