{"id":133920,"date":"2025-09-23T13:21:08","date_gmt":"2025-09-23T13:21:08","guid":{"rendered":"https:\/\/www.europesays.com\/es\/133920\/"},"modified":"2025-09-23T13:21:08","modified_gmt":"2025-09-23T13:21:08","slug":"ufc-321-en-abu-dhabi-suma-a-su-cartelera-el-mexicano-jose-miguel-delgado","status":"publish","type":"post","link":"https:\/\/www.europesays.com\/es\/133920\/","title":{"rendered":"UFC 321 en Abu Dhabi suma a su cartelera el mexicano Jos\u00e9 Miguel Delgado"},"content":{"rendered":"<p>                      \u00a0La expectativa por <strong>UFC 321<\/strong>, que tendr\u00e1 lugar el 25 de octubre en el<strong> Etihad Arena <\/strong>de <strong>Abu Dhabi,<\/strong> no para de crecer. Los organizadores han confirmado la inclusi\u00f3n de<strong> tres nuevos combates<\/strong> a la ya estelar cartelera, liderada por la primera defensa del t\u00edtulo del campe\u00f3n de peso pesado, Tom Aspinall, ante Ciryl Gane.<\/p>\n<p>Entre las adiciones, destaca el enfrentamiento del <strong>mexicano Jos\u00e9 Miguel Delgado,<\/strong> quien se medir\u00e1 contra el brit\u00e1nico Nathaniel \u00abEl Prospecto\u00bb Wood en un duelo de peso pluma. Delgado, con solo una<strong> derrota, <\/strong>ha demostrado ser un prospecto formidable gracias a su estilo<strong> agresivo <\/strong>y su ventaja de tama\u00f1o. Enfrentarse a Wood, un contendiente<strong> vers\u00e1til c<\/strong>onocido por sus victorias sobre <strong>diversos estilos<\/strong> de pelea, representa un <strong>desaf\u00edo <\/strong>significativo que podr\u00eda catapultar a Delgado a las posiciones altas de la divisi\u00f3n.<\/p>\n<p>Asimismo, el polaco <strong>Mateusz Rebecki <\/strong>se cruzar\u00e1 con el eslovaco \u013dudov\u00edt \u201cMr Highlight\u201d Klein, en lo que promete ser un combate <strong>electrizante<\/strong> de peso ligero. Ambos buscan reivindicarse tras <strong>derrotas <\/strong>recientes, lo que a\u00f1ade un nivel extra de urgencia y emoci\u00f3n.<\/p>\n<p>Finalmente, Abdul-Kareem \u201c<strong>Orgullo de Palestina<\/strong>\u201d Al-Selwady volver\u00e1 al oct\u00e1gono contra el brasile\u00f1o <strong>Matheus Camilo<\/strong>, en busca de su primera victoria en la UFC, en un choque que sin duda cautivar\u00e1 a los<strong> aficionados.<\/strong><\/p>\n<p>Con <strong>Aspinall vs Gane<\/strong> como la pelea principal y el t\u00edtulo <strong>vacante <\/strong>de peso paja femenino en juego entre Virna Jandiroba y Mackenzie Dern, UFC 321 promete ser una <strong>noche inolvidable<\/strong> llena de<strong> acci\u00f3n<\/strong> y emociones.<\/p>\n","protected":false},"excerpt":{"rendered":"\u00a0La expectativa por UFC 321, que tendr\u00e1 lugar el 25 de octubre en el Etihad Arena de Abu&hellip;\n","protected":false},"author":2,"featured_media":133921,"comment_status":"","ping_status":"","sticky":false,"template":"","format":"standard","meta":{"footnotes":""},"categories":[276],"tags":[26190,168,25,24,4459,10764,1427,23,167,343,4564],"class_list":{"0":"post-133920","1":"post","2":"type-post","3":"status-publish","4":"format-standard","5":"has-post-thumbnail","7":"category-ufc","8":"tag-abu-dhabi","9":"tag-deportes","10":"tag-es","11":"tag-espana","12":"tag-luchador","13":"tag-mexicano","14":"tag-peleas","15":"tag-spain","16":"tag-sports","17":"tag-ufc","18":"tag-ufc-321"},"share_on_mastodon":{"url":"","error":""},"_links":{"self":[{"href":"https:\/\/www.europesays.com\/es\/wp-json\/wp\/v2\/posts\/133920","targetHints":{"allow":["GET"]}}],"collection":[{"href":"https:\/\/www.europesays.com\/es\/wp-json\/wp\/v2\/posts"}],"about":[{"href":"https:\/\/www.europesays.com\/es\/wp-json\/wp\/v2\/types\/post"}],"author":[{"embeddable":true,"href":"https:\/\/www.europesays.com\/es\/wp-json\/wp\/v2\/users\/2"}],"replies":[{"embeddable":true,"href":"https:\/\/www.europesays.com\/es\/wp-json\/wp\/v2\/comments?post=133920"}],"version-history":[{"count":0,"href":"https:\/\/www.europesays.com\/es\/wp-json\/wp\/v2\/posts\/133920\/revisions"}],"wp:featuredmedia":[{"embeddable":true,"href":"https:\/\/www.europesays.com\/es\/wp-json\/wp\/v2\/media\/133921"}],"wp:attachment":[{"href":"https:\/\/www.europesays.com\/es\/wp-json\/wp\/v2\/media?parent=133920"}],"wp:term":[{"taxonomy":"category","embeddable":true,"href":"https:\/\/www.europesays.com\/es\/wp-json\/wp\/v2\/categories?post=133920"},{"taxonomy":"post_tag","embeddable":true,"href":"https:\/\/www.europesays.com\/es\/wp-json\/wp\/v2\/tags?post=133920"}],"curies":[{"name":"wp","href":"https:\/\/api.w.org\/{rel}","templated":true}]}}