{"id":133934,"date":"2025-09-23T13:29:12","date_gmt":"2025-09-23T13:29:12","guid":{"rendered":"https:\/\/www.europesays.com\/es\/133934\/"},"modified":"2025-09-23T13:29:12","modified_gmt":"2025-09-23T13:29:12","slug":"en-casa-veo-cosas-que-me-llevan-a-crear-muebles-o-peliculas","status":"publish","type":"post","link":"https:\/\/www.europesays.com\/es\/133934\/","title":{"rendered":"En casa veo cosas que me llevan a crear muebles o pel\u00edculas"},"content":{"rendered":"<p>Los directores de cine y los actores suelen tener casas tan singulares como sus propias obras. Hace poco se conoc\u00eda la noticia de que <a href=\"https:\/\/www.arquitecturaydiseno.es\/estilo-de-vida\/woody-allen-se-enamora-gracia-asi-es-casa-clasica-que-cineasta-ha-adquirido-barcelona_12411\" rel=\"nofollow noopener\" target=\"_blank\">Woody Allen adquir\u00eda una vivienda en el barrio de Gr\u00e0cia<\/a>, en Barcelona, y ahora otra residencia vinculada al mundo del s\u00e9ptimo arte vuelve a ser protagonista. En este caso, no se trata de una compra, sino de una venta: el complejo de <strong>Hollywood Hills donde <a href=\"https:\/\/www.arquitecturaydiseno.es\/estilo-de-vida\/david-lynch-y-su-universo-estetico-legado-infinito-director-unico_11440\" rel=\"nofollow noopener\" target=\"_blank\">David Lynch<\/a>\u00a0<\/strong>vivi\u00f3 durante casi 40 a\u00f1os acaba de salir al mercado por<strong>\u00a015 millones de d\u00f3lares (12,7 millones de euros).\u00a0<\/strong><\/p>\n<p><strong>David Lynch (1946\u20132025)<\/strong> fue uno de los directores m\u00e1s influyentes del cine contempor\u00e1neo, creador de t\u00edtulos de culto como <strong>Blue Velvet, Twin Peaks o Mulholland Drive<\/strong>. En su hogar angelino encontr\u00f3 mucho m\u00e1s que un lugar donde vivir: un espacio que marc\u00f3 su obra art\u00edstica y que ahora se ofrece al mejor postor.<\/p>\n<p>La primera compra: Beverly Johnson House<\/p>\n<p><strong>En 1987, Lynch adquiri\u00f3 la Beverly Johnson House,<\/strong> dise\u00f1ada en 1963 por<strong> Lloyd Wright<\/strong>, hijo de <a href=\"https:\/\/www.arquitecturaydiseno.es\/creadores\/frank-lloyd-wright\" rel=\"nofollow noopener\" target=\"_blank\">Frank Lloyd Wright<\/a> (responsable de la Casa de la Cascada). Pag\u00f3 por esta vivienda unos 560.00 d\u00f3lares. Estructura de hormig\u00f3n rosado y los caracter\u00edsticos patrones en zigzag de Lloyd Wright. A\u00f1os m\u00e1s tarde, en una entrevista en 1997, confes\u00f3: \u00ab<strong>Vivir dentro de ella afecta a toda mi vida.<\/strong> A veces veo cosas, formas o algo que entrar\u00eda en ella y eso me lleva a crear muebles o pel\u00edculas\u00bb.<\/p>\n<p>&#13;<img loading=\"lazy\" decoding=\"async\"   src=\"https:\/\/www.europesays.com\/es\/wp-content\/uploads\/2025\/09\/fachada-de-la-casa-de-david-lynch_d4dfd127_250923121005_1080x1349.webp.webp\" alt=\"Fachada de la casa de David Lynch.\" class=\"lazyload\" width=\"1080\" height=\"1349\" data-aspectratio=\"1080\/1349\"\/> <\/p>\n<p>Con el paso de los a\u00f1os, el conocido cineasta fue <strong>sumando parcelas y edificaciones. <\/strong>En 1989 compr\u00f3 <a href=\"https:\/\/www.arquitecturaydiseno.es\/casas\/brutalismo-diseno-brasileno-lineas-rectas-conviven-esta-casa-miami_8851\" rel=\"nofollow noopener\" target=\"_blank\">una residencia brutalista<\/a> de dos plantas, que utiliz\u00f3 como localizaci\u00f3n en Lost Highway. Modific\u00f3 sus ventanas para acentuar la atm\u00f3sfera inquietante del interior, llevando el lenguaje arquitect\u00f3nico de la vivienda a su propio terreno. <strong>M\u00e1s tarde, en 1995, adquiri\u00f3 otra vivienda cerca,<\/strong> que transform\u00f3 en estudio personal. All\u00ed instal\u00f3 una biblioteca, <strong>una sala de proyecci\u00f3n y una sala de edici\u00f3n profesional.\u00a0<\/strong><\/p>\n<p><a href=\"https:\/\/www.arquitecturaydiseno.es\/decoracion\/maria-haan_12416\" data-ga4_event=\"custom_event\" data-ga4_event_name=\"click_intext\" data-ga4_link_url=\"https:\/\/www.arquitecturaydiseno.es\/decoracion\/maria-haan_12416\" data-ga4_link_text=\"maria_de_haan_ceramista_\u201cde_pequena_tenia_una_mesa_muy_grande_en_la_cocina_y_las_comidas_familiares_eran_el_momento_mas_importante_del_dia\u201d\" data-ga4_content_type=\"photo\" data-ga4_element=\"related\" rel=\"nofollow noopener\" target=\"_blank\">&#13;&#13;<img loading=\"lazy\" decoding=\"async\" src=\"https:\/\/www.europesays.com\/es\/wp-content\/uploads\/2025\/09\/maria-de-haan_a368a011_7E1B885D57AA_250923132109_600x600.webp.webp\" alt=\"Maria de Haan\" class=\"lazyload\" width=\"600\" height=\"600\" data-aspectratio=\"600\/600\"\/>&#13;&#13;<\/p>\n<p class=\"epigraph\">&#13;Noticia relacionada<\/p>\n<p class=\"title\">Maria de Haan, ceramista: \u201cDe peque\u00f1a ten\u00eda una mesa muy grande en la cocina y las comidas familiares eran el momento m\u00e1s importante del d\u00eda\u201d<\/p>\n<p><\/a>&#13;<img loading=\"lazy\" decoding=\"async\"   src=\"https:\/\/www.europesays.com\/es\/wp-content\/uploads\/2025\/09\/interior-de-la-vivienda-de-david-lynch_ce290972_250923121044_1080x1350.webp.webp\" alt=\"Interior de la vivienda de David Lynch.\" class=\"lazyload\" width=\"1080\" height=\"1350\" data-aspectratio=\"1080\/1350\"\/> El sello de los Wright continu\u00f3 con los a\u00f1os<\/p>\n<p>El v\u00ednculo con la familia de arquitectos tan conocidos continu\u00f3 en 1991, cuando Lynch quiso encargar a <strong>Enric Lloyd Wright, nieto de Frank, <\/strong>el dise\u00f1o de la piscina y una zona de descanso. El dise\u00f1o de los Wright estuvo presente en todas las construcciones y modificaciones, reforzando la coherencia est\u00e9tica del conjunto y subrayando la admiraci\u00f3n del director por la tradici\u00f3n de los arquitectos.<\/p>\n<p><a href=\"https:\/\/www.arquitecturaydiseno.es\/estilo-de-vida\/viajes-robert-redford-espana-barcelona-mallorca-mijas-granja_12385\" data-ga4_event=\"custom_event\" data-ga4_event_name=\"click_intext\" data-ga4_link_url=\"https:\/\/www.arquitecturaydiseno.es\/estilo-de-vida\/viajes-robert-redford-espana-barcelona-mallorca-mijas-granja_12385\" data-ga4_link_text=\"robert_redford_sobre_su_vida_en_espana_vivimos_en_una_granja_en_mijas_sin_luz_ni_agua._no_bailaba_flamenco_pero_fue_una_experiencia_maravillosa\" data-ga4_content_type=\"photo\" data-ga4_element=\"related\" rel=\"nofollow noopener\" target=\"_blank\">&#13;&#13;<img loading=\"lazy\" decoding=\"async\" src=\"https:\/\/www.europesays.com\/es\/wp-content\/uploads\/2025\/09\/robert-redford-1994_b1aba73c_250917102608_600x600.webp.webp\" alt=\"Robert Redford (1994).\" class=\"lazyload\" width=\"600\" height=\"600\" data-aspectratio=\"600\/600\"\/>&#13;&#13;<\/p>\n<p class=\"epigraph\">&#13;Noticia relacionada<\/p>\n<p class=\"title\">Robert Redford sobre su vida en Espa\u00f1a: \u00abVivimos en una granja en Mijas sin luz ni agua. No bailaba flamenco, pero fue una experiencia maravillosa\u00bb<\/p>\n<p><\/a>&#13;<img loading=\"lazy\" decoding=\"async\"   src=\"https:\/\/www.europesays.com\/es\/wp-content\/uploads\/2025\/09\/interior-de-la-vivienda-de-la-casa-de-david-lynch_99c6e438_250923121113_1080x1349.webp.webp\" alt=\"Interior de la vivienda de la casa de David Lynch. \" class=\"lazyload\" width=\"1080\" height=\"1349\" data-aspectratio=\"1080\/1349\"\/> &#13;<img loading=\"lazy\" decoding=\"async\"   src=\"https:\/\/www.europesays.com\/es\/wp-content\/uploads\/2025\/09\/cocina-con-ventanales-grandes-en-la-casa-de-david-lynch_1265402b_250923121149_1080x1349.webp.webp\" alt=\"Cocina con ventanales grandes en la casa de David Lynch.\" class=\"lazyload\" width=\"1080\" height=\"1349\" data-aspectratio=\"1080\/1349\"\/> <\/p>\n<p>El resultado final es un completo de <strong>tres casas, diez dormitorios y once ba\u00f1os<\/strong>, rodeado de jardines, terrazas y espacios de trabajo. M\u00e1s all\u00e1 de su valor inmobiliario, est\u00e1 claro que esta vivienda fue el epicentro creativo de Lynch. All\u00ed el director de cine escribi\u00f3, pint\u00f3, edit\u00f3 y proyect\u00f3 todo lo que le inspiraba en sus pel\u00edculas gracias <strong>al poder de la arquitectura.\u00a0<\/strong><\/p>\n<p><a href=\"https:\/\/www.arquitecturaydiseno.es\/estilo-de-vida\/david-lynch-y-su-universo-estetico-legado-infinito-director-unico_11440\" data-ga4_event=\"custom_event\" data-ga4_event_name=\"click_intext\" data-ga4_link_url=\"https:\/\/www.arquitecturaydiseno.es\/estilo-de-vida\/david-lynch-y-su-universo-estetico-legado-infinito-director-unico_11440\" data-ga4_link_text=\"david_lynch_y_su_universo_estetico_el_legado_infinito_de_un_director_unico\" data-ga4_content_type=\"photo\" data-ga4_element=\"related\" rel=\"nofollow noopener\" target=\"_blank\">&#13;&#13;<img loading=\"lazy\" decoding=\"async\" src=\"https:\/\/www.europesays.com\/es\/wp-content\/uploads\/2025\/09\/un-ultimo-adios-al-genio-david-lynch_0905bca0_250117130119_600x600.webp.webp\" alt=\"Un \u00faltimo adi\u00f3s al genio David Lynch\" class=\"lazyload\" width=\"600\" height=\"600\" data-aspectratio=\"600\/600\"\/>&#13;&#13;<\/p>\n<p class=\"epigraph\">&#13;Noticia relacionada<\/p>\n<p class=\"title\">David Lynch y su universo est\u00e9tico: el legado infinito de un director \u00fanico<\/p>\n<p><\/a>&#13;<img loading=\"lazy\" decoding=\"async\"   src=\"https:\/\/www.europesays.com\/es\/wp-content\/uploads\/2025\/09\/la-piscina-disenada-por-enric-lloyd-wright-para-la-casa-de-david-lynch_9503832e_250923121237_1080x13.webp\" alt=\"La piscina dise\u00f1ada por Enric Lloyd Wright para la casa de David Lynch.\" class=\"lazyload\" width=\"1080\" height=\"1349\" data-aspectratio=\"1080\/1349\"\/> La arquitectura como motor creativo del Lynch<\/p>\n<p>El complejo es una muestra de la diversidad arquitect\u00f3nica de Los \u00c1ngeles en la segunda mitad del siglo XX. La <strong data-end=\"2848\" data-start=\"2823\">Beverly Johnson House<\/strong> representa la <strong data-end=\"2909\" data-start=\"2863\">arquitectura org\u00e1nica de mediados de siglo<\/strong>, con muros de hormig\u00f3n ornamentados y ventanales que difuminan la frontera entre interior y exterior.<\/p>\n<p>La segunda vivienda, de estilo <strong data-end=\"3059\" data-start=\"3045\">brutalista<\/strong>, despliega vol\u00famenes imponentes y ventanas estrechas que Lynch transform\u00f3 para intensificar la atm\u00f3sfera inquietante. La tercera, m\u00e1s discreta, fue concebida como taller y espacio de trabajo, revestida en madera y pensada para la concentraci\u00f3n creativa.\u00a0En definitiva, estas tres casas muestran c\u00f3mo la <strong data-end=\"3613\" data-start=\"3532\">arquitectura no solo acompa\u00f1\u00f3, sino que inspir\u00f3 directamente la obra de Lynch<\/strong>.<\/p>\n<p>Hoy esta vivienda se vende como una pieza \u00fanica en<strong> Los \u00c1ngeles.<\/strong> Pero tambi\u00e9n se ha convertido en una<strong> casa muy deseada para arquitectos,<\/strong> coleccionistas y admiradores de Lynch que la consideran ya como un patrimonio cultural y emocional. Un lugar donde se entrelazan a la perfecci\u00f3n la arquitectura y el cine de uno de los directores m\u00e1s reconocidos de Estados Unidos.<\/p>\n","protected":false},"excerpt":{"rendered":"Los directores de cine y los actores suelen tener casas tan singulares como sus propias obras. Hace poco&hellip;\n","protected":false},"author":2,"featured_media":133935,"comment_status":"","ping_status":"","sticky":false,"template":"","format":"standard","meta":{"footnotes":""},"categories":[173],"tags":[229,233,231,230,232,234,146,147,25,24,23],"class_list":{"0":"post-133934","1":"post","2":"type-post","3":"status-publish","4":"format-standard","5":"has-post-thumbnail","7":"category-arte-y-diseno","8":"tag-arte","9":"tag-arte-y-diseno","10":"tag-arts","11":"tag-arts-and-design","12":"tag-design","13":"tag-diseno","14":"tag-entertainment","15":"tag-entretenimiento","16":"tag-es","17":"tag-espana","18":"tag-spain"},"share_on_mastodon":{"url":"","error":""},"_links":{"self":[{"href":"https:\/\/www.europesays.com\/es\/wp-json\/wp\/v2\/posts\/133934","targetHints":{"allow":["GET"]}}],"collection":[{"href":"https:\/\/www.europesays.com\/es\/wp-json\/wp\/v2\/posts"}],"about":[{"href":"https:\/\/www.europesays.com\/es\/wp-json\/wp\/v2\/types\/post"}],"author":[{"embeddable":true,"href":"https:\/\/www.europesays.com\/es\/wp-json\/wp\/v2\/users\/2"}],"replies":[{"embeddable":true,"href":"https:\/\/www.europesays.com\/es\/wp-json\/wp\/v2\/comments?post=133934"}],"version-history":[{"count":0,"href":"https:\/\/www.europesays.com\/es\/wp-json\/wp\/v2\/posts\/133934\/revisions"}],"wp:featuredmedia":[{"embeddable":true,"href":"https:\/\/www.europesays.com\/es\/wp-json\/wp\/v2\/media\/133935"}],"wp:attachment":[{"href":"https:\/\/www.europesays.com\/es\/wp-json\/wp\/v2\/media?parent=133934"}],"wp:term":[{"taxonomy":"category","embeddable":true,"href":"https:\/\/www.europesays.com\/es\/wp-json\/wp\/v2\/categories?post=133934"},{"taxonomy":"post_tag","embeddable":true,"href":"https:\/\/www.europesays.com\/es\/wp-json\/wp\/v2\/tags?post=133934"}],"curies":[{"name":"wp","href":"https:\/\/api.w.org\/{rel}","templated":true}]}}