{"id":133936,"date":"2025-09-23T13:30:14","date_gmt":"2025-09-23T13:30:14","guid":{"rendered":"https:\/\/www.europesays.com\/es\/133936\/"},"modified":"2025-09-23T13:30:14","modified_gmt":"2025-09-23T13:30:14","slug":"javier-milei-presentara-su-nuevo-libro-la-construccion-del-milagro-con-un-evento-masivo-a-20-dias-de-las-elecciones","status":"publish","type":"post","link":"https:\/\/www.europesays.com\/es\/133936\/","title":{"rendered":"Javier Milei presentar\u00e1 su nuevo libro \u201cLa construcci\u00f3n del milagro\u201d, con un evento masivo a 20 d\u00edas de las elecciones"},"content":{"rendered":"<p><img alt=\"Milei presentar\u00e1 su nuevo libro\" class=\"global-image\" decoding=\"async\" fetchpriority=\"high\" height=\"1080\" loading=\"eager\" src=\"https:\/\/www.europesays.com\/es\/wp-content\/uploads\/2025\/09\/X7TH6LIPORAURA7VIWBGYRBBSQ.jpg\" width=\"1920\"\/>Milei presentar\u00e1 su nuevo libro en un evento que convocar\u00e1 a la militancia libertaria<\/p>\n<p class=\"paragraph\">El presidente <b>Javier Milei<\/b> encabezar\u00e1 el pr\u00f3ximo 6 de octubre la presentaci\u00f3n de su nuevo libro, \u201cLa construcci\u00f3n del milagro\u201d, en un evento que combinar\u00e1 una feria del libro de corte libertario y un acto pol\u00edtico multitudinario. Este acontecimiento tendr\u00e1 lugar veinte d\u00edas antes de las elecciones nacionales y se configura como el espacio donde <b>se fusionar\u00e1n la narrativa editorial y la estrategia pol\u00edtica<\/b> del libertarismo en Argentina.<\/p>\n<p class=\"paragraph\">El recinto, con capacidad para 14.000 personas, se prepara para recibir un evento de magnitud: no solo ser\u00e1 el lanzamiento de una obra de 575 p\u00e1ginas, sino tambi\u00e9n una demostraci\u00f3n de fuerza y presencia p\u00fablica por parte del presidente, a pocos d\u00edas del 26 de octubre, fecha clave de la contienda electoral.<\/p>\n<p><img alt=\"En agosto del 2023, Milei\" class=\"global-image\" decoding=\"async\" fetchpriority=\"low\" height=\"2000\" loading=\"lazy\" src=\"https:\/\/www.europesays.com\/es\/wp-content\/uploads\/2025\/09\/46QIIN4W25GD3KRUQ2ENM3CVBE.JPG\" width=\"3008\"\/>En agosto del 2023, Milei estuvo en el mismo estadio durante la campa\u00f1a que lo llev\u00f3 a la Presidencia <\/p>\n<p class=\"paragraph\">La editorial <b>Hojas del Sur<\/b>, organizadora del encuentro, difundi\u00f3 el mensaje: \u201cLos bur\u00f3cratas quieren que olvides que son tus empleados. Ellos se creen reyes. El 6 de octubre en el Movistar Arena, presentamos el libro que los desnuda\u201d, acompa\u00f1ado por una imagen de portada en la que Milei aparece con una motosierra y el lema \u201cLas Fuerzas del Cielo\u201d. Este simbolismo refiere a la idea de derribar estructuras y desafiar los reg\u00edmenes previos, con un texto que funciona como manual de batalla cultural m\u00e1s que como tratado acad\u00e9mico.<\/p>\n<p class=\"paragraph\">El presidente replic\u00f3 el anuncio desde su perfil en X y en Instagram, convoc\u00f3 directamente a su audiencia: \u201cReserva tus entradas. LA LIBERTAD AVANZA O ARGENTINA RETROCEDE VIVA LA LIBERTAD CARAJO\u201d. Esta invitaci\u00f3n, planteada en un tono frontal y entusiasta, destaca <b>su estilo confrontativo y disruptivo<\/b> y deja ver su rechazo a las burocracias y estructuras tradicionales.<\/p>\n<p class=\"paragraph\">\u201cLa construcci\u00f3n del milagro\u201d es \u00edntegramente de autor\u00eda de <b>Milei<\/b>, y seg\u00fan fuentes involucradas en la redacci\u00f3n y presentaci\u00f3n del libro, tiene una conexi\u00f3n con el libro \u201cMilei. La revoluci\u00f3n que no vieron venir\u201d, la biograf\u00eda autorizada escrita por Marcelo Duclos y Nicol\u00e1s M\u00e1rquez. <\/p>\n<p class=\"paragraph\">En este trabajo, ampl\u00eda y profundiza sus discursos m\u00e1s emblem\u00e1ticos en textos que adquieren forma de mini-ensayos, superando la l\u00f3gica militante para plantear una declaraci\u00f3n de principios filos\u00f3fico-pol\u00edticos.<\/p>\n<p class=\"paragraph\">Los pr\u00f3logos est\u00e1n a cargo del diputado Bertie Benegas Lynch y de Marcelo Duclos, quienes definen el tono general de la obra. El contenido se organiza en tres cap\u00edtulos: \u201cDe la teor\u00eda a la realidad\u201d, \u201cBases econ\u00f3micas y filos\u00f3ficas\u201d y \u201cEl caso argentino, la construcci\u00f3n del milagro\u201d. El libro expone la visi\u00f3n de una Argentina distinta, que, seg\u00fan Milei, est\u00e1 por emerger, marcada por <b>m\u00e1s libertad y un Estado reducido<\/b>.<\/p>\n<p class=\"paragraph\">En 575 p\u00e1ginas, la obra se distancia del an\u00e1lisis t\u00e9cnico para enfatizar que el debate central reside en ideas y valores y no en estad\u00edsticas. \u201cNo hay planillas de Excel\u201d, explicaron fuentes involucradas en la producci\u00f3n. All\u00ed se reflejan ideas centrales de Milei, <b>como la que sostiene que la divisi\u00f3n entre peronistas, radicales o socialistas se diluyen ante modelos contrapuestos: es m\u00e1s o menos Estado<\/b>.<\/p>\n<p class=\"paragraph\">El proceso de creaci\u00f3n se extendi\u00f3 por m\u00e1s de dos a\u00f1os y el t\u00edtulo definitivo se eligi\u00f3 hace ocho meses. La versi\u00f3n final se cerr\u00f3 hace un mes, respetando la coherencia del discurso que el presidente viene desarrollando desde foros internacionales como Davos o la ONU. La obra muestra a un Milei firme en su pensamiento, asumiendo el rol de constructor de una nueva Argentina con posturas contundentes, como el rechazo al aborto y una posici\u00f3n pro-vida, adem\u00e1s de un respaldo sin grises a Israel.<\/p>\n<p class=\"paragraph\">La frase de Milei resume el esp\u00edritu del libro: hay desarrollo filos\u00f3fico y un ideario centrado en <b>la libertad absoluta, la reducci\u00f3n del Estado y el rechazo al burocratismo<\/b>.<\/p>\n<p><img alt=\"La publicidad del evento \" class=\"global-image\" decoding=\"async\" fetchpriority=\"low\" height=\"733\" loading=\"lazy\" src=\"https:\/\/www.europesays.com\/es\/wp-content\/uploads\/2025\/09\/MH47SYJHGFGI7B3NWACSJVHFLE.png\" width=\"705\"\/>La publicidad del evento <\/p>\n<p class=\"paragraph\">La jornada tambi\u00e9n dar\u00e1 inicio a la segunda<b> Feria del Libro Libertaria<\/b>, impulsada por <b>Hojas del Sur<\/b> tras una primera edici\u00f3n en C\u00f3rdoba. En esta ocasi\u00f3n, se exhibir\u00e1n m\u00e1s de 1.500 t\u00edtulos de 300 autores liberales y de derecha, consolidando la imagen de un movimiento cultural que busca visibilidad y legitimidad. <\/p>\n<p class=\"paragraph\">El d\u00eda de la presentaci\u00f3n, a las 17 se abrir\u00e1n las puertas para recorrer la feria; a las 19, comenzar\u00e1 el acto principal, con una disertaci\u00f3n del escritor <b>Agust\u00edn Laje<\/b> y, luego, el discurso central del presidente Milei.<\/p>\n<p class=\"paragraph\">Este evento, privado y desligado de la estructura gubernamental, buscar\u00e1 reforzar el mensaje de un presidente que decide distanciarse de los espacios institucionales para promover su propia narrativa pol\u00edtica en la recta final de la elecci\u00f3n, que asoma como un <b>duelo directo con el kirchnerismo<\/b>.<\/p>\n<p class=\"paragraph\">Seg\u00fan revelaron los organizadores, est\u00e1 prevista la presencia de la militancia y la dirigencia libertaria argentina, pero tambi\u00e9n fueron convocados l\u00edderes de otros pa\u00edses de la regi\u00f3n. Es que Milei emerge como una referencia que trasciende las fronteras nacionales.<\/p>\n<p class=\"paragraph\">En un pa\u00eds marcado por la polarizaci\u00f3n, \u201cLa construcci\u00f3n del milagro\u201d se instala como s\u00edmbolo: Milei se presenta a la vez como l\u00edder, autor y referente ideol\u00f3gico. La consigna \u201cla libertad avanza o Argentina retrocede\u201d aparece no solo como eslogan, sino como planteo central de una campa\u00f1a que, adem\u00e1s de pol\u00edtica, resulta una verdadera batalla cultural y simb\u00f3lica.<\/p>\n<p class=\"paragraph\">La presentaci\u00f3n representa mucho m\u00e1s que la publicaci\u00f3n de un libro. Es el despliegue de poder de Milei y el afianzamiento de una narrativa que lo acompa\u00f1\u00f3 desde el inicio de su carrera pol\u00edtica. En un escenario donde el poder se disputa tambi\u00e9n a trav\u00e9s de s\u00edmbolos y gestos, este acto env\u00eda un mensaje directo a seguidores y opositores: <b>la revoluci\u00f3n cultural y pol\u00edtica no solo persiste, sino que se consolida y se expone ante la sociedad<\/b>.<\/p>\n<p class=\"paragraph\">La cita del 6 de octubre en el Movistar Arena trasciende el \u00e1mbito editorial. Es una puesta en escena pol\u00edtica de gran impacto, un llamado a reconsiderar el rumbo de Argentina y una invitaci\u00f3n a quienes comparten la convicci\u00f3n de que <b>la libertad es el camino para transformar el pa\u00eds<\/b>.<\/p>\n","protected":false},"excerpt":{"rendered":"Milei presentar\u00e1 su nuevo libro en un evento que convocar\u00e1 a la militancia libertaria El presidente Javier Milei&hellip;\n","protected":false},"author":2,"featured_media":133937,"comment_status":"","ping_status":"","sticky":false,"template":"","format":"standard","meta":{"footnotes":""},"categories":[172],"tags":[224,146,147,25,24,225,23],"class_list":{"0":"post-133936","1":"post","2":"type-post","3":"status-publish","4":"format-standard","5":"has-post-thumbnail","7":"category-libros","8":"tag-books","9":"tag-entertainment","10":"tag-entretenimiento","11":"tag-es","12":"tag-espana","13":"tag-libros","14":"tag-spain"},"share_on_mastodon":{"url":"","error":""},"_links":{"self":[{"href":"https:\/\/www.europesays.com\/es\/wp-json\/wp\/v2\/posts\/133936","targetHints":{"allow":["GET"]}}],"collection":[{"href":"https:\/\/www.europesays.com\/es\/wp-json\/wp\/v2\/posts"}],"about":[{"href":"https:\/\/www.europesays.com\/es\/wp-json\/wp\/v2\/types\/post"}],"author":[{"embeddable":true,"href":"https:\/\/www.europesays.com\/es\/wp-json\/wp\/v2\/users\/2"}],"replies":[{"embeddable":true,"href":"https:\/\/www.europesays.com\/es\/wp-json\/wp\/v2\/comments?post=133936"}],"version-history":[{"count":0,"href":"https:\/\/www.europesays.com\/es\/wp-json\/wp\/v2\/posts\/133936\/revisions"}],"wp:featuredmedia":[{"embeddable":true,"href":"https:\/\/www.europesays.com\/es\/wp-json\/wp\/v2\/media\/133937"}],"wp:attachment":[{"href":"https:\/\/www.europesays.com\/es\/wp-json\/wp\/v2\/media?parent=133936"}],"wp:term":[{"taxonomy":"category","embeddable":true,"href":"https:\/\/www.europesays.com\/es\/wp-json\/wp\/v2\/categories?post=133936"},{"taxonomy":"post_tag","embeddable":true,"href":"https:\/\/www.europesays.com\/es\/wp-json\/wp\/v2\/tags?post=133936"}],"curies":[{"name":"wp","href":"https:\/\/api.w.org\/{rel}","templated":true}]}}