{"id":133938,"date":"2025-09-23T13:31:15","date_gmt":"2025-09-23T13:31:15","guid":{"rendered":"https:\/\/www.europesays.com\/es\/133938\/"},"modified":"2025-09-23T13:31:15","modified_gmt":"2025-09-23T13:31:15","slug":"no-se-como-aguante-para-no-dar-en-la-cabeza-a-los-fotografos-que-metian-la-camara-debajo-del-vestido-para-sacarte-las-bragas","status":"publish","type":"post","link":"https:\/\/www.europesays.com\/es\/133938\/","title":{"rendered":"No s\u00e9 c\u00f3mo aguant\u00e9 para no dar en la cabeza a los fot\u00f3grafos que met\u00edan la c\u00e1mara debajo del vestido para sacarte las bragas"},"content":{"rendered":"<p>De todos los nombres que nacieron del fen\u00f3meno televisivo de Operaci\u00f3n Triunfo, pocos han logrado permanecer tan vigentes y coherentes como el de <a title=\"Chenoa \" href=\"https:\/\/www.larazon.es\/television\/programas\/chenoa-moja-posible-reencuentro-operacion-triunfo-1-ojala_2025091568c8349fd8e27966645cd4ef.html\" target=\"_blank\" rel=\"nofollow noopener\">Chenoa <\/a>(Mar del Plata, 1975). Dos d\u00e9cadas despu\u00e9s de aquella primera edici\u00f3n que cambi\u00f3 la historia de la m\u00fasica en Espa\u00f1a, la <a title=\"artista \" href=\"https:\/\/www.larazon.es\/television\/que-chenoa-convertido-rostro-mas-cotizado_2025081968a46750db5881631007e4ae.html\" target=\"_blank\" rel=\"nofollow noopener\">artista <\/a>no solo sigue ligada al formato, sino que se ha convertido en su anfitriona. Repite como presentadora de la nueva temporada, esta vez desde Prime Video, y lo hace con la ilusi\u00f3n intacta.<\/p>\n<p>En conversaci\u00f3n con El Mundo, <a title=\"Chenoa \" href=\"https:\/\/www.larazon.es\/cultura\/musica\/chenoa-interesa-amor_202507246881762fabb2960d1fb2d8c5.html\" target=\"_blank\" rel=\"nofollow noopener\">Chenoa <\/a><b>confiesa que volver a OT significa reencontrarse con sus propios or\u00edgenes<\/b>: \u00abEs adrenalina y emoci\u00f3n. El programa me vio nacer y, de alguna manera, siempre vuelvo a sentir lo que viven los chicos\u00bb. Esa empat\u00eda, asegura, es su forma de conectar: \u00abS\u00e9 lo que sufren y tambi\u00e9n lo que disfrutan. Eso nunca se olvida\u00bb.<\/p>\n<p>Juzgada<\/p>\n<p>La <a title=\"cantante \" href=\"https:\/\/www.larazon.es\/gente\/famosos\/chenoa-mas-sincera-que-nunca-desvela-que-esta-cerrada-amor-ruptura-miguel-encinas-prioridad_2025033167eaa79cfefb4200017db9f7.html\" target=\"_blank\" rel=\"nofollow noopener\">cantante <\/a>reconoce que quiz\u00e1 su perfil hubiera encajado mejor en una edici\u00f3n actual, m\u00e1s abierta y menos cr\u00edtica con las mujeres que se mostraban firmes o feministas. \u00abS\u00ed, hubiera tenido m\u00e1s espacio para expresarme sin ser tan juzgada. Aunque, claro, ahora tambi\u00e9n hay m\u00e1s medios para criticar\u00bb, reflexiona.<\/p>\n<p><img decoding=\"async\" loading=\"lazy\" src=\"https:\/\/www.europesays.com\/es\/wp-content\/uploads\/2025\/09\/look-chenoa-semifinal_123.jpg\" alt=\"El look de Chenoa en la semifinal de 'OT'.\" width=\"1080\" height=\"1340\"\/><b>El look de Chenoa en la semifinal de &#8216;OT&#8217;.<\/b>@Chenoa<\/p>\n<p>Su car\u00e1cter -a veces tildado de fuerte, otras de inc\u00f3modo- ha terminado por convertirse en una de sus marcas de identidad. \u00abSoy bastante obvia, para bien o para mal. Lo que ves es lo que soy. Ahora le pongo m\u00e1s humor, porque el car\u00e1cter desgasta, pero si me buscan, me encuentran. Va en mi sangre\u00bb, admite.<\/p>\n<p><b>A punto de cumplir 50, no teme a la edad ni a lo que conlleva.<\/b> Con iron\u00eda y naturalidad, desmonta cualquier t\u00f3pico: \u00abC\u00f3mo voy a tener crisis de los 50 si hago deporte cuatro veces por semana, levanto kilos que da gusto verme y aguanto una plancha de un minuto aunque sude como un perro\u00bb. No presume de gen\u00e9tica ni de f\u00edsico perfecto, pero s\u00ed de constancia y vitalidad: <b>\u00abMe gusta entrenar en casa, pongo v\u00eddeos en YouTube, quito la mesa del sal\u00f3n y me pongo a darle ca\u00f1a. Y si me despisto y me como unos turrones, tampoco pasa nada\u00bb.<\/b><\/p>\n<p>La serenidad, sin embargo, no le ha robado ambici\u00f3n. Chenoa se reconoce como \u00abjuglar\u00bb moderno, una figura que, seg\u00fan ella, sirve para recordar que su misi\u00f3n es entretener: \u00abEn un mundo lleno de tertulias y tod\u00f3logos, yo me dedico a divertir. No me meto con nadie y me r\u00edo primero de m\u00ed\u00bb.<\/p>\n<p>Su carrera, asegura, no ha estado exenta de ca\u00eddas, pero nunca de fracasos: <b>\u00abYo no s\u00e9 caerme a medias, me caigo bien, fuerte, pero siempre con ganas de volver a levantarme. El sol sigue saliendo y la vida mola bastante\u00bb.<\/b><\/p>\n<p>Convertida en presentadora estrella, cantante a ratos y s\u00edmbolo generacional, Chenoa afronta esta etapa con madurez y sentido del humor. Lo del famoso ch\u00e1ndal gris, dice, pertenece a otra vida: \u00abEs como hablar de un exnovio de hace mil a\u00f1os. Yo ya soy otra\u00bb. Adem\u00e1s, afirma que no s\u00e1be <b>\u00abc\u00f3mo aguant\u00e9 sin darles en la cabeza a los fot\u00f3grafos que met\u00edan la c\u00e1mara debajo del vestido para sacarte las bragas\u00bb.<\/b><\/p>\n","protected":false},"excerpt":{"rendered":"De todos los nombres que nacieron del fen\u00f3meno televisivo de Operaci\u00f3n Triunfo, pocos han logrado permanecer tan vigentes&hellip;\n","protected":false},"author":2,"featured_media":133939,"comment_status":"","ping_status":"","sticky":false,"template":"","format":"standard","meta":{"footnotes":""},"categories":[171],"tags":[146,147,25,24,23,214],"class_list":{"0":"post-133938","1":"post","2":"type-post","3":"status-publish","4":"format-standard","5":"has-post-thumbnail","7":"category-tv","8":"tag-entertainment","9":"tag-entretenimiento","10":"tag-es","11":"tag-espana","12":"tag-spain","13":"tag-tv"},"share_on_mastodon":{"url":"","error":""},"_links":{"self":[{"href":"https:\/\/www.europesays.com\/es\/wp-json\/wp\/v2\/posts\/133938","targetHints":{"allow":["GET"]}}],"collection":[{"href":"https:\/\/www.europesays.com\/es\/wp-json\/wp\/v2\/posts"}],"about":[{"href":"https:\/\/www.europesays.com\/es\/wp-json\/wp\/v2\/types\/post"}],"author":[{"embeddable":true,"href":"https:\/\/www.europesays.com\/es\/wp-json\/wp\/v2\/users\/2"}],"replies":[{"embeddable":true,"href":"https:\/\/www.europesays.com\/es\/wp-json\/wp\/v2\/comments?post=133938"}],"version-history":[{"count":0,"href":"https:\/\/www.europesays.com\/es\/wp-json\/wp\/v2\/posts\/133938\/revisions"}],"wp:featuredmedia":[{"embeddable":true,"href":"https:\/\/www.europesays.com\/es\/wp-json\/wp\/v2\/media\/133939"}],"wp:attachment":[{"href":"https:\/\/www.europesays.com\/es\/wp-json\/wp\/v2\/media?parent=133938"}],"wp:term":[{"taxonomy":"category","embeddable":true,"href":"https:\/\/www.europesays.com\/es\/wp-json\/wp\/v2\/categories?post=133938"},{"taxonomy":"post_tag","embeddable":true,"href":"https:\/\/www.europesays.com\/es\/wp-json\/wp\/v2\/tags?post=133938"}],"curies":[{"name":"wp","href":"https:\/\/api.w.org\/{rel}","templated":true}]}}