{"id":133942,"date":"2025-09-23T13:34:09","date_gmt":"2025-09-23T13:34:09","guid":{"rendered":"https:\/\/www.europesays.com\/es\/133942\/"},"modified":"2025-09-23T13:34:09","modified_gmt":"2025-09-23T13:34:09","slug":"asi-fue-la-llegada-del-real-madrid-a-valencia","status":"publish","type":"post","link":"https:\/\/www.europesays.com\/es\/133942\/","title":{"rendered":"As\u00ed fue la llegada del Real Madrid a Valencia"},"content":{"rendered":"<p>El\u00a0<b>Real Madrid<\/b>\u00a0ya est\u00e1 en Valencia, donde afronta esta noche el partido de la sexta jornada de\u00a0<b>Liga<\/b>. La expedici\u00f3n madridista, con estos jugadores en la <b><a href=\"https:\/\/www.realmadrid.com\/es-ES\/noticias\/futbol\/primer-equipo\/convocatorias\/convocatoria-del-real-madrid-ante-el-levante-22-09-2025\" target=\"_blank\" rel=\"noopener noreferrer nofollow\">convocatoria<\/a><\/b>, parti\u00f3 desde el aeropuerto Adolfo Su\u00e1rez Madrid-Barajas rumbo al de Valencia, donde aterriz\u00f3 tras un vuelo de poco m\u00e1s de una hora.<\/p>\n<p>A continuaci\u00f3n, los jugadores se desplazaron al hotel Palau de la Mar, en el que permanecer\u00e1n concentrados hasta poco antes del inicio del partido contra el Levante en el estadio Ciudad de Valencia\u00a0(21:30 h, Orange TV y Movistar LaLiga).<\/p>\n","protected":false},"excerpt":{"rendered":"El\u00a0Real Madrid\u00a0ya est\u00e1 en Valencia, donde afronta esta noche el partido de la sexta jornada de\u00a0Liga. La expedici\u00f3n&hellip;\n","protected":false},"author":2,"featured_media":107148,"comment_status":"","ping_status":"","sticky":false,"template":"","format":"standard","meta":{"footnotes":""},"categories":[93],"tags":[168,25,24,23,167],"class_list":{"0":"post-133942","1":"post","2":"type-post","3":"status-publish","4":"format-standard","5":"has-post-thumbnail","7":"category-deportes","8":"tag-deportes","9":"tag-es","10":"tag-espana","11":"tag-spain","12":"tag-sports"},"share_on_mastodon":{"url":"","error":""},"_links":{"self":[{"href":"https:\/\/www.europesays.com\/es\/wp-json\/wp\/v2\/posts\/133942","targetHints":{"allow":["GET"]}}],"collection":[{"href":"https:\/\/www.europesays.com\/es\/wp-json\/wp\/v2\/posts"}],"about":[{"href":"https:\/\/www.europesays.com\/es\/wp-json\/wp\/v2\/types\/post"}],"author":[{"embeddable":true,"href":"https:\/\/www.europesays.com\/es\/wp-json\/wp\/v2\/users\/2"}],"replies":[{"embeddable":true,"href":"https:\/\/www.europesays.com\/es\/wp-json\/wp\/v2\/comments?post=133942"}],"version-history":[{"count":0,"href":"https:\/\/www.europesays.com\/es\/wp-json\/wp\/v2\/posts\/133942\/revisions"}],"wp:featuredmedia":[{"embeddable":true,"href":"https:\/\/www.europesays.com\/es\/wp-json\/wp\/v2\/media\/107148"}],"wp:attachment":[{"href":"https:\/\/www.europesays.com\/es\/wp-json\/wp\/v2\/media?parent=133942"}],"wp:term":[{"taxonomy":"category","embeddable":true,"href":"https:\/\/www.europesays.com\/es\/wp-json\/wp\/v2\/categories?post=133942"},{"taxonomy":"post_tag","embeddable":true,"href":"https:\/\/www.europesays.com\/es\/wp-json\/wp\/v2\/tags?post=133942"}],"curies":[{"name":"wp","href":"https:\/\/api.w.org\/{rel}","templated":true}]}}