{"id":133943,"date":"2025-09-23T13:35:10","date_gmt":"2025-09-23T13:35:10","guid":{"rendered":"https:\/\/www.europesays.com\/es\/133943\/"},"modified":"2025-09-23T13:35:10","modified_gmt":"2025-09-23T13:35:10","slug":"las-fechas-claves-de-septiembre-para-la-vacunacion","status":"publish","type":"post","link":"https:\/\/www.europesays.com\/es\/133943\/","title":{"rendered":"las fechas claves de septiembre para la vacunaci\u00f3n"},"content":{"rendered":"\n<p> Andaluc\u00eda se adelanta al resto de Espa\u00f1a en la <a href=\"https:\/\/www.alimente.elconfidencial.com\/bienestar\/2024-01-11\/por-que-ha-fallado-la-campana-de-vacunacion-gripe_3808765\/\" target=\"_self\" rel=\"nofollow noopener\">campa\u00f1a de vacunaci\u00f3n contra la gripe y otros virus respiratorios<\/a>. La Consejer\u00eda de Salud y Consumo ha confirmado que el pr\u00f3ximo martes 30 de septiembre arrancar\u00e1 el proceso, con un calendario escalonado que<strong> prioriza a los colectivos m\u00e1s vulnerables<\/strong> y se extender\u00e1 de manera progresiva durante octubre. <\/p>\n<p> El primer turno ser\u00e1 para los ni\u00f1os de entre 6 y 59 meses, las <a href=\"https:\/\/www.elconfidencial.com\/mundo\/2024-05-02\/europa-este-brote-tosferina-ninos-espana-ventaja_3876630\/\" target=\"_self\" rel=\"nofollow noopener\">mujeres embarazadas<\/a> y los docentes que trabajan con menores de 5 a\u00f1os. Seg\u00fan la consejera Roc\u00edo Hern\u00e1ndez, la estrategia busca blindar a quienes tienen mayor riesgo de complicaciones y <strong>a quienes est\u00e1n en contacto directo con ellos.<\/strong> <\/p>\n<p> Como novedad, este a\u00f1o los convivientes de <strong>menores de cinco a\u00f1os, mayores de 60, embarazadas y personas con patolog\u00edas cr\u00f3nicas<\/strong> tambi\u00e9n podr\u00e1n vacunarse junto a ellos, reforzando as\u00ed la protecci\u00f3n en el entorno familiar. <\/p>\n<p>            Fechas clave de la campa\u00f1a           <\/p>\n<p> El calendario establecido por la Junta contempla distintas fases durante el mes de octubre: <\/p>\n<ul class=\"bodyList bodyList--unordered\">\n<li class=\"bodyList__item\"><strong>6 de octubre<\/strong>: residencias de mayores, centros de discapacidad, personal sanitario y sociosanitario.<\/li>\n<li class=\"bodyList__item\"><strong>14 de octubre<\/strong>: personas de 80 a\u00f1os o m\u00e1s y grandes dependientes en domicilio.<\/li>\n<li class=\"bodyList__item\"><strong>20 de octubre<\/strong>: personas de 70 a\u00f1os o m\u00e1s, as\u00ed como ni\u00f1os de 5 a\u00f1os en adelante con patolog\u00edas cr\u00f3nicas.<\/li>\n<li class=\"bodyList__item\"><strong>27 de octubre<\/strong>: personas de 60 a\u00f1os o m\u00e1s, profesionales esenciales (Fuerzas y Cuerpos de Seguridad, bomberos, protecci\u00f3n civil), personal con exposici\u00f3n a animales e instituciones penitenciarias.<\/li>\n<\/ul>\n<p> \u201cEl objetivo general es claro: <a href=\"https:\/\/www.alimente.elconfidencial.com\/bienestar\/2024-10-07\/razones-vacunarse-virologia-gripe-covid_3977794\/\" target=\"_self\" rel=\"nofollow noopener\">prevenir complicaciones graves en los grupos de mayor riesgo<\/a>\u201d, destac\u00f3 Hern\u00e1ndez. <\/p>\n<p> Esta ser\u00e1 la cuarta campa\u00f1a consecutiva en la que <a href=\"https:\/\/www.alimente.elconfidencial.com\/bienestar\/2024-03-05\/eficacia-vacuna-bronquiolitis-menos-urgencias_3842147\/\" target=\"_self\" rel=\"nofollow noopener\">Andaluc\u00eda vacunar\u00e1 a los menores de 5 a\u00f1os<\/a>, medida que <strong>ha demostrado reducir hasta un 70% los ingresos hospitalarios<\/strong> en este grupo. Adem\u00e1s, los ni\u00f1os de 3 y 4 a\u00f1os recibir\u00e1n de nuevo la vacuna intranasal en los colegios, una f\u00f3rmula que el curso pasado permiti\u00f3 alcanzar una cobertura del 65%. <\/p>\n<p> En paralelo, se administrar\u00e1 la vacuna frente a la Covid, cuya recomendaci\u00f3n<strong> se ha elevado a mayores de 70 a\u00f1os<\/strong> y personas con patolog\u00edas de riesgo, dado que son los colectivos que concentran m\u00e1s ingresos hospitalarios. <\/p>\n<p> Adem\u00e1s de la <a href=\"https:\/\/www.alimente.elconfidencial.com\/bienestar\/2024-01-11\/por-que-ha-fallado-la-campana-de-vacunacion-gripe_3808765\/\" target=\"_self\" rel=\"nofollow noopener\">gripe<\/a> y la Covid, la Junta ha iniciado la tercera campa\u00f1a de inmunizaci\u00f3n contra el virus respiratorio sincitial (VRS), principal causante de bronquiolitis en beb\u00e9s. Este oto\u00f1o se vacunar\u00e1 a los nacidos a partir del 1 de abril y a todos los lactantes que nazcan hasta el 31 de marzo de 2026, <strong>preferentemente en el paritorio antes del alta hospitalaria.<\/strong> <\/p>\n<p> Andaluc\u00eda se adelanta al resto de Espa\u00f1a en la <a href=\"https:\/\/www.alimente.elconfidencial.com\/bienestar\/2024-01-11\/por-que-ha-fallado-la-campana-de-vacunacion-gripe_3808765\/\" target=\"_self\" rel=\"nofollow noopener\">campa\u00f1a de vacunaci\u00f3n contra la gripe y otros virus respiratorios<\/a>. La Consejer\u00eda de Salud y Consumo ha confirmado que el pr\u00f3ximo martes 30 de septiembre arrancar\u00e1 el proceso, con un calendario escalonado que<strong> prioriza a los colectivos m\u00e1s vulnerables<\/strong> y se extender\u00e1 de manera progresiva durante octubre. <\/p>\n","protected":false},"excerpt":{"rendered":"Andaluc\u00eda se adelanta al resto de Espa\u00f1a en la campa\u00f1a de vacunaci\u00f3n contra la gripe y otros virus&hellip;\n","protected":false},"author":2,"featured_media":133944,"comment_status":"","ping_status":"","sticky":false,"template":"","format":"standard","meta":{"footnotes":""},"categories":[92],"tags":[25,24,165,166,23],"class_list":{"0":"post-133943","1":"post","2":"type-post","3":"status-publish","4":"format-standard","5":"has-post-thumbnail","7":"category-salud","8":"tag-es","9":"tag-espana","10":"tag-health","11":"tag-salud","12":"tag-spain"},"share_on_mastodon":{"url":"","error":""},"_links":{"self":[{"href":"https:\/\/www.europesays.com\/es\/wp-json\/wp\/v2\/posts\/133943","targetHints":{"allow":["GET"]}}],"collection":[{"href":"https:\/\/www.europesays.com\/es\/wp-json\/wp\/v2\/posts"}],"about":[{"href":"https:\/\/www.europesays.com\/es\/wp-json\/wp\/v2\/types\/post"}],"author":[{"embeddable":true,"href":"https:\/\/www.europesays.com\/es\/wp-json\/wp\/v2\/users\/2"}],"replies":[{"embeddable":true,"href":"https:\/\/www.europesays.com\/es\/wp-json\/wp\/v2\/comments?post=133943"}],"version-history":[{"count":0,"href":"https:\/\/www.europesays.com\/es\/wp-json\/wp\/v2\/posts\/133943\/revisions"}],"wp:featuredmedia":[{"embeddable":true,"href":"https:\/\/www.europesays.com\/es\/wp-json\/wp\/v2\/media\/133944"}],"wp:attachment":[{"href":"https:\/\/www.europesays.com\/es\/wp-json\/wp\/v2\/media?parent=133943"}],"wp:term":[{"taxonomy":"category","embeddable":true,"href":"https:\/\/www.europesays.com\/es\/wp-json\/wp\/v2\/categories?post=133943"},{"taxonomy":"post_tag","embeddable":true,"href":"https:\/\/www.europesays.com\/es\/wp-json\/wp\/v2\/tags?post=133943"}],"curies":[{"name":"wp","href":"https:\/\/api.w.org\/{rel}","templated":true}]}}