{"id":133951,"date":"2025-09-23T13:39:04","date_gmt":"2025-09-23T13:39:04","guid":{"rendered":"https:\/\/www.europesays.com\/es\/133951\/"},"modified":"2025-09-23T13:39:04","modified_gmt":"2025-09-23T13:39:04","slug":"acusan-a-un-hombre-de-apuntar-con-un-puntero-laser-a-un-helicoptero-en-el-que-viajaba-trump","status":"publish","type":"post","link":"https:\/\/www.europesays.com\/es\/133951\/","title":{"rendered":"Acusan a un hombre de apuntar con un puntero l\u00e1ser a un helic\u00f3ptero en el que viajaba Trump"},"content":{"rendered":"<p>\n                    Publicado                 23\/09\/2025 &#8211; 13:36 CEST<br \/>\n                \u2022Ultima actualizaci\u00f3n<br \/>\n                                     13:41\n                                        <\/p>\n<p>          <img decoding=\"async\" class=\"c-ad__placeholder__logo\" src=\"https:\/\/static.euronews.com\/website\/images\/logos\/logo-euronews-stacked-outlined-72x72-grey-9.svg\" width=\"72\" height=\"72\" alt=\"\" loading=\"lazy\"\/><br \/>\n          PUBLICIDAD<\/p>\n<p><strong>Un hombre acusado de apuntar con un puntero l\u00e1ser<\/strong> al helic\u00f3ptero presidencial estadounidense Marine One <a href=\"https:\/\/es.euronews.com\/2025\/09\/17\/trump-se-compromete-a-luchar-contra-los-narcoterroristas-latinoamericanos-por-tierra-mar-y\" rel=\"nofollow noopener\" target=\"_blank\">mientras Donald Trump iba a bordo<\/a> ha sido detenido por un delito federal.<\/p>\n<p>Jacob Samuel Winkler, de 33 a\u00f1os y residente en Washington, <strong>est\u00e1 acusado de apuntar con el haz<\/strong> de un puntero l\u00e1ser a una aeronave, un delito castigado con una pena m\u00e1xima de cinco a\u00f1os de prisi\u00f3n.<\/p>\n<p>El Marine One estaba en vuelo el s\u00e1bado <a href=\"https:\/\/es.euronews.com\/my-europe\/2025\/09\/23\/donald-trump-intenta-imponer-su-agenda-politica-a-la-ue-segun-un-informe\" rel=\"nofollow noopener\" target=\"_blank\">cerca de la Casa Blanca <\/a>cuando un agente de patrulla del <strong>Servicio Secreto de EE.UU. vio a Winkler caminando<\/strong> por una acera, sin camiseta y hablando solo, seg\u00fan una <a href=\"https:\/\/storage.courtlistener.com\/recap\/gov.uscourts.dcd.285140\/gov.uscourts.dcd.285140.1.1.pdf\" target=\"_blank\" rel=\"noreferrer nofollow noopener\">declaraci\u00f3n jurada <\/a>redactada por el agente.<\/p>\n<p>El agente dijo que apunt\u00f3 con una linterna a Winkler, quien al parecer contraatac\u00f3 apuntando <strong>con un rayo l\u00e1ser rojo a la cara del agente.<\/strong> Mientras el Marine One sobrevolaba la zona, Winkler levant\u00f3 la vista y dirigi\u00f3 el<a href=\"https:\/\/es.euronews.com\/tag\/lser\" rel=\"nofollow noopener\" target=\"_blank\"> puntero l\u00e1ser<\/a> hacia el helic\u00f3ptero, seg\u00fan el agente. Despu\u00e9s de que el agente lo esposara, <strong>Winkler habl\u00f3 repetidamente de disculparse<\/strong> ante el presidente de Estados Unidos, seg\u00fan la declaraci\u00f3n jurada.<\/p>\n<p>La declaraci\u00f3n judicial no indica si alguien a bordo del helic\u00f3ptero se percat\u00f3 de la presencia del l\u00e1ser. Pero <strong>el agente dijo que la conducta de Winkler podr\u00eda haber cegado o desorientado<\/strong> temporalmente a un piloto, poniendo al Marine One en peligro de colisi\u00f3n a\u00e9rea con otras aeronaves en la zona, seg\u00fan la fiscal federal Jeanine Pirro.<\/p>\n<p>\u00abEste comportamiento <strong>pone en peligro al Marine One y a todos los que van a bordo<\/strong>\u00ab, dijo Pirro en un comunicado. \u00abSi participan en este acto, ser\u00e1n identificados y procesados con todo el peso de la ley\u00bb.<\/p>\n<p>Winkler dijo a los investigadores que apunt\u00f3 con el l\u00e1ser \u00aba todo tipo de cosas, como se\u00f1ales de stop\u00bb, y <strong>que no sab\u00eda que no pod\u00eda apuntar al Marine One<\/strong>, seg\u00fan la declaraci\u00f3n jurada. Los investigadores tambi\u00e9n encontraron un peque\u00f1o cuchillo en su poder, dijo el agente en cuesti\u00f3n.<\/p>\n<p>Fuentes adicionales<strong> \u2022 AP<\/strong><\/p>\n","protected":false},"excerpt":{"rendered":"Publicado 23\/09\/2025 &#8211; 13:36 CEST \u2022Ultima actualizaci\u00f3n 13:41 PUBLICIDAD Un hombre acusado de apuntar con un puntero l\u00e1ser&hellip;\n","protected":false},"author":2,"featured_media":133952,"comment_status":"","ping_status":"","sticky":false,"template":"","format":"standard","meta":{"footnotes":""},"categories":[42],"tags":[17,18,4329,4652,352,13,14,11,61,62,63,64,19,20,9,10,15,16,12,21,22,1056,65,66,67],"class_list":{"0":"post-133951","1":"post","2":"type-post","3":"status-publish","4":"format-standard","5":"has-post-thumbnail","7":"category-internacional","8":"tag-breaking-news","9":"tag-breakingnews","10":"tag-casa-blanca","11":"tag-delito","12":"tag-donald-trump","13":"tag-featured-news","14":"tag-featurednews","15":"tag-headlines","16":"tag-internacional","17":"tag-international","18":"tag-international-news","19":"tag-internationalnews","20":"tag-latest-news","21":"tag-latestnews","22":"tag-news","23":"tag-noticias","24":"tag-noticias-destacadas","25":"tag-noticiasdestacadas","26":"tag-titulares","27":"tag-ultimas-noticias","28":"tag-ultimasnoticias","29":"tag-washington","30":"tag-world","31":"tag-world-news","32":"tag-worldnews"},"share_on_mastodon":{"url":"","error":""},"_links":{"self":[{"href":"https:\/\/www.europesays.com\/es\/wp-json\/wp\/v2\/posts\/133951","targetHints":{"allow":["GET"]}}],"collection":[{"href":"https:\/\/www.europesays.com\/es\/wp-json\/wp\/v2\/posts"}],"about":[{"href":"https:\/\/www.europesays.com\/es\/wp-json\/wp\/v2\/types\/post"}],"author":[{"embeddable":true,"href":"https:\/\/www.europesays.com\/es\/wp-json\/wp\/v2\/users\/2"}],"replies":[{"embeddable":true,"href":"https:\/\/www.europesays.com\/es\/wp-json\/wp\/v2\/comments?post=133951"}],"version-history":[{"count":0,"href":"https:\/\/www.europesays.com\/es\/wp-json\/wp\/v2\/posts\/133951\/revisions"}],"wp:featuredmedia":[{"embeddable":true,"href":"https:\/\/www.europesays.com\/es\/wp-json\/wp\/v2\/media\/133952"}],"wp:attachment":[{"href":"https:\/\/www.europesays.com\/es\/wp-json\/wp\/v2\/media?parent=133951"}],"wp:term":[{"taxonomy":"category","embeddable":true,"href":"https:\/\/www.europesays.com\/es\/wp-json\/wp\/v2\/categories?post=133951"},{"taxonomy":"post_tag","embeddable":true,"href":"https:\/\/www.europesays.com\/es\/wp-json\/wp\/v2\/tags?post=133951"}],"curies":[{"name":"wp","href":"https:\/\/api.w.org\/{rel}","templated":true}]}}