{"id":133959,"date":"2025-09-23T13:43:10","date_gmt":"2025-09-23T13:43:10","guid":{"rendered":"https:\/\/www.europesays.com\/es\/133959\/"},"modified":"2025-09-23T13:43:10","modified_gmt":"2025-09-23T13:43:10","slug":"feria-de-otono-en-aguascalientes-carteles","status":"publish","type":"post","link":"https:\/\/www.europesays.com\/es\/133959\/","title":{"rendered":"Feria de Oto\u00f1o en Aguascalientes. Carteles"},"content":{"rendered":"<p>            <a href=\"https:\/\/www.lascosasdeltoro.com\/wp-content\/uploads\/2025\/09\/IMG-20250923-WA0018.jpg\" data-caption=\"\" rel=\"nofollow noopener\" target=\"_blank\"><img loading=\"lazy\" decoding=\"async\" width=\"696\" height=\"392\" class=\"entry-thumb td-modal-image\" src=\"https:\/\/www.europesays.com\/es\/wp-content\/uploads\/2025\/09\/IMG-20250923-WA0018-696x392.jpg\"   alt=\"\" title=\"IMG-20250923-WA0018\"\/><\/a><\/p>\n<p>Tres corridas de toros, una novillada picada y un festival ben\u00e9fico se celebrar\u00e1n en la Monumental San Marcos entre el 18 de octubre y el 22 de noviembre<\/p>\n<p>La empresa\u00a0<strong>EMSA<\/strong>\u00a0ha oficializado los carteles para la temporada de oto\u00f1o en la ciudad mexicana de\u00a0<strong>Aguascalientes<\/strong>, que se desarrollar\u00e1 entre el\u00a0<strong>18 de octubre<\/strong>\u00a0y el\u00a0<strong>22 de noviembre<\/strong>. Los espect\u00e1culos a celebrar ser\u00e1n tres corridas de toros, una novillada con picadores y un festival taurino ben\u00e9fico. Entre los atractivos de las combinaciones presentadas se encuentra la alternativa del novillero\u00a0<strong>Bruno Aloi<\/strong>.<\/p>\n<p>Carteles<\/p>\n<p>Corridas de toros<\/p>\n<p><strong>S\u00e1bado 18 de octubre<\/strong>: Corrida del 450 Aniversario de la Ciudad. Reses de la ganader\u00eda de\u00a0<strong>Santa B\u00e1rbara<\/strong>\u00a0para\u00a0<strong>Alejandro Talavante<\/strong>,\u00a0<strong>H\u00e9ctor Guti\u00e9rrez<\/strong>\u00a0y\u00a0<strong>Diego San Rom\u00e1n<\/strong>.<\/p>\n<p><strong>Domingo 2 de noviembre<\/strong>: Corrida de Calaveras.\u00a0<strong>Emilio de Justo<\/strong>,\u00a0<strong>Diego S\u00e1nchez<\/strong>\u00a0y\u00a0<strong>Arturo Gilio<\/strong>\u00a0con astados de\u00a0<strong>Las Huertas<\/strong>.<\/p>\n<p><strong>S\u00e1bado 22 de noviembre<\/strong>: Corrida Aniversario de la Monumental. Toros de\u00a0<strong>Villa Carmela<\/strong>\u00a0para\u00a0<strong>Andr\u00e9s Roca Rey<\/strong>,<strong>\u00a0Luis David<\/strong>\u00a0y la alterativa de\u00a0<strong>Bruno Aloi<\/strong>.<\/p>\n<p>Novillada picada<\/p>\n<p><strong>Domingo 16 de noviembre<\/strong>: Novillada en honor al Cristo Negro.\u00a0<strong>C\u00e9sar Ruiz<\/strong>,<strong>\u00a0Andr\u00e9s Garc\u00eda<\/strong>\u00a0y\u00a0<strong>Jes\u00fas Sosa<\/strong>\u00a0ante animales de\u00a0<strong>Palma del R\u00edo<\/strong>.<\/p>\n<p>Festival taurino<\/p>\n<p><strong>S\u00e1bado 1 de noviembre<\/strong>: Festival a beneficio de la Academia Taurina de Aguascalientes. Corn\u00fapetas de diversas ganader\u00edas para el rejoneador\u00a0<strong>Emiliano Gamero<\/strong>\u00a0y los diestros\u00a0<strong>Luis Fernando S\u00e1nchez<\/strong>,\u00a0<strong>Borja Jim\u00e9nez<\/strong>,\u00a0<strong>Jes\u00fas Enrique Colombo<\/strong>,\u00a0<strong>Miguel Aguilar<\/strong>\u00a0y\u00a0<strong>Marco P\u00e9rez<\/strong>.<\/p>\n<p><a href=\"#\"><img decoding=\"async\" src=\"https:\/\/www.lascosasdeltoro.com\/wp-content\/uploads\/2016\/10\/rec728.jpg\"\/><\/a>        <\/p>\n","protected":false},"excerpt":{"rendered":"Tres corridas de toros, una novillada picada y un festival ben\u00e9fico se celebrar\u00e1n en la Monumental San Marcos&hellip;\n","protected":false},"author":2,"featured_media":133960,"comment_status":"","ping_status":"","sticky":false,"template":"","format":"standard","meta":{"footnotes":""},"categories":[277],"tags":[373,168,25,24,23,167,374],"class_list":{"0":"post-133959","1":"post","2":"type-post","3":"status-publish","4":"format-standard","5":"has-post-thumbnail","7":"category-toreo","8":"tag-bullfighting","9":"tag-deportes","10":"tag-es","11":"tag-espana","12":"tag-spain","13":"tag-sports","14":"tag-toreo"},"share_on_mastodon":{"url":"","error":""},"_links":{"self":[{"href":"https:\/\/www.europesays.com\/es\/wp-json\/wp\/v2\/posts\/133959","targetHints":{"allow":["GET"]}}],"collection":[{"href":"https:\/\/www.europesays.com\/es\/wp-json\/wp\/v2\/posts"}],"about":[{"href":"https:\/\/www.europesays.com\/es\/wp-json\/wp\/v2\/types\/post"}],"author":[{"embeddable":true,"href":"https:\/\/www.europesays.com\/es\/wp-json\/wp\/v2\/users\/2"}],"replies":[{"embeddable":true,"href":"https:\/\/www.europesays.com\/es\/wp-json\/wp\/v2\/comments?post=133959"}],"version-history":[{"count":0,"href":"https:\/\/www.europesays.com\/es\/wp-json\/wp\/v2\/posts\/133959\/revisions"}],"wp:featuredmedia":[{"embeddable":true,"href":"https:\/\/www.europesays.com\/es\/wp-json\/wp\/v2\/media\/133960"}],"wp:attachment":[{"href":"https:\/\/www.europesays.com\/es\/wp-json\/wp\/v2\/media?parent=133959"}],"wp:term":[{"taxonomy":"category","embeddable":true,"href":"https:\/\/www.europesays.com\/es\/wp-json\/wp\/v2\/categories?post=133959"},{"taxonomy":"post_tag","embeddable":true,"href":"https:\/\/www.europesays.com\/es\/wp-json\/wp\/v2\/tags?post=133959"}],"curies":[{"name":"wp","href":"https:\/\/api.w.org\/{rel}","templated":true}]}}