{"id":133967,"date":"2025-09-23T13:48:05","date_gmt":"2025-09-23T13:48:05","guid":{"rendered":"https:\/\/www.europesays.com\/es\/133967\/"},"modified":"2025-09-23T13:48:05","modified_gmt":"2025-09-23T13:48:05","slug":"dorna-descarta-una-fusion-de-motogp-con-formula-1-y-apuesta-por-sinergias-de-calendario","status":"publish","type":"post","link":"https:\/\/www.europesays.com\/es\/133967\/","title":{"rendered":"Dorna descarta una fusi\u00f3n de MotoGP con F\u00f3rmula 1 y apuesta por sinergias de calendario"},"content":{"rendered":"<p class=\"mb-4 text-lg md:leading-8 break-words\">Madrid, 23 sep (EFE).- El director financiero de Dorna Sports, Enrique Aldama, descart\u00f3 este martes que vaya a haber una fusi\u00f3n entre la F\u00f3rmula 1 y MotoGP tras la entrada de la estadounidense Liberty Media en el \u00e1mbito del motociclismo, si bien abog\u00f3 por entablar sinergias a nivel log\u00edstico, con el fin de recortar gastos, y en el dise\u00f1o del calendario para que haya menos solapamientos de pruebas.<\/p>\n<p class=\"mb-4 text-lg md:leading-8 break-words\">Aldama se refiri\u00f3 al impacto que pueda tener el paso que dio el pasado mes de julio Liberty Media, la empresa due\u00f1a de la F\u00f3rmula 1, de comprar el 84 por ciento de Dorna, la empresa espa\u00f1ola propietaria de los derechos del campeonato mundial de MotoGP, por 3.100 millones de euros.<\/p>\n<p class=\"mb-4 text-lg md:leading-8 break-words\">\u00abLas sinergias las tendemos a entender en Espa\u00f1a como fusi\u00f3n. La idea que se ha explicado a la Uni\u00f3n Europea es que vamos a estar separados la F\u00f3rmula 1 y nosotros. Cada uno tenemos nuestra idiosincrasia y nuestro modelo de negocio. Lo que hay que hacer es hacerlo mejor y conseguir mejorar (&#8230;) La Uni\u00f3n Europa nos ha mirado hasta debajo de los calzoncillos y ha decidido que no hay esa situaci\u00f3n de concentraci\u00f3n\u00bb, argument\u00f3 Aldama.<\/p>\n<p class=\"mb-4 text-lg md:leading-8 break-words\">El directivo de Dorna Sports hizo esta reflexi\u00f3n en una mesa redonda en la III edici\u00f3n del foro Business Sport Forum organizado por los diarios Expansi\u00f3n y Marca en el espacio Meeting Place de Madrid.<\/p>\n<p class=\"mb-4 text-lg md:leading-8 break-words\">Seg\u00fan Aldama, el mundo del motor, tanto en coches como motos, no compite contra s\u00ed mismo, sino \u00abcontra todo el ocio y entretenimiento\u00bb. \u00abCompetimos todos, la m\u00fasica, el deporte&#8230; Motor sports es una parte peque\u00f1a dentro de ese gran mercado de ocio. Si el mercado va bien, nos favorece a todos\u00bb, a\u00f1adi\u00f3.<\/p>\n<p class=\"mb-4 text-lg md:leading-8 break-words\">S\u00ed observ\u00f3 necesario estudiar sinergias en lo relativo a la log\u00edstica, ante el crecimiento de los precios por transporte de material: \u00abAh\u00ed vemos much\u00edsimas posibilidades\u00bb.<\/p>\n<p class=\"mb-4 text-lg md:leading-8 break-words\">Tambi\u00e9n vio opciones de actuar de forma coordinada en cuanto al dise\u00f1o del calendario para evitar algunos solapamientos de pruebas el mismo fin de semana y no coincidir en continentes o pa\u00edses.<\/p>\n<p class=\"mb-4 text-lg md:leading-8 break-words\">\u00abHay que intentar analizar entre todos que no tiene sentido que nos hagamos da\u00f1o gratis (&#8230;) Sinergias desde el punto de vista positivo. Desde el otro punto de vista, no va a ocurrir\u00bb, insisti\u00f3 Aldama a la hora de descartar una fusi\u00f3n de los dos circuitos.<\/p>\n<p class=\"mb-4 text-lg md:leading-8 break-words\">El directivo de Dorna Sports consider\u00f3 inviable aplicar en MotoGP el modelo de reparto de ingresos de la F\u00f3rmula 1 o negociar conjuntamente los derechos televisivos.<\/p>\n<p class=\"mb-4 text-lg md:leading-8 break-words\">(c) Agencia EFE<\/p>\n","protected":false},"excerpt":{"rendered":"Madrid, 23 sep (EFE).- El director financiero de Dorna Sports, Enrique Aldama, descart\u00f3 este martes que vaya a&hellip;\n","protected":false},"author":2,"featured_media":133968,"comment_status":"","ping_status":"","sticky":false,"template":"","format":"standard","meta":{"footnotes":""},"categories":[270],"tags":[15778,168,42635,25,24,306,271,272,42637,99,42636,23,167],"class_list":{"0":"post-133967","1":"post","2":"type-post","3":"status-publish","4":"format-standard","5":"has-post-thumbnail","7":"category-formula-1","8":"tag-aldama","9":"tag-deportes","10":"tag-dorna-sports","11":"tag-es","12":"tag-espana","13":"tag-f1","14":"tag-formula-1","15":"tag-formula1","16":"tag-liberty-media","17":"tag-modelo-de-negocio","18":"tag-punto-de-vista","19":"tag-spain","20":"tag-sports"},"share_on_mastodon":{"url":"","error":""},"_links":{"self":[{"href":"https:\/\/www.europesays.com\/es\/wp-json\/wp\/v2\/posts\/133967","targetHints":{"allow":["GET"]}}],"collection":[{"href":"https:\/\/www.europesays.com\/es\/wp-json\/wp\/v2\/posts"}],"about":[{"href":"https:\/\/www.europesays.com\/es\/wp-json\/wp\/v2\/types\/post"}],"author":[{"embeddable":true,"href":"https:\/\/www.europesays.com\/es\/wp-json\/wp\/v2\/users\/2"}],"replies":[{"embeddable":true,"href":"https:\/\/www.europesays.com\/es\/wp-json\/wp\/v2\/comments?post=133967"}],"version-history":[{"count":0,"href":"https:\/\/www.europesays.com\/es\/wp-json\/wp\/v2\/posts\/133967\/revisions"}],"wp:featuredmedia":[{"embeddable":true,"href":"https:\/\/www.europesays.com\/es\/wp-json\/wp\/v2\/media\/133968"}],"wp:attachment":[{"href":"https:\/\/www.europesays.com\/es\/wp-json\/wp\/v2\/media?parent=133967"}],"wp:term":[{"taxonomy":"category","embeddable":true,"href":"https:\/\/www.europesays.com\/es\/wp-json\/wp\/v2\/categories?post=133967"},{"taxonomy":"post_tag","embeddable":true,"href":"https:\/\/www.europesays.com\/es\/wp-json\/wp\/v2\/tags?post=133967"}],"curies":[{"name":"wp","href":"https:\/\/api.w.org\/{rel}","templated":true}]}}