{"id":133999,"date":"2025-09-23T14:05:06","date_gmt":"2025-09-23T14:05:06","guid":{"rendered":"https:\/\/www.europesays.com\/es\/133999\/"},"modified":"2025-09-23T14:05:06","modified_gmt":"2025-09-23T14:05:06","slug":"el-jugador-del-bada-huesca-carlos-molina-tendra-que-volver-al-quirofano","status":"publish","type":"post","link":"https:\/\/www.europesays.com\/es\/133999\/","title":{"rendered":"El jugador del Bada Huesca Carlos Molina tendr\u00e1 que volver al quir\u00f3fano"},"content":{"rendered":"<p class=\"paragraph\"><b>El jugador del <a href=\"https:\/\/www.heraldo.es\/tags\/instituciones_empresas\/bm_huesca.html\" title=\"BM Huesca\" rel=\"nofollow noopener\" target=\"_blank\">Bada Huesca<\/a> Carlos Molina deber\u00e1 pasar de nuevo por el quir\u00f3fano. <\/b>Seg\u00fan inform\u00f3 este martes el club, tras realizarse las pruebas m\u00e9dicas necesarias se ha estimado necesaria una intervenci\u00f3n en la misma zona en la que en noviembre del a\u00f1o sufri\u00f3 la lesi\u00f3n de Maisonneuve en su pierna derecha. No se trata de una reca\u00edda, sino que se limpiar\u00e1n las peque\u00f1as calcificaciones o trozos de hueso que hayan podido quedar sueltos desde entonces.<\/p>\n<p class=\"paragraph\"><b>La cirug\u00eda est\u00e1 pendiente de programaci\u00f3n. El jugador est\u00e1 guiado en todo momento por los servicios m\u00e9dicos del club <\/b>y la recuperaci\u00f3n y evoluci\u00f3n del mismo marcar\u00e1n la vuelta a la pista. Molina, lateral de 34 a\u00f1os, lleg\u00f3 al Bada con la temporada pasada en marcha y para tratar de contrarrestar una plaga de lesiones que comenzaba a ser notable. Al mes se lesion\u00f3 en la visita al Benidorm y se le diagn\u00f3stico una fractura de\u00a0Maisonneuve que afect\u00f3 al peron\u00e9 de la pierna derecha.<\/p>\n<p class=\"paragraph\"><b>Desde entonces no ha podido contar para Jos\u00e9 Nolasco y el club le renov\u00f3 hasta 2027. <\/b>Molina es uno de los jugadores que se mantienen en el dique seco junto a Meris Bosnjak, que tambi\u00e9n ser\u00e1 operado, en su caso de la rodilla izquierda; Bruno Garc\u00eda, Lorenzo Nasarre, Alfonso Rodr\u00edguez y los tres \u00faltimos en caer, \u00d3scar Garc\u00eda, Charly P\u00e9rez y Fabricio de Souza, que no pudieron participar en la victoria frente al Tubos Aranda Villa de Aranda en el Palacio de los Deportes (28-25).<\/p>\n<p class=\"paragraph\"><b>Al menos, el cubano Yoel Cuni Morales ya podr\u00e1 contar para el t\u00e9cnico en la visita del pr\u00f3ximo s\u00e1bado <\/b>al Frigor\u00edficos del Morrazo (19.00). El club ha completado los tr\u00e1mites burocr\u00e1ticos para inscribir al lateral, con una \u00faltima experiencia en la liga israel\u00ed. Tras una prolongada inactividad, prosigue con su puesta a punto y Nolasco podr\u00e1 darle minutos de manera paulatina en la competici\u00f3n.<\/p>\n","protected":false},"excerpt":{"rendered":"El jugador del Bada Huesca Carlos Molina deber\u00e1 pasar de nuevo por el quir\u00f3fano. Seg\u00fan inform\u00f3 este martes&hellip;\n","protected":false},"author":2,"featured_media":134000,"comment_status":"","ping_status":"","sticky":false,"template":"","format":"standard","meta":{"footnotes":""},"categories":[278],"tags":[376,168,25,24,375,378,5809,27280,23,167,602,865],"class_list":{"0":"post-133999","1":"post","2":"type-post","3":"status-publish","4":"format-standard","5":"has-post-thumbnail","7":"category-balonmano","8":"tag-balonmano","9":"tag-deportes","10":"tag-es","11":"tag-espana","12":"tag-handball","13":"tag-jugador","14":"tag-molina","15":"tag-quirofano","16":"tag-spain","17":"tag-sports","18":"tag-tendra","19":"tag-volver"},"share_on_mastodon":{"url":"","error":""},"_links":{"self":[{"href":"https:\/\/www.europesays.com\/es\/wp-json\/wp\/v2\/posts\/133999","targetHints":{"allow":["GET"]}}],"collection":[{"href":"https:\/\/www.europesays.com\/es\/wp-json\/wp\/v2\/posts"}],"about":[{"href":"https:\/\/www.europesays.com\/es\/wp-json\/wp\/v2\/types\/post"}],"author":[{"embeddable":true,"href":"https:\/\/www.europesays.com\/es\/wp-json\/wp\/v2\/users\/2"}],"replies":[{"embeddable":true,"href":"https:\/\/www.europesays.com\/es\/wp-json\/wp\/v2\/comments?post=133999"}],"version-history":[{"count":0,"href":"https:\/\/www.europesays.com\/es\/wp-json\/wp\/v2\/posts\/133999\/revisions"}],"wp:featuredmedia":[{"embeddable":true,"href":"https:\/\/www.europesays.com\/es\/wp-json\/wp\/v2\/media\/134000"}],"wp:attachment":[{"href":"https:\/\/www.europesays.com\/es\/wp-json\/wp\/v2\/media?parent=133999"}],"wp:term":[{"taxonomy":"category","embeddable":true,"href":"https:\/\/www.europesays.com\/es\/wp-json\/wp\/v2\/categories?post=133999"},{"taxonomy":"post_tag","embeddable":true,"href":"https:\/\/www.europesays.com\/es\/wp-json\/wp\/v2\/tags?post=133999"}],"curies":[{"name":"wp","href":"https:\/\/api.w.org\/{rel}","templated":true}]}}