{"id":134001,"date":"2025-09-23T14:06:21","date_gmt":"2025-09-23T14:06:21","guid":{"rendered":"https:\/\/www.europesays.com\/es\/134001\/"},"modified":"2025-09-23T14:06:21","modified_gmt":"2025-09-23T14:06:21","slug":"la-propuesta-popular-contra-la-tauromaquia-empieza-un-complicado-tramite-en-el-congreso-que-el-psoe-tendra-que-resolver-cultura","status":"publish","type":"post","link":"https:\/\/www.europesays.com\/es\/134001\/","title":{"rendered":"La propuesta popular contra la tauromaquia empieza un complicado tr\u00e1mite en el Congreso que el PSOE tendr\u00e1 que resolver | Cultura"},"content":{"rendered":"<p class=\"\">\u201cLas autonom\u00edas y los ayuntamientos ya son mayores de edad para decidir si quieren corridas de toros o no en sus territorios. Queremos desblindar la tauromaquia, devolver las competencias a esos territorios que no pueden decidir\u201d, dijo la abogada Cristina Ib\u00e1\u00f1ez Garc\u00eda, representante de la <a href=\"https:\/\/elpais.com\/cultura\/el-toro-por-los-cuernos\/2025-02-21\/la-ilp-antitaurina-en-el-congreso-se-prohibiran-los-toros.html\" target=\"_self\" rel=\"nofollow noopener\" title=\"https:\/\/elpais.com\/cultura\/el-toro-por-los-cuernos\/2025-02-21\/la-ilp-antitaurina-en-el-congreso-se-prohibiran-los-toros.html\">Iniciativa Legislativa Popular (ILP) No Es Mi Cultura<\/a> en la Comisi\u00f3n de Cultura del Congreso de los Diputados. <\/p>\n<p>M\u00e1s informaci\u00f3n<\/p>\n<p class=\"\">La ILP No Es Mi Cultura trata de desproteger la tauromaquia y que se deje de considerar Patrimonio Cultural, <a href=\"https:\/\/elpais.com\/cultura\/2013\/10\/31\/actualidad\/1383233011_283253.html\" target=\"_self\" rel=\"nofollow noopener\" title=\"https:\/\/elpais.com\/cultura\/2013\/10\/31\/actualidad\/1383233011_283253.html\">derogando la Ley 18\/2013<\/a>. De esta manera, las comunidades y municipios tendr\u00edan competencia sobre esta materia y podr\u00edan prohibir las corridas de toros y otros espect\u00e1culos taurinos (que adem\u00e1s quedar\u00edan fuera del Bono Joven Cultural, seg\u00fan ha declarado el ministro de Cultura <a href=\"https:\/\/elpais.com\/noticias\/ernest-urtasun-domenech\/\" target=\"_self\" rel=\"nofollow noopener\" title=\"https:\/\/elpais.com\/noticias\/ernest-urtasun-domenech\/\">Ernest Urtasun<\/a>). Este martes Ib\u00e1\u00f1ez Garc\u00eda defendi\u00f3 el texto ante los diputados de los diferentes grupos, antes del debate que tendr\u00e1 lugar en el Pleno. <\/p>\n<p class=\"\">\u201cLa evoluci\u00f3n de la sociedad nos ha llevado a un descenso del n\u00famero de festejos con muerte del animal y de la asistencia a los mismos, a pesar de las subvenciones que se dedican a fomentarlos\u201d, dijo la abogada. \u201cLa cultura no puede servir de excusa para la violencia, tenemos claro que la cultura no se impone, la cultura se elige\u201d, a\u00f1adi\u00f3. M\u00e1s del 70% de los espa\u00f1oles repudia las corridas de toros y otros espect\u00e1culos con maltrato animal, seg\u00fan los datos del estudio <a href=\"https:\/\/www.fbbva.es\/noticias\/estudio-opinion-publica-animales-espana-2025\/\" target=\"_self\" rel=\"nofollow noopener\" title=\"https:\/\/www.fbbva.es\/noticias\/estudio-opinion-publica-animales-espana-2025\/\">Percepci\u00f3n de los animales y la naturaleza<\/a> de la Fundaci\u00f3n BBVA.<\/p>\n<p class=\"\">Los portavoces de ERC o Sumar mostraron su apoyo a la ILP. \u201cDefendemos una cultura que no huela a sangre, a tortura. La tauromaquia funciona porque existen chiringuitos p\u00fablicos que las est\u00e1n untando\u201d, dijo Nahuel Gonz\u00e1lez, portavoz de Sumar, que puso como ejemplo a seguir el modelo de Colombia, donde se proh\u00edbe la tauromaquia y los espect\u00e1culos de maltrato animal, <a href=\"https:\/\/elpais.com\/america-colombia\/2024-05-28\/el-congreso-colombiano-aprueba-la-prohibicion-de-las-corridas-de-toros.html\" target=\"_self\" rel=\"nofollow noopener\" title=\"https:\/\/elpais.com\/america-colombia\/2024-05-28\/el-congreso-colombiano-aprueba-la-prohibicion-de-las-corridas-de-toros.html\">aunque se busquen v\u00edas de reconversi\u00f3n laboral para los afectados del sector<\/a>. <\/p>\n<p class=\"\">En febrero se entregaron las 715.606 firmas de la ILP, de las que la Junta Electoral Central ha certificado 664.777 como v\u00e1lidas. Los promotores presumen de que se trata de un 32,91% m\u00e1s que las firmas conseguidas por <a href=\"https:\/\/elpais.com\/ccaa\/2012\/03\/22\/catalunya\/1332452431_729363.html\" target=\"_self\" rel=\"nofollow noopener\" title=\"https:\/\/elpais.com\/ccaa\/2012\/03\/22\/catalunya\/1332452431_729363.html\">la ILP taurina de 2012 que declar\u00f3 la tauromaquia como Patrimonio Cultural<\/a>: lo que se pretende deshacer. Y tambi\u00e9n aseguran que entre los firmantes, adem\u00e1s de encontrarse personas de todos los territorios y de toda edad, hay personas de toda sensibilidad pol\u00edtica. \u201cTambi\u00e9n de PP y de Vox\u201d, dijo Ib\u00e1\u00f1ez.<\/p>\n<p><img decoding=\"auto\" class=\"_re lazyload a_m-h\" height=\"276\"  width=\"414\"  src=\"https:\/\/www.europesays.com\/es\/wp-content\/uploads\/2025\/09\/SDE6OUIA3ZI3FHBTOJQ3HOA53A.jpg\" loading=\"lazy\"\/>Manifestaci\u00f3n antitaurina de PACMA Misi\u00f3n Abolici\u00f3n 2025, a 20 de septiembre de 2025, en Madrid (Espa\u00f1a). Alejandro Mart\u00ednez V\u00e9lez (Europa Press)<\/p>\n<p class=\"\">El debate se centr\u00f3 m\u00e1s en los grandes temas de discusi\u00f3n en torno a la tauromaquia que en lo que propone la ILP: devolver a ayuntamientos y comunidades el poder de decidir. As\u00ed, los portavoces de PP y Vox utilizaron el habitual argumento de autoridad cultural: figuras como Lorca, Goya, Alberti, Camar\u00f3n o Joaqu\u00edn Sabina retrataron o disfrutaron de los toros, con la reciente adhesi\u00f3n a la lista del cineasta Albert Serra y su pol\u00e9mico documental <a href=\"https:\/\/elpais.com\/cultura\/2025-03-07\/tardes-de-soledad-la-magistral-faena-de-tragedia-tauromaquia-y-misterio-de-albert-serra.html\" target=\"_self\" rel=\"nofollow noopener\" title=\"https:\/\/elpais.com\/cultura\/2025-03-07\/tardes-de-soledad-la-magistral-faena-de-tragedia-tauromaquia-y-misterio-de-albert-serra.html\">Tardes de soledad<\/a>, sobre el torero Andr\u00e9s Roca Rey.<\/p>\n<p class=\"\">Para Vox la tauromaquia es un pilar fundamental e irrenunciable de la identidad espa\u00f1ola. Su portavoz, Jos\u00e9 Ram\u00edrez del R\u00edo, aleg\u00f3 que \u201cno tratan de quitarle dinero a los festejos taurinos, sino de prohibirlos: usted ha dicho que la cultura no se impone, se elige; pues hay muchos millones de personas que eligen asistir a festejos taurinos, espectadores que van y pagan su entrada\u201d. Hizo hincapi\u00e9 en el \u201cefecto rebote\u201d que hace que los toros est\u00e9n ganando seguidores entre los j\u00f3venes. A este respecto, el portavoz de Sumar, Nahuel Gonz\u00e1lez, relacion\u00f3 esa presencia juvenil en las plazas con <a href=\"https:\/\/elpais.com\/espana\/madrid\/2024-07-30\/chavales-fachas-creciente-estereotipo-de-la-juventud.html\" target=\"_self\" rel=\"nofollow noopener\" title=\"https:\/\/elpais.com\/espana\/madrid\/2024-07-30\/chavales-fachas-creciente-estereotipo-de-la-juventud.html\">el auge de la extrema derecha entre los j\u00f3venes varones<\/a> y tambi\u00e9n mencion\u00f3 la curiosidad de que el agitador ultra Alvise P\u00e9rez no apoye la tauromaquia. <\/p>\n<p class=\"\">\u201c\u00a1Esto es una ley de censura!\u201d: m\u00e1s dura fue, curiosamente, Mar\u00eda Soledad Cruz-Guzm\u00e1n, del PP. \u201cPuede que parezca molesta o incluso enfadada, porque lo estoy: esto viene a patear nuestra Constituci\u00f3n, a imponer un tipo de cultura\u201d. La portavoz equipar\u00f3 la tauromaquia con la cultura y a los que se oponen con la ignorancia. \u201cEl valor cultural de la tauromaquia es incontestable: \u00bfSomos b\u00e1rbaros los taurinos o somos personas cultas?\u201d. Adem\u00e1s de ofrecer otros argumentos habituales, como el buen trato que el toro recibe en la dehesa o la econom\u00eda que genera. \u201cY no pongan la excusa del conflicto competencial cuando quieren prohibir la tauromaquia\u201d, a\u00f1adi\u00f3, muy jaleada por los compa\u00f1eros de partido que la rodeaban y que no tuvieron remilgos en re\u00edrse de la ponente cuando les discuti\u00f3 el taurinismo de Goya (un tema que tambi\u00e9n fue objeto de bastante discusi\u00f3n espuria). <\/p>\n<p class=\"\">Con partidos como PP y Vox en contra, y Sumar, Podemos o ERC a favor, la posici\u00f3n del PSOE ser\u00e1 determinante. Su portavoz, Marc Lamu\u00e1, mostr\u00f3 una posici\u00f3n equidistante (que le criticaron desde Sumar) y denunci\u00f3 el tono de \u201cbatalla cultural\u201d de los intervinientes: \u201cLa cultura no es un campo de batalla, sino un \u00e1gora de encuentro. Simplificar un hecho cultural como es la tauromaquia a <a href=\"https:\/\/elpais.com\/opinion\/2024-05-17\/los-toros-pijos-de-barcelona-vs-pijos-de-madrid.html\" target=\"_self\" rel=\"nofollow noopener\" title=\"https:\/\/elpais.com\/opinion\/2024-05-17\/los-toros-pijos-de-barcelona-vs-pijos-de-madrid.html\">un acto atendido por \u2018casposos\u2019 o \u2018seres de luz\u2019<\/a> es injusto porque distorsiona y polariza antes de que podamos tener un debate sosegado\u201d. <\/p>\n<p class=\"\">El socialista quiso mostrar su respeto para las personas que han levantado la ILP y las que han firmado: \u201cHay un grueso de la poblaci\u00f3n que pide que debatamos sobre un tema en concreto, no es de recibo hacer o\u00eddos sordos\u201d. Reivindic\u00f3 tratar la tauromaquia con respeto, por lo que ha significado en la cultura espa\u00f1ola, pero reconoci\u00f3 que \u201cla cultura no se conserva en formol, algunas tradiciones de la Humanidad ya no est\u00e1n, otras se han recuperado. La democracia no est\u00e1 para conservar como inmutable lo que fuimos, sino para decidir lo que queremos ser\u201d.<\/p>\n","protected":false},"excerpt":{"rendered":"\u201cLas autonom\u00edas y los ayuntamientos ya son mayores de edad para decidir si quieren corridas de toros o&hellip;\n","protected":false},"author":2,"featured_media":134002,"comment_status":"","ping_status":"","sticky":false,"template":"","format":"standard","meta":{"footnotes":""},"categories":[277],"tags":[3685,373,4456,2598,209,168,25,24,42641,952,23,167,374,444],"class_list":{"0":"post-134001","1":"post","2":"type-post","3":"status-publish","4":"format-standard","5":"has-post-thumbnail","7":"category-toreo","8":"tag-animales","9":"tag-bullfighting","10":"tag-congreso-diputados","11":"tag-corridas-toros","12":"tag-cultura","13":"tag-deportes","14":"tag-es","15":"tag-espana","16":"tag-maltrato-animales-fiestas","17":"tag-politica","18":"tag-spain","19":"tag-sports","20":"tag-toreo","21":"tag-toros"},"share_on_mastodon":{"url":"","error":""},"_links":{"self":[{"href":"https:\/\/www.europesays.com\/es\/wp-json\/wp\/v2\/posts\/134001","targetHints":{"allow":["GET"]}}],"collection":[{"href":"https:\/\/www.europesays.com\/es\/wp-json\/wp\/v2\/posts"}],"about":[{"href":"https:\/\/www.europesays.com\/es\/wp-json\/wp\/v2\/types\/post"}],"author":[{"embeddable":true,"href":"https:\/\/www.europesays.com\/es\/wp-json\/wp\/v2\/users\/2"}],"replies":[{"embeddable":true,"href":"https:\/\/www.europesays.com\/es\/wp-json\/wp\/v2\/comments?post=134001"}],"version-history":[{"count":0,"href":"https:\/\/www.europesays.com\/es\/wp-json\/wp\/v2\/posts\/134001\/revisions"}],"wp:featuredmedia":[{"embeddable":true,"href":"https:\/\/www.europesays.com\/es\/wp-json\/wp\/v2\/media\/134002"}],"wp:attachment":[{"href":"https:\/\/www.europesays.com\/es\/wp-json\/wp\/v2\/media?parent=134001"}],"wp:term":[{"taxonomy":"category","embeddable":true,"href":"https:\/\/www.europesays.com\/es\/wp-json\/wp\/v2\/categories?post=134001"},{"taxonomy":"post_tag","embeddable":true,"href":"https:\/\/www.europesays.com\/es\/wp-json\/wp\/v2\/tags?post=134001"}],"curies":[{"name":"wp","href":"https:\/\/api.w.org\/{rel}","templated":true}]}}