{"id":134003,"date":"2025-09-23T14:09:08","date_gmt":"2025-09-23T14:09:08","guid":{"rendered":"https:\/\/www.europesays.com\/es\/134003\/"},"modified":"2025-09-23T14:09:08","modified_gmt":"2025-09-23T14:09:08","slug":"sinner-aspira-a-recortarle-170-puntos-a-alcaraz-en-el-torneo-de-pekin","status":"publish","type":"post","link":"https:\/\/www.europesays.com\/es\/134003\/","title":{"rendered":"Sinner aspira a recortarle 170 puntos a Alcaraz en el torneo de Pek\u00edn"},"content":{"rendered":"<p data-mrf-recirculation=\"Links P\u00e1rrafos\" class=\"ue-c-article__paragraph paragraph ue-c-article--first-letter-highlighted\">Carlos Alcaraz y Jannik Sinner han separado sus caminos en el inicio de la gira asi\u00e1tica. El murciano juega el Open 500 de Tokio y Jannik Sinner, el torneo de la misma categor\u00eda que se disputa en Pek\u00edn.\u00a0<\/p>\n<p data-mrf-recirculation=\"Links P\u00e1rrafos\" class=\"ue-c-article__paragraph paragraph\">Alcaraz, <strong>con una renta de 760 puntos respecto al italiano al frente del ranking, tiene garantizado llegar con el cetro ATP al Masters 1000 de Shang\u00e1i (1 al 12 de octubre)<\/strong>.\u00a0<\/p>\n<p data-mrf-recirculation=\"Links P\u00e1rrafos\" class=\"ue-c-article__paragraph paragraph\">Sinner, que defiende corona en Shang\u00e1i (equivale a 1.000 puntos), <strong>s\u00f3lo tiene margen para recortar en Pek\u00edn<\/strong> donde perdi\u00f3 la final de la \u00faltima edici\u00f3n precisamente con Alcaraz.\u00a0<\/p>\n<p data-mrf-recirculation=\"Links P\u00e1rrafos\" class=\"ue-c-article__paragraph paragraph\">De esta forma, el tenista de San C\u00e1ndido <strong>podr\u00eda acercarse 170 puntos al cetro mundial si gana en la capital china y el espa\u00f1ol lo hace tambi\u00e9n en Tokio<\/strong>. En caso de que el murciano no pudiera levantar su octavo t\u00edtulo del a\u00f1o en tierras japonesas la distancia se estrechar\u00eda a\u00fan m\u00e1s.\u00a0<\/p>\n<p><img decoding=\"async\" width=\"1080\" height=\"1350\" class=\"ue-c-article__image lazyload\" alt=\"El cuadro del Open 500 de Pek\u00edn.\" loading=\"lazy\" src=\"https:\/\/www.europesays.com\/es\/wp-content\/uploads\/2025\/09\/68d294d819fa5.jpeg\"\/><\/p>\n<p>El cuadro del Open 500 de Pek\u00edn.<\/p>\n<p data-mrf-recirculation=\"Links P\u00e1rrafos\" class=\"ue-c-article__paragraph paragraph\"><strong>Jannik se estrenar\u00e1 en Pek\u00edn contra Marin Cilic<\/strong> y en su lado del cuadro circula Alex de M\u00f1aur, tercer cabeza de serie, como jugador con mejor ranking. Alexander Zverev, que viene de perder sus dos individuales en la Laver Cup de San Francisco, es el segundo favorito del certamen. El certamen se inicia este jueves y termina el mi\u00e9rcoles 1 de octubre, coincidiendo con la primera jornada de Shang\u00e1i.\u00a0<\/p>\n","protected":false},"excerpt":{"rendered":"Carlos Alcaraz y Jannik Sinner han separado sus caminos en el inicio de la gira asi\u00e1tica. El murciano&hellip;\n","protected":false},"author":2,"featured_media":134004,"comment_status":"","ping_status":"","sticky":false,"template":"","format":"standard","meta":{"footnotes":""},"categories":[274],"tags":[168,25,24,23,167,327,326],"class_list":{"0":"post-134003","1":"post","2":"type-post","3":"status-publish","4":"format-standard","5":"has-post-thumbnail","7":"category-tenis","8":"tag-deportes","9":"tag-es","10":"tag-espana","11":"tag-spain","12":"tag-sports","13":"tag-tenis","14":"tag-tennis"},"share_on_mastodon":{"url":"","error":""},"_links":{"self":[{"href":"https:\/\/www.europesays.com\/es\/wp-json\/wp\/v2\/posts\/134003","targetHints":{"allow":["GET"]}}],"collection":[{"href":"https:\/\/www.europesays.com\/es\/wp-json\/wp\/v2\/posts"}],"about":[{"href":"https:\/\/www.europesays.com\/es\/wp-json\/wp\/v2\/types\/post"}],"author":[{"embeddable":true,"href":"https:\/\/www.europesays.com\/es\/wp-json\/wp\/v2\/users\/2"}],"replies":[{"embeddable":true,"href":"https:\/\/www.europesays.com\/es\/wp-json\/wp\/v2\/comments?post=134003"}],"version-history":[{"count":0,"href":"https:\/\/www.europesays.com\/es\/wp-json\/wp\/v2\/posts\/134003\/revisions"}],"wp:featuredmedia":[{"embeddable":true,"href":"https:\/\/www.europesays.com\/es\/wp-json\/wp\/v2\/media\/134004"}],"wp:attachment":[{"href":"https:\/\/www.europesays.com\/es\/wp-json\/wp\/v2\/media?parent=134003"}],"wp:term":[{"taxonomy":"category","embeddable":true,"href":"https:\/\/www.europesays.com\/es\/wp-json\/wp\/v2\/categories?post=134003"},{"taxonomy":"post_tag","embeddable":true,"href":"https:\/\/www.europesays.com\/es\/wp-json\/wp\/v2\/tags?post=134003"}],"curies":[{"name":"wp","href":"https:\/\/api.w.org\/{rel}","templated":true}]}}