{"id":134005,"date":"2025-09-23T14:10:07","date_gmt":"2025-09-23T14:10:07","guid":{"rendered":"https:\/\/www.europesays.com\/es\/134005\/"},"modified":"2025-09-23T14:10:07","modified_gmt":"2025-09-23T14:10:07","slug":"paula-ostiz-gana-la-plata-tras-la-neerlandesa-arens-en-el-mundial-junior-contrarreloj-de-ruanda-ciclismo-deportes","status":"publish","type":"post","link":"https:\/\/www.europesays.com\/es\/134005\/","title":{"rendered":"Paula Ostiz gana la plata tras la neerlandesa Arens en el Mundial j\u00fanior contrarreloj de Ruanda | Ciclismo | Deportes"},"content":{"rendered":"<p class=\"\">La neerlandesa Megan Arens se ha proclamado este martes campeona del mundo j\u00fanior contrarreloj en <a href=\"https:\/\/elpais.com\/deportes\/ciclismo\/2025-09-21\/remco-evenepoel-arrasa-y-repite-titulo-de-contrarreloj-en-el-mundial-de-ruanda.html\" target=\"_self\" rel=\"nofollow noopener\" title=\"https:\/\/elpais.com\/deportes\/ciclismo\/2025-09-21\/remco-evenepoel-arrasa-y-repite-titulo-de-contrarreloj-en-el-mundial-de-ruanda.html\">la tercera jornada de los Mundiales de ciclismo de Ruanda<\/a>, con un tiempo de 25 minutos y 47 segundos, 35 segundos menos que la navarra Paula Ostiz, que ha ganado la medalla de plata, el primer metal para Espa\u00f1a en la cita mundialista.<\/p>\n<p class=\"\">Tras Arens y Ostiz, <a href=\"https:\/\/elpais.com\/deportes\/ciclismo\/2025-09-01\/movistar-frena-la-fuga-de-jovenes-talentos-con-la-creacion-de-un-equipo-filial-que-ya-toma-forma.html\" target=\"_self\" rel=\"nofollow noopener\" title=\"https:\/\/elpais.com\/deportes\/ciclismo\/2025-09-01\/movistar-frena-la-fuga-de-jovenes-talentos-con-la-creacion-de-un-equipo-filial-que-ya-toma-forma.html\">que ya tiene asegurado su futuro en el equipo Movistar<\/a> hasta, al menos, 2028, ha completado el podio la noruega Ode Aune Gissinger, que se ha llevado la medalla de bronce. Arens ha marcado un registro de 25:47, la \u00fanica que ha bajado de los 26 minutos, rodando a 42,6 km\/h de media en los 18,3 kil\u00f3metros de recorrido en los que la dura ascensi\u00f3n a la adoquinada al Cote de Kimihurura ha sido, como en el resto de pruebas contra el crono del Mundial, la m\u00e1s exigente para las participantes.<\/p>\n<blockquote class=\"twitter-tweet\">\n<p lang=\"es\" dir=\"ltr\">PLATA MUNDIAL \ud83e\udd48\ud83c\uddea\ud83c\uddf8<\/p>\n<p>Paula Ostiz se proclama subcampeona del mundo j\u00fanior de contrarreloj, status que ya logr\u00f3 en ruta, y logra el mejor resultado de Espa\u00f1a en la categor\u00eda en m\u00e1s de 20 a\u00f1os. Megan Arens se lleva el arco\u00edris.<\/p>\n<p>\ud83d\udcfa\ud83d\udeb4\u200d\u2642\ufe0f Lo has visto en <a href=\"https:\/\/twitter.com\/Eurosport_ES?ref_src=twsrc%5Etfw\" rel=\"nofollow noopener\" target=\"_blank\">@Eurosport_ES<\/a> y <a href=\"https:\/\/twitter.com\/StreamMaxES?ref_src=twsrc%5Etfw\" rel=\"nofollow noopener\" target=\"_blank\">@StreamMaxES<\/a>.\u2026 <a href=\"https:\/\/t.co\/nzLZ78JkM9\" rel=\"nofollow\">pic.twitter.com\/nzLZ78JkM9<\/a><\/p>\n<p>\u2014 Eurosport.es (@Eurosport_ES) <a href=\"https:\/\/twitter.com\/Eurosport_ES\/status\/1970439594849050793?ref_src=twsrc%5Etfw\" rel=\"nofollow noopener\" target=\"_blank\">September 23, 2025<\/a><\/p><\/blockquote>\n<p class=\"\"><a href=\"\" rel=\"\" title=\"\">La navarra Ostiz (Pamplona, 18 a\u00f1os), la gran promesa del ciclismo espa\u00f1ol,<\/a> ha firmado el cuarto mejor registro (17:17) en el \u00fanico paso cronometrado antes de la meta, lo que ya presagiaba una apretada batalla por las medallas, ya que la diferencia con la neerlandesa Arens era de tan solo tres segundos y 28 cent\u00e9simas, con Gissinger y la brit\u00e1nica Boothman entre ellas. A partir de ah\u00ed, la espa\u00f1ola fue de menos a m\u00e1s y supo guardar las fuerzas necesarias para el duro final, donde remont\u00f3 dos posiciones para terminar la jornada en segunda posici\u00f3n.<\/p>\n<p class=\"\">El primer registro de entre las ciclistas con cierta relevancia internacional lo marc\u00f3 la chilena Marlen Rojas, que, con 27:28, vio c\u00f3mo Oda Anne Gissinger rebajaba su tiempo en m\u00e1s de un minuto hasta situarlo en 26:24, una marca que, con el paso de las siguientes participantes, empez\u00f3 a ser la clara referencia en la pelea por las medallas. Por su parte, la tambi\u00e9n espa\u00f1ola Alejandra Neira, del Caf\u00e9 Baqu\u00e9, equipo afiliado a la base del propio Movistar, ha concluido la jornada en decimos\u00e9ptima posici\u00f3n, con un tiempo de 27m45s.<\/p>\n<p><script async src=\"https:\/\/platform.twitter.com\/widgets.js\" charset=\"utf-8\"><\/script><\/p>\n","protected":false},"excerpt":{"rendered":"La neerlandesa Megan Arens se ha proclamado este martes campeona del mundo j\u00fanior contrarreloj en la tercera jornada&hellip;\n","protected":false},"author":2,"featured_media":134006,"comment_status":"","ping_status":"","sticky":false,"template":"","format":"standard","meta":{"footnotes":""},"categories":[273],"tags":[313,2838,1540,312,168,25,24,20135,42642,25063,23,167],"class_list":{"0":"post-134005","1":"post","2":"type-post","3":"status-publish","4":"format-standard","5":"has-post-thumbnail","7":"category-ciclismo","8":"tag-ciclismo","9":"tag-ciclistas","10":"tag-competiciones","11":"tag-cycling","12":"tag-deportes","13":"tag-es","14":"tag-espana","15":"tag-mundial-ciclismo","16":"tag-paula-ostiz","17":"tag-ruanda","18":"tag-spain","19":"tag-sports"},"share_on_mastodon":{"url":"","error":""},"_links":{"self":[{"href":"https:\/\/www.europesays.com\/es\/wp-json\/wp\/v2\/posts\/134005","targetHints":{"allow":["GET"]}}],"collection":[{"href":"https:\/\/www.europesays.com\/es\/wp-json\/wp\/v2\/posts"}],"about":[{"href":"https:\/\/www.europesays.com\/es\/wp-json\/wp\/v2\/types\/post"}],"author":[{"embeddable":true,"href":"https:\/\/www.europesays.com\/es\/wp-json\/wp\/v2\/users\/2"}],"replies":[{"embeddable":true,"href":"https:\/\/www.europesays.com\/es\/wp-json\/wp\/v2\/comments?post=134005"}],"version-history":[{"count":0,"href":"https:\/\/www.europesays.com\/es\/wp-json\/wp\/v2\/posts\/134005\/revisions"}],"wp:featuredmedia":[{"embeddable":true,"href":"https:\/\/www.europesays.com\/es\/wp-json\/wp\/v2\/media\/134006"}],"wp:attachment":[{"href":"https:\/\/www.europesays.com\/es\/wp-json\/wp\/v2\/media?parent=134005"}],"wp:term":[{"taxonomy":"category","embeddable":true,"href":"https:\/\/www.europesays.com\/es\/wp-json\/wp\/v2\/categories?post=134005"},{"taxonomy":"post_tag","embeddable":true,"href":"https:\/\/www.europesays.com\/es\/wp-json\/wp\/v2\/tags?post=134005"}],"curies":[{"name":"wp","href":"https:\/\/api.w.org\/{rel}","templated":true}]}}