{"id":134009,"date":"2025-09-23T14:12:11","date_gmt":"2025-09-23T14:12:11","guid":{"rendered":"https:\/\/www.europesays.com\/es\/134009\/"},"modified":"2025-09-23T14:12:11","modified_gmt":"2025-09-23T14:12:11","slug":"baloncesto-leyma-coruna-la-nueva-version-del-leyma-coruna-lista-para-el-asalto-a-la-primera-feb","status":"publish","type":"post","link":"https:\/\/www.europesays.com\/es\/134009\/","title":{"rendered":"BALONCESTO LEYMA CORU\u00d1A La nueva versi\u00f3n del Leyma Coru\u00f1a, lista para el asalto a la Primera FEB"},"content":{"rendered":"<p class=\"ft-text\">La fase de prueba ha llegado a su fin y es momento de ponerse serios. El <strong>Leyma B\u00e1squet Coru\u00f1a<\/strong> afronta este fin de semana su <strong>reestreno en Primera FEB ante el Guipuzkoa<\/strong> (domingo, 17.00 horas), tras una pretemporada de buenas sensaciones e ilusiones renovadas. <strong>Carles Marco<\/strong> asumi\u00f3 el mando de una plantilla construida desde cero, sin resquicios del paso del club por ACB, y con la exigente tarea de resurgir el proyecto de sus propias cenizas. Con margen de mejora todav\u00eda por delante y errores pendientes de corregir, el Leyma 2025-26 ha cerrado el verano con m\u00e1s triunfos que derrotas (4-3) y con sus piezas, poco a poco, encajando en el puzzle general del din\u00e1mico juego que propone el preparador catal\u00e1n.<\/p>\n<p>Rotaciones contin\u00faas<\/p>\n<p class=\"ft-text\">Lo que m\u00e1s ha llamado la atenci\u00f3n a simple vista en esta fase preparatoria, porque es lo que primero entra por los ojos, es el movimiento constante del quinteto naranja sobre el parqu\u00e9. <strong>Marco <\/strong>ha optado, en sus primeros pasos en el banquillo coru\u00f1\u00e9s, por rotar con mucha frecuencia para mantener a sus jugadores enchufados en todo momento. Esto ha provocado que la media de minutos disputados en los amistosos est\u00e9 en torno a los 20, pero tambi\u00e9n que el equipo llegue fresco al tramo final de los encuentros, donde ha sacado mucho r\u00e9dito ante rivales m\u00e1s cansados.<\/p>\n<p>Juego exterior<\/p>\n<p class=\"ft-text\">El cuadro naranja ha demostrado ser un equipo de muchas posesiones. Ataca r\u00e1pido, defiende intenso. Divierte a su gente. Y uno de los puntos clave ha sido la aportaci\u00f3n desde el per\u00edmetro. Por el perfil de jugadores, al equipo coru\u00f1\u00e9s le cuesta bastante menos atacar el aro desde fuera que desde la pintura. De hecho, ni Macachi (que es de los que menos ha jugado), ni Thiam, ni Diop han terminado de ser determinantes bajo el aro en ataque, porque tampoco han recibido muchos balones en ventaja para anotar. Diop, eso s\u00ed, se ha destapado como un buen francotirador y ha aportado muchos puntos desde la l\u00ednea de 6,75. Jou, Menc\u00eda, Cuevas, Brnovic, Pacheco o Jorgensen, con m\u00e1s o menos acierto, no han dejado de intentar triples partido tras partido.<\/p>\n<p>\u2018Show\u2019 americano<\/p>\n<p class=\"ft-text\">Si ha habido dos jugadores que han destacado por encima del resto, al menos en la parcela ofensiva, han sido Paul Jorgensen y Joe Cremo. Los dos estadounidenses cierran la fase previa a la competici\u00f3n oficial como m\u00e1ximos anotadores de la plantilla. Cuando ellos aciertan, el Leyma arrolla. Y cuando ellos se inspiran, la grada sonr\u00ede. Al margen de sus canastas, ambos parecen haber aterrizado en el Coliseum para entretener a la parroquia naranja. Bandejas, fintas, asistencias sin mirar&#8230; Un repertorio infinito de trucos que provoca suspiros en los asientos del pabell\u00f3n coru\u00f1\u00e9s. Si encuentran la regularidad, ser\u00e1n determinantes.<\/p>\n<p>Car\u00e1cter ganador<\/p>\n<p class=\"ft-text\">Y si de algo puede presumir el Leyma a la conclusi\u00f3n de la pretemporada, es de no haber bajado nunca los brazos. Ha tenido partidos relativamente pl\u00e1cidos (como el Teresa Herrera frente al Porto en A Coru\u00f1a), pero tambi\u00e9n otros en los que ha tenido que remar. Y mucho. Tuvo que remontar en la semifinal de la Copa Galicia ante el Obradoiro y repiti\u00f3 la haza\u00f1a frente al Breog\u00e1n en la gran final para llevar el duelo a la pr\u00f3rroga in extremis (aunque termin\u00f3 perdiendo). Pero el m\u00e1ximo exponente del hambre que maneja el equipo es el segundo amistoso frente al Porto en Portugal. Al descanso, el cuadro coru\u00f1\u00e9s perd\u00eda por 26 puntos tras una primera parte desdibujada y gris. Al final del \u00faltimo cuarto, se llev\u00f3 el choque por 7 de diferencia. Veinte minutos estelares que reflejan lo que exige (y ejemplifica) Carles Marco desde la banda: intensidad, ambici\u00f3n, coraje y trabajo.<\/p>\n","protected":false},"excerpt":{"rendered":"La fase de prueba ha llegado a su fin y es momento de ponerse serios. El Leyma B\u00e1squet&hellip;\n","protected":false},"author":2,"featured_media":134010,"comment_status":"","ping_status":"","sticky":false,"template":"","format":"standard","meta":{"footnotes":""},"categories":[269],"tags":[299,298,7879,168,25,24,30812,19726,14097,12182,795,3917,23,167,1927],"class_list":{"0":"post-134009","1":"post","2":"type-post","3":"status-publish","4":"format-standard","5":"has-post-thumbnail","7":"category-baloncesto","8":"tag-baloncesto","9":"tag-basketball","10":"tag-coruna","11":"tag-deportes","12":"tag-es","13":"tag-espana","14":"tag-leyma","15":"tag-leyma-basquet-coruna","16":"tag-leyma-coruna","17":"tag-lista","18":"tag-nueva","19":"tag-primera-feb","20":"tag-spain","21":"tag-sports","22":"tag-version"},"share_on_mastodon":{"url":"","error":""},"_links":{"self":[{"href":"https:\/\/www.europesays.com\/es\/wp-json\/wp\/v2\/posts\/134009","targetHints":{"allow":["GET"]}}],"collection":[{"href":"https:\/\/www.europesays.com\/es\/wp-json\/wp\/v2\/posts"}],"about":[{"href":"https:\/\/www.europesays.com\/es\/wp-json\/wp\/v2\/types\/post"}],"author":[{"embeddable":true,"href":"https:\/\/www.europesays.com\/es\/wp-json\/wp\/v2\/users\/2"}],"replies":[{"embeddable":true,"href":"https:\/\/www.europesays.com\/es\/wp-json\/wp\/v2\/comments?post=134009"}],"version-history":[{"count":0,"href":"https:\/\/www.europesays.com\/es\/wp-json\/wp\/v2\/posts\/134009\/revisions"}],"wp:featuredmedia":[{"embeddable":true,"href":"https:\/\/www.europesays.com\/es\/wp-json\/wp\/v2\/media\/134010"}],"wp:attachment":[{"href":"https:\/\/www.europesays.com\/es\/wp-json\/wp\/v2\/media?parent=134009"}],"wp:term":[{"taxonomy":"category","embeddable":true,"href":"https:\/\/www.europesays.com\/es\/wp-json\/wp\/v2\/categories?post=134009"},{"taxonomy":"post_tag","embeddable":true,"href":"https:\/\/www.europesays.com\/es\/wp-json\/wp\/v2\/tags?post=134009"}],"curies":[{"name":"wp","href":"https:\/\/api.w.org\/{rel}","templated":true}]}}