{"id":134048,"date":"2025-09-23T14:35:11","date_gmt":"2025-09-23T14:35:11","guid":{"rendered":"https:\/\/www.europesays.com\/es\/134048\/"},"modified":"2025-09-23T14:35:11","modified_gmt":"2025-09-23T14:35:11","slug":"situan-al-exazulgrana-sertac-sanli-en-la-orbita-del-dubai-basketball","status":"publish","type":"post","link":"https:\/\/www.europesays.com\/es\/134048\/","title":{"rendered":"Sit\u00faan al exazulgrana Serta\u00e7 Sanli en la \u00f3rbita del Dubai Basketball"},"content":{"rendered":"<p class=\"ft-text\">Las plantillas de los 20 equipos de la <a class=\"ft-link ft-link--decoration\" href=\"https:\/\/www.sport.es\/es\/baloncesto\/euroliga\/\" rel=\"nofollow noopener\" target=\"_blank\"><strong>Euroliga<\/strong><\/a> ya est\u00e1n pr\u00e1cticamente listas a una semana exacta de que vuelva a arrancar la competici\u00f3n. Con un <strong>Fenerbah\u00e7e<\/strong> que defiende t\u00edtulo, el resto de contrincantes tratar\u00e1n de arrebatarle la corona continental al equipo de un <strong>Sarunas Jasikevicius<\/strong> que, al final, logr\u00f3 hacerse con la competici\u00f3n tambi\u00e9n como entrenador.<\/p>\n<p class=\"ft-text\">Saras tuvo bajo sus \u00f3rdenes el pasado curso a un par de jugadores con los que ya hab\u00eda coincidido en el pasado. El primero fue un <strong>Nigel Hayes-Davis<\/strong> que result\u00f3 fundamental para la consecuci\u00f3n del t\u00edtulo, y que tal y como ven\u00eda ocurriendo los \u00faltimos a\u00f1os se exhibi\u00f3 como uno de los mejores jugadores del continente. Este a\u00f1o lo disfrutar\u00e1n en la NBA, tras haber alcanzado un acuerdo con los Phoenix Suns.<\/p>\n<p>Sanli sum\u00f3 su segunda Euroliga<\/p>\n<p class=\"ft-text\">Y el segundo es un <strong>Serta\u00e7 Sanli<\/strong> que con &#8216;Fener&#8217; sum\u00f3 la segunda Euroliga de su palmar\u00e9s tras la lograda con <strong>Anadolu Efes<\/strong> en 2021, precisamente ante el Bar\u00e7a. El interior turco defendi\u00f3 la camiseta azulgrana un par de temporadas (21-23) y pese a que en ambos cursos se alcanz\u00f3 la Final Four, el Real Madrid les elimin\u00f3 en semifinales.<\/p>\n<p><img decoding=\"async\" src=\"https:\/\/www.europesays.com\/es\/wp-content\/uploads\/2025\/09\/5b0f4cb6-0a09-4bc1-b89f-07274fe173e7_alta-libre-aspect-ratio_default_0.jpg\" width=\"1200\" height=\"675\" alt=\"Sanli con cuatro triples fue el m\u00e1ximo anotador de la primera parte\" class=\"ft-helper-img-rd\" loading=\"lazy\" hasdataaida=\"true\"\/><\/p>\n<p class=\"ft-helper-fontColor-quaternary ft-helper-fontSize-body-S ft-helper-spacer-t-xxs\">Sanli con cuatro triples fue el m\u00e1ximo anotador de la primera parte  \/ JAVI FERR\u00c1NDIZ<\/p>\n<p class=\"ft-text\">Sanli viene de tener un <strong>papel secundario<\/strong> en Fenerbah\u00e7e el pasado curso, en el que apenas super\u00f3 los <strong>13 minutos por encuentro<\/strong> con unas medias de <strong>5,5 puntos y 2,4 rebotes<\/strong> por encuentro.<\/p>\n<p>Un curso con muy poco protagonismo<\/p>\n<p class=\"ft-text\">Un rol bastante residual pr\u00e1cticamente como el vivido este verano con la <strong>Turqu\u00eda de Ergin Ataman,<\/strong> con la que se proclam\u00f3 subcampe\u00f3n de Europa, pero en la que su presencia en pista fue pr\u00e1cticamente nula.<\/p>\n<p><img decoding=\"async\" src=\"https:\/\/www.europesays.com\/es\/wp-content\/uploads\/2025\/09\/af9e6113-4e03-4470-98cc-e5448763cbde_alta-libre-aspect-ratio_default_0.jpg\" width=\"1200\" height=\"675\" alt=\"Serta\u00e7 Sanli, ante M\u00f3naco\" class=\"ft-helper-img-rd\" loading=\"lazy\" hasdataaida=\"true\"\/><\/p>\n<p class=\"ft-helper-fontColor-quaternary ft-helper-fontSize-body-S ft-helper-spacer-t-xxs\">Serta\u00e7 Sanli, ante M\u00f3naco  \/ EFE<\/p>\n<p class=\"ft-text\">A sus 34 a\u00f1os, Sanli parece querer contar con mayor protagonismo que el vivido el \u00faltimo curso, y ante esa situaci\u00f3n, se abre el <strong>escenario<\/strong> de un posible cambio de equipo.<\/p>\n<p>Dubai pone sus ojos en el exazulgrana<\/p>\n<p class=\"ft-text\">El periodista griego Sotiris Vetakis apunt\u00f3 a que su posible llegada al <strong>Dubai Basketball<\/strong> estaba bastante adelantada, una informaci\u00f3n que confirma el portal &#8216;Basketnews&#8217; a\u00f1adiendo adem\u00e1s que el acuerdo entre el club de Oriente Medio y el p\u00edvot turco ser\u00eda de <strong>dos meses iniciales, con la posibilidad de prorrogarlo hasta final de curso.<\/strong><\/p>\n<p><img decoding=\"async\" src=\"https:\/\/www.europesays.com\/es\/wp-content\/uploads\/2025\/09\/8fd17853-dea2-4003-abd4-03a6be9724da_alta-libre-aspect-ratio_default_0.jpg\" width=\"1200\" height=\"675\" alt=\"Serta\u00e7 Sanli, frente a Vesely en Estambul\" class=\"ft-helper-img-rd\" loading=\"lazy\" hasdataaida=\"true\"\/><\/p>\n<p class=\"ft-helper-fontColor-quaternary ft-helper-fontSize-body-S ft-helper-spacer-t-xxs\">Serta\u00e7 Sanli, frente a Vesely en Estambul  \/ EFE<\/p>\n<p class=\"ft-text\">Sanli cuenta con contrato garantizado en Estambul hasta final de temporada, pero su encaje en Dubai podr\u00eda ser positivo, y m\u00e1s teniendo en cuenta que el conjunto entrenado por Jurica Golemac ha perdido al interior<strong> Mam Jaiteh<\/strong> por una grave lesi\u00f3n en el Aquiles que le mantendr\u00e1 en el dique seco toda la campa\u00f1a.<\/p>\n","protected":false},"excerpt":{"rendered":"Las plantillas de los 20 equipos de la Euroliga ya est\u00e1n pr\u00e1cticamente listas a una semana exacta de&hellip;\n","protected":false},"author":2,"featured_media":134049,"comment_status":"","ping_status":"","sticky":false,"template":"","format":"standard","meta":{"footnotes":""},"categories":[269],"tags":[299,2296,298,168,6802,25,24,24503,378,42652,42651,23,167],"class_list":{"0":"post-134048","1":"post","2":"type-post","3":"status-publish","4":"format-standard","5":"has-post-thumbnail","7":"category-baloncesto","8":"tag-baloncesto","9":"tag-barca","10":"tag-basketball","11":"tag-deportes","12":"tag-dubai","13":"tag-es","14":"tag-espana","15":"tag-fenerbahce","16":"tag-jugador","17":"tag-sanli","18":"tag-sertac","19":"tag-spain","20":"tag-sports"},"share_on_mastodon":{"url":"","error":""},"_links":{"self":[{"href":"https:\/\/www.europesays.com\/es\/wp-json\/wp\/v2\/posts\/134048","targetHints":{"allow":["GET"]}}],"collection":[{"href":"https:\/\/www.europesays.com\/es\/wp-json\/wp\/v2\/posts"}],"about":[{"href":"https:\/\/www.europesays.com\/es\/wp-json\/wp\/v2\/types\/post"}],"author":[{"embeddable":true,"href":"https:\/\/www.europesays.com\/es\/wp-json\/wp\/v2\/users\/2"}],"replies":[{"embeddable":true,"href":"https:\/\/www.europesays.com\/es\/wp-json\/wp\/v2\/comments?post=134048"}],"version-history":[{"count":0,"href":"https:\/\/www.europesays.com\/es\/wp-json\/wp\/v2\/posts\/134048\/revisions"}],"wp:featuredmedia":[{"embeddable":true,"href":"https:\/\/www.europesays.com\/es\/wp-json\/wp\/v2\/media\/134049"}],"wp:attachment":[{"href":"https:\/\/www.europesays.com\/es\/wp-json\/wp\/v2\/media?parent=134048"}],"wp:term":[{"taxonomy":"category","embeddable":true,"href":"https:\/\/www.europesays.com\/es\/wp-json\/wp\/v2\/categories?post=134048"},{"taxonomy":"post_tag","embeddable":true,"href":"https:\/\/www.europesays.com\/es\/wp-json\/wp\/v2\/tags?post=134048"}],"curies":[{"name":"wp","href":"https:\/\/api.w.org\/{rel}","templated":true}]}}