{"id":134054,"date":"2025-09-23T14:38:28","date_gmt":"2025-09-23T14:38:28","guid":{"rendered":"https:\/\/www.europesays.com\/es\/134054\/"},"modified":"2025-09-23T14:38:28","modified_gmt":"2025-09-23T14:38:28","slug":"eli-eguren-una-vida-entrega-al-arte","status":"publish","type":"post","link":"https:\/\/www.europesays.com\/es\/134054\/","title":{"rendered":"Eli Eguren, una vida entrega al arte"},"content":{"rendered":"<p>La historia de la pintora Eli Eguren es, en muchos sentidos, la historia de una pasi\u00f3n que nunca se apag\u00f3. Desde muy ni\u00f1a mostr\u00f3 una  &#8230; inclinaci\u00f3n natural hacia el dibujo y la pintura. Sus primeros pasos fueron con los conocidos l\u00e1pices de colores Alpino, que le abrieron un universo de creatividad. Unos l\u00e1pices que sehan quedado grabados en nuestra memoria.<\/p>\n<p class=\"v-p\">A los quince a\u00f1os recibi\u00f3 su primer malet\u00edn de pinturas al \u00f3leo, un regalo que marc\u00f3 el inicio de una relaci\u00f3n vital con esa t\u00e9cnica pict\u00f3rica que, pese a haber explorado otros caminos art\u00edsticos, siempre ha sido su preferida y su punto de retorno.<\/p>\n<p class=\"v-p\">Su inquietud la llev\u00f3 a formarse con diferentes profesores y a experimentar con t\u00e9cnicas variadas. Eibar fue el primer escenario de su aprendizaje, pero pronto ampli\u00f3 horizontes en Bilbao y San Sebasti\u00e1n, donde se empap\u00f3 de nuevos lenguajes art\u00edsticos. M\u00e1s tarde, su vida dio un giro cuando se traslad\u00f3 a Guadalajara, en M\u00e9xico, donde residi\u00f3 durante cinco a\u00f1os. All\u00ed continu\u00f3 su formaci\u00f3n y se abri\u00f3 a influencias culturales distintas, lo que enriqueci\u00f3 notablemente su paleta y su forma de mirar el arte.<\/p>\n<p>\nEibar fue el primer escenario de su aprendizaje, pero se abri\u00f3 a nuevas t\u00e9cnicas en Bilbao y San Sebasti\u00e1n\n<\/p>\n<p class=\"v-p\">De regreso a Eibar, Eguren se implic\u00f3 de lleno en la vida cultural local. Durante a\u00f1os llev\u00f3 la comisar\u00eda de exposiciones en el Topaleku, un espacio emblem\u00e1tico para la difusi\u00f3n art\u00edstica en la ciudad. Su labor consisti\u00f3 en organizar muestras, acercar el arte a nuevos p\u00fablicos y apoyar a otros creadores que, como ella, buscaban un lugar donde expresarse. Paralelamente, no abandon\u00f3 su propia producci\u00f3n y comenz\u00f3 a exponer en distintas poblaciones de la comarca y del Pa\u00eds Vasco, adem\u00e1s de participar en concursos de pintura al aire libre. Su talento le vali\u00f3 el reconocimiento en varias ocasiones, al ser premiada en cert\u00e1menes donde la rapidez, la espontaneidad y la conexi\u00f3n con el entorno se ponen a prueba.<\/p>\n<p>Profesora en Arrate elkartea<\/p>\n<p class=\"v-p\">Con el tiempo, su vocaci\u00f3n docente se consolid\u00f3. Durante diez a\u00f1os imparti\u00f3 clases de pintura en un local de la asociaci\u00f3n Arrate Kultur Elkartea, donde form\u00f3 dos grupos de alumnos. Aquella etapa la recuerda como una de las m\u00e1s gratificantes de su carrera, no solo por la transmisi\u00f3n de conocimientos, sino tambi\u00e9n por el aprendizaje mutuo y el ambiente de creatividad compartida que se respiraba en sus talleres.<\/p>\n<p class=\"v-p\">Hoy, Eguren sigue vinculada profundamente al arte. Actualmente ejerce como vicepresidenta de la Asociaci\u00f3n Art\u00edstica de Eibar, desde donde contin\u00faa promoviendo iniciativas culturales y apoyando el trabajo de otros creadores. Su trayectoria demuestra que el arte, m\u00e1s que una profesi\u00f3n o un hobby, ha sido el hilo conductor de toda su vida. La pintora eibarresa ha explorado diferentes estilos y t\u00e9cnicas, pero siempre ha regresado al \u00f3leo, un medio que le ofrece la posibilidad de trabajar con texturas, colores profundos y tiempos de creaci\u00f3n m\u00e1s pausados. \u00abSiempre vuelvo al \u00f3leo\u00bb, confiesa, consciente de que es en esa t\u00e9cnica donde mejor logra expresar su visi\u00f3n del mundo.<\/p>\n<p class=\"v-p\">La biograf\u00eda de Eli Eguren es tambi\u00e9n testimonio de la fuerza de la cultura local en Eibar, una ciudad que ha sabido nutrirse de artistas que, como ella, han aportado tanto en lo personal como en lo colectivo. Su labor en el Topaleku, sus exposiciones, sus clases y su papel en la Asociaci\u00f3n Art\u00edstica son reflejo de un compromiso que trasciende la obra individual: es una apuesta por el arte como motor de convivencia, identidad y futuro.<\/p>\n<p class=\"v-p\">A lo largo de los a\u00f1os, ha demostrado que la pintura no solo se vive frente al lienzo, sino tambi\u00e9n en la relaci\u00f3n con los dem\u00e1s: alumnos, colegas, vecinos y espectadores que han encontrado en su trabajo y en su impulso cultural una ventana para acercarse al mundo del arte. Por eso, hablar de Eli Eguren es hablar de una vida marcada por la sensibilidad y el deseo de compartir la belleza que surge de un pincel.<\/p>\n<p class=\"v-p\">Se pueden ver un total de 30 obras de los \u00faltimos cinco a\u00f1os de su fecunda carrera en el hogar del jubilado de Unzaga, hasta este domingo. La muestra puede ser visitada de lunes a viernes, de 19.00 a 21.00. Los s\u00e1bados y domingos abre de 12.00 a 14.00 y de 19.00 a 21.00 horas.<\/p>\n","protected":false},"excerpt":{"rendered":"La historia de la pintora Eli Eguren es, en muchos sentidos, la historia de una pasi\u00f3n que nunca&hellip;\n","protected":false},"author":2,"featured_media":134055,"comment_status":"","ping_status":"","sticky":false,"template":"","format":"standard","meta":{"footnotes":""},"categories":[173],"tags":[229,233,231,230,232,234,42653,11115,146,36,147,25,24,23,2606],"class_list":{"0":"post-134054","1":"post","2":"type-post","3":"status-publish","4":"format-standard","5":"has-post-thumbnail","7":"category-arte-y-diseno","8":"tag-arte","9":"tag-arte-y-diseno","10":"tag-arts","11":"tag-arts-and-design","12":"tag-design","13":"tag-diseno","14":"tag-eguren","15":"tag-eli","16":"tag-entertainment","17":"tag-entrega","18":"tag-entretenimiento","19":"tag-es","20":"tag-espana","21":"tag-spain","22":"tag-vida"},"share_on_mastodon":{"url":"","error":""},"_links":{"self":[{"href":"https:\/\/www.europesays.com\/es\/wp-json\/wp\/v2\/posts\/134054","targetHints":{"allow":["GET"]}}],"collection":[{"href":"https:\/\/www.europesays.com\/es\/wp-json\/wp\/v2\/posts"}],"about":[{"href":"https:\/\/www.europesays.com\/es\/wp-json\/wp\/v2\/types\/post"}],"author":[{"embeddable":true,"href":"https:\/\/www.europesays.com\/es\/wp-json\/wp\/v2\/users\/2"}],"replies":[{"embeddable":true,"href":"https:\/\/www.europesays.com\/es\/wp-json\/wp\/v2\/comments?post=134054"}],"version-history":[{"count":0,"href":"https:\/\/www.europesays.com\/es\/wp-json\/wp\/v2\/posts\/134054\/revisions"}],"wp:featuredmedia":[{"embeddable":true,"href":"https:\/\/www.europesays.com\/es\/wp-json\/wp\/v2\/media\/134055"}],"wp:attachment":[{"href":"https:\/\/www.europesays.com\/es\/wp-json\/wp\/v2\/media?parent=134054"}],"wp:term":[{"taxonomy":"category","embeddable":true,"href":"https:\/\/www.europesays.com\/es\/wp-json\/wp\/v2\/categories?post=134054"},{"taxonomy":"post_tag","embeddable":true,"href":"https:\/\/www.europesays.com\/es\/wp-json\/wp\/v2\/tags?post=134054"}],"curies":[{"name":"wp","href":"https:\/\/api.w.org\/{rel}","templated":true}]}}