{"id":134102,"date":"2025-09-23T15:04:11","date_gmt":"2025-09-23T15:04:11","guid":{"rendered":"https:\/\/www.europesays.com\/es\/134102\/"},"modified":"2025-09-23T15:04:11","modified_gmt":"2025-09-23T15:04:11","slug":"jon-bon-jovi-habla-por-primera-vez-sobre-el-bebe-y-la-pronta-boda-de-su-hijo-jake-y-millie-bobby-brown","status":"publish","type":"post","link":"https:\/\/www.europesays.com\/es\/134102\/","title":{"rendered":"Jon Bon Jovi habla por primera vez sobre el beb\u00e9 y la pronta boda de su hijo Jake y Millie Bobby Brown"},"content":{"rendered":"<p id=\"ekollKzp9Vo\" data-wc=\"71\">El rockero de<strong>\u00a0Bon Jovi<\/strong> concedi\u00f3 una entrevista en el podcast Dumb Blonde de Bunnie Xo esta semana, donde le preguntaron sobre su hijo <strong>Jake Bongiovi, quien recientemente adopt\u00f3 a una ni\u00f1a con su esposa Millie Bobby Brown<\/strong>. La joven pareja anunci\u00f3 la noticia en agosto pasado, a m\u00e1s de un a\u00f1o de casarse en mayo de 2024, y de convertir en abuelo al veterano cantante de rock de 63 a\u00f1os.<\/p>\n<p> <img src=\"https:\/\/www.europesays.com\/es\/wp-content\/uploads\/2025\/09\/82aa92a38b85-gettyimages-2181259504.jpg\"   width=\"682\" height=\"1024\" loading=\"lazy\" decoding=\"async\" alt=\"Bon Jovi \" fetchpriority=\"auto\" class=\"image ho-image\"\/>\u00a9 Getty ImagesBon Jovi <\/p>\n<p id=\"e1UM8jik3G\" data-wc=\"52\">\u00abEs genial&#8230; Una locura, pero genial. Maravilloso\u00bb, dijo sobre la noticia del beb\u00e9. \u00abAdoptaron a una ni\u00f1a, y conocimos a la beb\u00e9, obviamente, e inmediatamente se convierte en tu nieta, \u00bfsabes? Tu beb\u00e9\u00bb. A\u00f1adi\u00f3: \u00abEs precioso y quiero ver fotos de ella casi a diario. Soy un pesado y, s\u00ed, es genial\u00bb.<\/p>\n<p id=\"eRA0YQ6-ja\" data-wc=\"79\"><strong>Bon Jovi a\u00f1adi\u00f3 que \u00e9l y su esposa, Dorothea, esperan otro nieto, ya que su hijo Jesse Bongiovi\u00a0<\/strong>tambi\u00e9n est\u00e1 a punto de convertirse en padre. En otra momento de la entrevista, a Jon tambi\u00e9n le preguntaron c\u00f3mo fue conocer a la actriz de Stranger Things\u00a0por primera vez y darle la bienvenida a la familia. \u00abEs un amor y muy trabajadora\u00bb, le dijo a Bunnie. \u00abSiempre le digo cu\u00e1nto la admiro, porque su \u00e9tica de trabajo es incre\u00edble\u00bb.<\/p>\n<p> <img src=\"https:\/\/www.europesays.com\/es\/wp-content\/uploads\/2025\/09\/1b00c7398d7d-gettyimages-2045758540.jpg\"   width=\"824\" height=\"1024\" loading=\"lazy\" decoding=\"async\" alt=\"Millie Bobby Brown y Jake Bongiovi \" fetchpriority=\"auto\" class=\"image ho-image\"\/>\u00a9 GC ImagesMillie Bobby Brown y Jake Bongiovi <\/p>\n<p id=\"eaxonrW7o2o\" data-wc=\"43\">Tambi\u00e9n el cantante de Always habl\u00f3 sobre la boda de la pareja, despu\u00e9s de que se comprometieron en abril de 2023 y se casaron en mayo del a\u00f1o siguiente. Cuando se unieron en matrimonio, Millie ten\u00eda 20 a\u00f1os, mientras que Bongiovi ten\u00eda 22.\u00a0<\/p>\n<p id=\"eArqQOgxcts\" data-wc=\"69\">Bon Jovi coment\u00f3 sobre la decisi\u00f3n de su hijo para darle el s\u00ed, acepto a la joven actriz a tan temprana edad. \u00abSe casaron muy j\u00f3venes, pero lo bendecimos porque lo entendemos, \u00bfsabes? Son bastante maduros para su edad\u00bb, comparti\u00f3. \u00abElla viene de una familia donde sus padres siguen juntos y se casaron muy j\u00f3venes. Ella y Jake se enamoraron y simplemente pensamos: &#8216;Bueno, apoyaremos esto&#8217;, y est\u00e1 funcionando\u00bb.<\/p>\n<p> <img src=\"https:\/\/www.europesays.com\/es\/wp-content\/uploads\/2025\/09\/2e913fb99d97-snapinstato551653576184475212031146775752634562093053124n.jpg\"   width=\"768\" height=\"1024\" loading=\"lazy\" decoding=\"async\" alt=\"La joven pareja celebr\u00f3 un a\u00f1o de casados el pasado 21 de septiembre\" fetchpriority=\"auto\" class=\"image ho-image\"\/>La joven pareja celebr\u00f3 un a\u00f1o de casados el pasado 21 de septiembre<\/p>\n<p id=\"eJ1brSByaT\" data-wc=\"36\">\u00abEs hermoso. Ser abuelo te cambia\u201d, asegur\u00f3 Jon Bon Jovi al resaltar que todo lo que les est\u00e1 pasando como familia en un motivo de orgullo y felicidad que lo ha unido de una manera incre\u00edble.<\/p>\n<p id=\"eV_RvSx1sz\" data-wc=\"71\"><strong>Tras la llegada de la primera hija de la pareja por medio de la adopci\u00f3n<\/strong>, ambos no han bajado la guardia en la forma cuidadosa con la que se mantienen alejados del foco medi\u00e1tico. \u201cEste verano le dimos la bienvenida a nuestra dulce ni\u00f1a mediante la adopci\u00f3n. Estamos m\u00e1s que emocionados de comenzar este hermoso nuevo cap\u00edtulo de la paternidad en paz y privacidad\u201d, expresaron en una publicaci\u00f3n conjunta en Instagram.<\/p>\n","protected":false},"excerpt":{"rendered":"El rockero de\u00a0Bon Jovi concedi\u00f3 una entrevista en el podcast Dumb Blonde de Bunnie Xo esta semana, donde&hellip;\n","protected":false},"author":2,"featured_media":134103,"comment_status":"","ping_status":"","sticky":false,"template":"","format":"standard","meta":{"footnotes":""},"categories":[170],"tags":[517,146,147,25,24,26025,184,185,23],"class_list":{"0":"post-134102","1":"post","2":"type-post","3":"status-publish","4":"format-standard","5":"has-post-thumbnail","7":"category-musica","8":"tag-actualidad","9":"tag-entertainment","10":"tag-entretenimiento","11":"tag-es","12":"tag-espana","13":"tag-millie-bobby-brown","14":"tag-music","15":"tag-musica","16":"tag-spain"},"share_on_mastodon":{"url":"","error":""},"_links":{"self":[{"href":"https:\/\/www.europesays.com\/es\/wp-json\/wp\/v2\/posts\/134102","targetHints":{"allow":["GET"]}}],"collection":[{"href":"https:\/\/www.europesays.com\/es\/wp-json\/wp\/v2\/posts"}],"about":[{"href":"https:\/\/www.europesays.com\/es\/wp-json\/wp\/v2\/types\/post"}],"author":[{"embeddable":true,"href":"https:\/\/www.europesays.com\/es\/wp-json\/wp\/v2\/users\/2"}],"replies":[{"embeddable":true,"href":"https:\/\/www.europesays.com\/es\/wp-json\/wp\/v2\/comments?post=134102"}],"version-history":[{"count":0,"href":"https:\/\/www.europesays.com\/es\/wp-json\/wp\/v2\/posts\/134102\/revisions"}],"wp:featuredmedia":[{"embeddable":true,"href":"https:\/\/www.europesays.com\/es\/wp-json\/wp\/v2\/media\/134103"}],"wp:attachment":[{"href":"https:\/\/www.europesays.com\/es\/wp-json\/wp\/v2\/media?parent=134102"}],"wp:term":[{"taxonomy":"category","embeddable":true,"href":"https:\/\/www.europesays.com\/es\/wp-json\/wp\/v2\/categories?post=134102"},{"taxonomy":"post_tag","embeddable":true,"href":"https:\/\/www.europesays.com\/es\/wp-json\/wp\/v2\/tags?post=134102"}],"curies":[{"name":"wp","href":"https:\/\/api.w.org\/{rel}","templated":true}]}}