{"id":134106,"date":"2025-09-23T15:06:14","date_gmt":"2025-09-23T15:06:14","guid":{"rendered":"https:\/\/www.europesays.com\/es\/134106\/"},"modified":"2025-09-23T15:06:14","modified_gmt":"2025-09-23T15:06:14","slug":"un-patrocinador-amenaza-al-israel-premier-tech-con-dejarle-sin-bicicletas-si-no-borran-el-rastro-israeli-del-equipo","status":"publish","type":"post","link":"https:\/\/www.europesays.com\/es\/134106\/","title":{"rendered":"Un patrocinador amenaza al Israel-Premier Tech con dejarle sin bicicletas si no borran el rastro israel\u00ed del equipo"},"content":{"rendered":"<p><img decoding=\"async\" class=\"voc-author__img\" src=\"https:\/\/www.europesays.com\/es\/wp-content\/uploads\/2025\/09\/autor-6291-foto-2.jpeg\" alt=\"Daniel Cebreiro\"\/><\/p>\n<p>23\/09\/2025<br \/>\n<br \/><strong><br \/>\nActualizado a las 16:56h.<br \/>\n<\/strong><\/p>\n<p class=\"voc-p\" style=\"\">El Mundial celebrado esta semana en Ruanda es la competici\u00f3n que acapara las miradas del mundo de ciclismo. Un remanso de paz y tranquilidad, a pesar de los <a href=\"https:\/\/www.abc.es\/deportes\/ciclismo\/panico-peloton-muerden-ciclista-repatriado-inmediato-20250919203402-nt.html\" target=\"_self\" data-voc-vtm-id=\"in-text-traffic\" title=\"peligros naturales\" rel=\"nofollow noopener\">peligros naturales<\/a> que entra\u00f1a el pa\u00eds africano, comparado con la Vuelta a Espa\u00f1a, de cuyo accidentado desenlace han transcurrido ya m\u00e1s de una semana, pero sigue generando consecuencias.<\/p>\n<p class=\"voc-p\" style=\"\">La \u00faltima tiene como protagonista al Israel-Premier Tech, el equipo que desat\u00f3 la ola de protestas propalestinas que la ronda espa\u00f1ola. Durante la Vuelta, el conjunto hebreo tom\u00f3 la decisi\u00f3n de borrar el rastro del pa\u00eds hebreo de la camiseta de los ciclistas por su seguridad. Ahora, es su patrocinador quien exige que esta medida sea permanente.<\/p>\n<p class=\"voc-p\" style=\"\">Factor, la empresa brit\u00e1nica de bicicletas que suministra material al conjunto israel\u00ed desde hace a\u00f1os, ha lanzado todo un \u00f3rdago al equipo para que a simple vista no pueda asociarse a Israel con \u00e9l. \u00ab<strong>Sin un cambio de nombre, sin un cambio de bandera, no continuaremos<\/strong>\u00bb, asegur\u00f3 Rob Gitelis, fundador de la marca. <\/p>\n<p class=\"voc-p\" style=\"\">\u00abNuestra marca se ha vuelto demasiado controvertida. Mi responsabilidad es con mis empleados y accionistas. A\u00f1adir un nivel adicional de conflicto o complejidad es algo que ya no podemos aceptar\u00bb, a\u00f1adi\u00f3 el empresario, un postura que he llevado el Israel-Premier Tech a plante\u00e1rselo.<\/p>\n<p class=\"voc-p\" style=\"\">Seg\u00fan informa &#8216;Ciclyngnews&#8217;, Sylvian Adams, fundador y propietario del equipo, ya habr\u00eda aceptado la retirada de Israel del nombre del equipo ante la presi\u00f3n de sus patrocinadores, como ocurri\u00f3 en la Vuelta. Sin embargo, el cambio de bandera es m\u00e1s complejo, ya que exige modificar la nacionalidad con la que est\u00e1 registrado en la UCI el equipo. La alternativa m\u00e1s viable ser\u00eda Canad\u00e1, ya que Adams posee la doble nacionalidad, y Premier Tech tiene sede en Quebec.<\/p>\n<p class=\"voc-p\" style=\"\">La cuesti\u00f3n de la bandera es m\u00e1s compleja. El equipo est\u00e1 registrado con licencia israel\u00ed, pero las reglas de la UCI permiten cambios en funci\u00f3n de la nacionalidad del propietario, del titular de la licencia o del principal patrocinador. La opci\u00f3n m\u00e1s l\u00f3gica ser\u00eda Canad\u00e1, dado que Adams tiene doble ciudadan\u00eda y Premier Tech \u2014copatrocinador\u2014 tiene sede en Quebec.<\/p>\n<p>Reportar un error<\/p>\n","protected":false},"excerpt":{"rendered":"23\/09\/2025 Actualizado a las 16:56h. El Mundial celebrado esta semana en Ruanda es la competici\u00f3n que acapara las&hellip;\n","protected":false},"author":2,"featured_media":134107,"comment_status":"","ping_status":"","sticky":false,"template":"","format":"standard","meta":{"footnotes":""},"categories":[93],"tags":[22727,168,622,25,24,703,42666,9696,42667,6998,23,167,17765],"class_list":{"0":"post-134106","1":"post","2":"type-post","3":"status-publish","4":"format-standard","5":"has-post-thumbnail","7":"category-deportes","8":"tag-borrar","9":"tag-deportes","10":"tag-equipo","11":"tag-es","12":"tag-espana","13":"tag-israeli","14":"tag-israelpremier","15":"tag-patrocinador","16":"tag-presionado","17":"tag-rastro","18":"tag-spain","19":"tag-sports","20":"tag-tech"},"share_on_mastodon":{"url":"","error":""},"_links":{"self":[{"href":"https:\/\/www.europesays.com\/es\/wp-json\/wp\/v2\/posts\/134106","targetHints":{"allow":["GET"]}}],"collection":[{"href":"https:\/\/www.europesays.com\/es\/wp-json\/wp\/v2\/posts"}],"about":[{"href":"https:\/\/www.europesays.com\/es\/wp-json\/wp\/v2\/types\/post"}],"author":[{"embeddable":true,"href":"https:\/\/www.europesays.com\/es\/wp-json\/wp\/v2\/users\/2"}],"replies":[{"embeddable":true,"href":"https:\/\/www.europesays.com\/es\/wp-json\/wp\/v2\/comments?post=134106"}],"version-history":[{"count":0,"href":"https:\/\/www.europesays.com\/es\/wp-json\/wp\/v2\/posts\/134106\/revisions"}],"wp:featuredmedia":[{"embeddable":true,"href":"https:\/\/www.europesays.com\/es\/wp-json\/wp\/v2\/media\/134107"}],"wp:attachment":[{"href":"https:\/\/www.europesays.com\/es\/wp-json\/wp\/v2\/media?parent=134106"}],"wp:term":[{"taxonomy":"category","embeddable":true,"href":"https:\/\/www.europesays.com\/es\/wp-json\/wp\/v2\/categories?post=134106"},{"taxonomy":"post_tag","embeddable":true,"href":"https:\/\/www.europesays.com\/es\/wp-json\/wp\/v2\/tags?post=134106"}],"curies":[{"name":"wp","href":"https:\/\/api.w.org\/{rel}","templated":true}]}}