{"id":134140,"date":"2025-09-23T15:25:16","date_gmt":"2025-09-23T15:25:16","guid":{"rendered":"https:\/\/www.europesays.com\/es\/134140\/"},"modified":"2025-09-23T15:25:16","modified_gmt":"2025-09-23T15:25:16","slug":"la-fiesta-del-libro-revela-los-libros-mas-vendidos-en-el-top-hay-dos-escritores-paisas","status":"publish","type":"post","link":"https:\/\/www.europesays.com\/es\/134140\/","title":{"rendered":"La Fiesta del Libro revela los libros m\u00e1s vendidos, en el top hay dos escritores paisas"},"content":{"rendered":"\n<p>El Principito, la obra maestra de Antoine de Saint-Exup\u00e9ry, fue el libro m\u00e1s vendido de la 19.\u1d43 edici\u00f3n de la Fiesta del Libro y la Cultura, inform\u00f3 la Alcald\u00eda de Medell\u00edn. En ese listado tambi\u00e9n aparecen, en su orden, Los espantos de mam\u00e1, de Gilmer Mesa; Mi nombre es Emilia del Valle, de Isabel Allende; Cad\u00e1ver exquisito, de Agustina Bazterrica; El \u00faltimo secreto, de Dan Brown; Noche negra, de Pilar Quintana y El cielo est\u00e1 vac\u00edo, de Sara Jaramillo Klinkert.<\/p>\n<p><b>Siga leyendo:<\/b> <b><a rel=\"nofollow noopener noreferrer\" href=\"https:\/\/www.elcolombiano.com\/cultura\/la-trilogia-del-mal-libro-nelson-matta-fiesta-del-libro-y-la-cultura-medellin-GK29109942\" target=\"_blank\">La trilog\u00eda del mal, el libro que desentra\u00f1a el miedo, la violencia y el desamor en la Fiesta del Libro y la Cultura<\/a><\/b><\/p>\n<p>    \u00bfCu\u00e1ntas personas asistieron y cu\u00e1nto se vendi\u00f3 en la feria?   <\/p>\n<p>En materia de cifras, el evento recibi\u00f3 550 mil visitas y report\u00f3 ventas por encima de los $10 mil millones, con la circulaci\u00f3n de 241 mil ejemplares. Estos n\u00fameros superan los alcanzados en 2024 y confirman el crecimiento de la muestra comercial, que reuni\u00f3 a 166 expositores, entre editoriales, librer\u00edas, distribuidoras y creadoras de productos literarios ilustrados. El espacio de la editorial invitada, Perif\u00e9rica, fue uno de los m\u00e1s visitados durante los 10 d\u00edas.<\/p>\n<p>   \u00bfQu\u00e9 invitados internacionales participaron en la Fiesta del Libro?   <\/p>\n<p>La programaci\u00f3n super\u00f3 las 3.000 actividades, entre ellas el lanzamiento de 320 libros y las conversaciones con m\u00e1s de 280 invitados. Autores internacionales de la talla de Kim Thuy (Vietnam\/Canad\u00e1), Mar\u00eda Fernanda Ampuero (Ecuador), Agustina Bazterrica y Cecilia Fanti (Argentina), Brenda Navarro y Fabio Mor\u00e1bito (M\u00e9xico), Peggy Burns (Estados Unidos) y Jorge Carri\u00f3n (Espa\u00f1a) se sumaron a una representaci\u00f3n colombiana, que tuvo a Laura Restrepo, Humberto de la Calle, David Betancourt, entre otros autores nacionales.<\/p>\n<p>El Jard\u00edn Lectura Viva registr\u00f3 129.584 visitas en sus 44 escenarios. Las comunas que m\u00e1s grupos inscribieron fueron Aranjuez, Popular y Manrique. Por su parte, el programa Adopta a un Autor llev\u00f3 a 36 instituciones educativas y bibliotecas la presencia de 29 autores internacionales y 7 nacionales.<\/p>\n<p>    \u00bfQu\u00e9 novedades tendr\u00e1 la Fiesta del Libro 2026?   <\/p>\n<p>Durante la clausura se anunci\u00f3 que Corea del Sur ser\u00e1 el pa\u00eds invitado de honor en 2026, a\u00f1o en que la Fiesta celebrar\u00e1 su vig\u00e9simo aniversario. \u201cQuiero expresar mi profundo agradecimiento por haber invitado a Corea del Sur a ser el pa\u00eds invitado de honor en la pr\u00f3xima<a rel=\"nofollow noopener\" href=\"https:\/\/fiestadellibroylacultura.com\/\" target=\"_blank\"> Fiesta del Libro y la Cultura de Medell\u00edn<\/a>\u201d, declar\u00f3 Lee Choong-Geon, ministro consejero de la embajada de ese pa\u00eds.<\/p>\n<p>El secretario de Cultura Ciudadana, Santiago Silva Jaramillo, adelant\u00f3 que la pr\u00f3xima edici\u00f3n estar\u00e1 guiada por la tem\u00e1tica Las traves\u00edas de la lectura y tendr\u00e1 a El Quijote como personaje invitado de la literatura universal. <\/p>\n<p>El calendario cultural tambi\u00e9n confirm\u00f3 otros eventos:<\/p>\n<p>Feria Popular D\u00edas del Libro (22 al 24 de mayo)<\/p>\n<p>Parada Juvenil de la Lectura (4 y 5 de julio)<\/p>\n<p>Festival del Libro Infantil (26 de febrero al 1.\u00ba de marzo de 2026).<\/p>\n<p><b>Le puede interesar: <\/b><b>\u201c<a rel=\"nofollow noopener noreferrer\" href=\"https:\/\/www.elcolombiano.com\/cultura\/literatura\/los-espantos-de-mama-gilmer-mesa-entrevista-AK28994958\" target=\"_blank\">Yo escribo siempre con rabia\u201d: Gilmer Mesa lanza su nuevo libro, Los espantos de mam\u00e1<\/a><\/b><\/p>\n","protected":false},"excerpt":{"rendered":"El Principito, la obra maestra de Antoine de Saint-Exup\u00e9ry, fue el libro m\u00e1s vendido de la 19.\u1d43 edici\u00f3n&hellip;\n","protected":false},"author":2,"featured_media":134141,"comment_status":"","ping_status":"","sticky":false,"template":"","format":"standard","meta":{"footnotes":""},"categories":[172],"tags":[224,146,147,25,24,225,1267,23],"class_list":{"0":"post-134140","1":"post","2":"type-post","3":"status-publish","4":"format-standard","5":"has-post-thumbnail","7":"category-libros","8":"tag-books","9":"tag-entertainment","10":"tag-entretenimiento","11":"tag-es","12":"tag-espana","13":"tag-libros","14":"tag-noticias-el-colombiano","15":"tag-spain"},"share_on_mastodon":{"url":"","error":""},"_links":{"self":[{"href":"https:\/\/www.europesays.com\/es\/wp-json\/wp\/v2\/posts\/134140","targetHints":{"allow":["GET"]}}],"collection":[{"href":"https:\/\/www.europesays.com\/es\/wp-json\/wp\/v2\/posts"}],"about":[{"href":"https:\/\/www.europesays.com\/es\/wp-json\/wp\/v2\/types\/post"}],"author":[{"embeddable":true,"href":"https:\/\/www.europesays.com\/es\/wp-json\/wp\/v2\/users\/2"}],"replies":[{"embeddable":true,"href":"https:\/\/www.europesays.com\/es\/wp-json\/wp\/v2\/comments?post=134140"}],"version-history":[{"count":0,"href":"https:\/\/www.europesays.com\/es\/wp-json\/wp\/v2\/posts\/134140\/revisions"}],"wp:featuredmedia":[{"embeddable":true,"href":"https:\/\/www.europesays.com\/es\/wp-json\/wp\/v2\/media\/134141"}],"wp:attachment":[{"href":"https:\/\/www.europesays.com\/es\/wp-json\/wp\/v2\/media?parent=134140"}],"wp:term":[{"taxonomy":"category","embeddable":true,"href":"https:\/\/www.europesays.com\/es\/wp-json\/wp\/v2\/categories?post=134140"},{"taxonomy":"post_tag","embeddable":true,"href":"https:\/\/www.europesays.com\/es\/wp-json\/wp\/v2\/tags?post=134140"}],"curies":[{"name":"wp","href":"https:\/\/api.w.org\/{rel}","templated":true}]}}