{"id":134144,"date":"2025-09-23T15:27:13","date_gmt":"2025-09-23T15:27:13","guid":{"rendered":"https:\/\/www.europesays.com\/es\/134144\/"},"modified":"2025-09-23T15:27:13","modified_gmt":"2025-09-23T15:27:13","slug":"sale-airoso-que-hablen-mal-de-mi-pero-que-hablen","status":"publish","type":"post","link":"https:\/\/www.europesays.com\/es\/134144\/","title":{"rendered":"Sale airoso, &#8216;que hablen mal de m\u00ed, pero que hablen&#8217;"},"content":{"rendered":"<p><img loading=\"lazy\" decoding=\"async\" src=\"https:\/\/www.europesays.com\/es\/wp-content\/uploads\/2025\/09\/100x100_informalia-logo.jpg\" itemtype=\"\/\/schema.org\/ImageObject\" itemprop=\"url\" alt=\"Informalia\" width=\"64\" height=\"64\" pinger-seen=\"true\"\/><\/p>\n<p>Fue en 1998 cuando los integrantes de uno de los grupos m\u00e1s ic\u00f3nicos de la Movida madrile\u00f1a se separaron de forma definitiva. Ana Torroja, Jos\u00e9 Mar\u00eda y Nacho Cano dejaron Mecano tras once a\u00f1os en activo. Desde entonces, cada uno de sus miembros ha trazado su propio camino, protagonizando titulares tanto en el terreno art\u00edstico como fuera de \u00e9l. <\/p>\n<p>Desde hace un tiempo, <a href=\"https:\/\/www.eleconomista.es\/informalia\/famosos\/noticias\/13534711\/09\/25\/nacho-cano-se-querella-contra-la-jueza-del-caso-malinche-por-su-notoria-parcialidad-y-una-instruccion-desquiciada.html\" rel=\"nofollow noopener\" target=\"_blank\">Nacho Cano copa los titulares por declararse una v\u00edctima del Gobierno de Pedro S\u00e1nchez<\/a>: \u00ab<b>Todo est\u00e1 fabricado para hacer una cortina de humo<\/b>. Imag\u00ednate el susto de todo\u00bb, confes\u00f3 hace unos d\u00edas en El Hormiguero. Todo a ra\u00edz de la denuncia de sus becarios de Malinche y de que esta quedara archivada en abril de este a\u00f1o por la Audiencia Provincial de Madrid. Despu\u00e9s, el compositor se querell\u00f3 contra la juez instructora del caso por prevaricaci\u00f3n en relaci\u00f3n a la instrucci\u00f3n de la investigaci\u00f3n. <\/p>\n<p>Al ser preguntada por \u00e9l y sus pol\u00e9micas relacionadas con Malinche, Torroja ha se\u00f1alado, cauta:  <b>\u00abNo lo s\u00e9, pobre, no lo s\u00e9. Pero sale airoso, eh\u2026 Como dec\u00eda Dal\u00ed: Que hablen de m\u00ed, aunque sea mal\u00bb<\/b>, se ha limitado a decir en El Pa\u00eds Semanal. <\/p>\n<p>Sobre un posible reencuentro de los miembros de Mecano, tambi\u00e9n ha se\u00f1alado: \u00abYo lo veo muy improbable. <b>S\u00e9 que ser\u00eda incre\u00edble, pero los contados intentos que ha habido nunca han dado un buen fruto por unas razones o por otras cosas<\/b>. Creo que cada uno tiene su vida tan encarrilada y est\u00e1 tan a gusto donde est\u00e1, que para qu\u00e9&#8230; Lo m\u00e1s cercano que tienes a Mecano en este momento soy yo\u00bb. <\/p>\n<p>Y ha a\u00f1adido: \u00abCada uno vive en un lugar del mundo diferente. Nos hemos querido mucho, pero nuestra relaci\u00f3n era m\u00e1s profesional. Cuando se bajaba el tel\u00f3n cada uno se iba a su casa y no compart\u00edamos mucho m\u00e1s. Cada uno ten\u00eda su vida y eso ha seguido as\u00ed. <b>Obviamente, sabemos el uno del otro y de vez en cuando nos comunicamos\u00bb<\/b>, ha se\u00f1alado de la voz de himnos como Hijo de la luna, Me cuesta tanto olvidarte o Cruz de Navajas.<\/p>\n<p>WhatsApp<a href=\"https:\/\/api.whatsapp.com\/send?text=https:\/\/www.eleconomista.es\/informalia\/famosos\/noticias\/13558293\/09\/25\/ana-torroja-sobre-la-cruzada-de-nacho-cano-contra-pedro-sanchez-sale-airoso-eh-que-hablen-mal-de-mi-pero-que-hablen.html?utm_source%3Dwhatsapp%26utm_medium%3Dshare_button&amp;id=1648118629957_whatsapp\" target=\"_blank\" data-action=\"share\/whatsapp\/share\" aria-label=\"Compartir en Whatsapp\" rel=\"nofollow noopener\"><\/a>Facebook<a id=\"fb-share\" href=\"#\" target=\"_blank\" rel=\"noopener noreferrer\" aria-label=\"Compartir en Facebook\"><\/a>Twitter<a href=\"https:\/\/twitter.com\/share?text=Ana+Torroja%2C+tras+los+%C3%BAltimos+l%C3%ADos+de+Nacho+Cano%3A+%22Sale+airoso%2C+%27que+hablen+mal+de+m%C3%AD%2C+pero+que+hablen%27%22&amp;url=https:\/\/www.eleconomista.es\/informalia\/famosos\/noticias\/13558293\/09\/25\/ana-torroja-sobre-la-cruzada-de-nacho-cano-contra-pedro-sanchez-sale-airoso-eh-que-hablen-mal-de-mi-pero-que-hablen.html&amp;via=Informalia&amp;id=1648118839245_twitter\" target=\"_blank\" aria-label=\"Compartir en Twitter\" rel=\"nofollow noopener\"><\/a>Linkedin<a onclick=\"return abrirLinkedin();\" href=\"https:\/\/www.linkedin.com\/shareArticle?text=Ana+Torroja%2C+tras+los+%C3%BAltimos+l%C3%ADos+de+Nacho+Cano%3A+%22Sale+airoso%2C+%27que+hablen+mal+de+m%C3%AD%2C+pero+que+hablen%27%22&amp;url=https:\/\/www.eleconomista.es\/informalia\/famosos\/noticias\/13558293\/09\/25\/ana-torroja-sobre-la-cruzada-de-nacho-cano-contra-pedro-sanchez-sale-airoso-eh-que-hablen-mal-de-mi-pero-que-hablen.html&amp;mini=true\" target=\"_blank\" aria-label=\"Compartir en linkedin\" rel=\"nofollow noopener\"><\/a>Beloud<a href=\"https:\/\/beloud.com\/share?text=Ana+Torroja%2C+tras+los+%C3%BAltimos+l%C3%ADos+de+Nacho+Cano%3A+%22Sale+airoso%2C+%27que+hablen+mal+de+m%C3%AD%2C+pero+que+hablen%27%22&amp;url=https:\/\/www.eleconomista.es\/informalia\/famosos\/noticias\/13558293\/09\/25\/ana-torroja-sobre-la-cruzada-de-nacho-cano-contra-pedro-sanchez-sale-airoso-eh-que-hablen-mal-de-mi-pero-que-hablen.html&amp;via=Informalia&amp;id=1648118839245_beloud\" target=\"_blank\" aria-label=\"Compartir en beloud\" rel=\"nofollow noopener\"><\/a>Bluesky<a href=\"https:\/\/bsky.app\/intent\/compose?text=https:\/\/bsky.app\/intent\/compose?text=https:\/\/www.eleconomista.es\/informalia\/famosos\/noticias\/13558293\/09\/25\/ana-torroja-sobre-la-cruzada-de-nacho-cano-contra-pedro-sanchez-sale-airoso-eh-que-hablen-mal-de-mi-pero-que-hablen.html&amp;url=https:\/\/www.eleconomista.es\/informalia\/famosos\/noticias\/13558293\/09\/25\/ana-torroja-sobre-la-cruzada-de-nacho-cano-contra-pedro-sanchez-sale-airoso-eh-que-hablen-mal-de-mi-pero-que-hablen.html&amp;via=elEconomistaes&amp;id=1648118839245_bluesky\" target=\"_blank\" aria-label=\"Compartir en bluesky\" rel=\"nofollow noopener\"><\/a><\/p>\n<p><script async src=\"https:\/\/platform.twitter.com\/widgets.js\" charset=\"utf-8\"><\/script><\/p>\n","protected":false},"excerpt":{"rendered":"Fue en 1998 cuando los integrantes de uno de los grupos m\u00e1s ic\u00f3nicos de la Movida madrile\u00f1a se&hellip;\n","protected":false},"author":2,"featured_media":134145,"comment_status":"","ping_status":"","sticky":false,"template":"","format":"standard","meta":{"footnotes":""},"categories":[170],"tags":[146,147,25,24,260,184,185,23],"class_list":{"0":"post-134144","1":"post","2":"type-post","3":"status-publish","4":"format-standard","5":"has-post-thumbnail","7":"category-musica","8":"tag-entertainment","9":"tag-entretenimiento","10":"tag-es","11":"tag-espana","12":"tag-gente","13":"tag-music","14":"tag-musica","15":"tag-spain"},"share_on_mastodon":{"url":"","error":""},"_links":{"self":[{"href":"https:\/\/www.europesays.com\/es\/wp-json\/wp\/v2\/posts\/134144","targetHints":{"allow":["GET"]}}],"collection":[{"href":"https:\/\/www.europesays.com\/es\/wp-json\/wp\/v2\/posts"}],"about":[{"href":"https:\/\/www.europesays.com\/es\/wp-json\/wp\/v2\/types\/post"}],"author":[{"embeddable":true,"href":"https:\/\/www.europesays.com\/es\/wp-json\/wp\/v2\/users\/2"}],"replies":[{"embeddable":true,"href":"https:\/\/www.europesays.com\/es\/wp-json\/wp\/v2\/comments?post=134144"}],"version-history":[{"count":0,"href":"https:\/\/www.europesays.com\/es\/wp-json\/wp\/v2\/posts\/134144\/revisions"}],"wp:featuredmedia":[{"embeddable":true,"href":"https:\/\/www.europesays.com\/es\/wp-json\/wp\/v2\/media\/134145"}],"wp:attachment":[{"href":"https:\/\/www.europesays.com\/es\/wp-json\/wp\/v2\/media?parent=134144"}],"wp:term":[{"taxonomy":"category","embeddable":true,"href":"https:\/\/www.europesays.com\/es\/wp-json\/wp\/v2\/categories?post=134144"},{"taxonomy":"post_tag","embeddable":true,"href":"https:\/\/www.europesays.com\/es\/wp-json\/wp\/v2\/tags?post=134144"}],"curies":[{"name":"wp","href":"https:\/\/api.w.org\/{rel}","templated":true}]}}