{"id":134158,"date":"2025-09-23T15:35:09","date_gmt":"2025-09-23T15:35:09","guid":{"rendered":"https:\/\/www.europesays.com\/es\/134158\/"},"modified":"2025-09-23T15:35:09","modified_gmt":"2025-09-23T15:35:09","slug":"el-gobierno-espanol-aprueba-el-embargo-total-de-armas-a-israel","status":"publish","type":"post","link":"https:\/\/www.europesays.com\/es\/134158\/","title":{"rendered":"El Gobierno espa\u00f1ol aprueba el \u00abembargo total\u00bb de armas a Israel"},"content":{"rendered":"<p>    <img src=\"https:\/\/www.europesays.com\/es\/wp-content\/uploads\/2025\/09\/2025-09-23T143A413A58Z-90054369.jpg\" width=\"1024\" height=\"682\" alt=\"\" loading=\"eager\" decoding=\"sync\" fetchpriority=\"high\"\/><\/p>\n<p>            afp_tickers        <\/p>\n<p>        Este contenido fue publicado en    <\/p>\n<p>        23 septiembre 2025 &#8211; 16:41\n<\/p>\n<p>El Gobierno espa\u00f1ol de izquierda aprob\u00f3 este martes el \u00abembargo total\u00bb de armas a Israel, como parte de un paquete de medidas anunciado por el socialista Pedro S\u00e1nchez para \u00abdetener al genocidio en Gaza\u00bb.<\/p>\n<p>El decreto proh\u00edbe todas las exportaciones e importaciones a y desde Israel \u00abde todo el material de defensa y productos o tecnolog\u00edas de doble uso\u00bb, estos \u00faltimos que pueden usarse tanto para fines civiles como militares, se\u00f1al\u00f3 el ministro de Econom\u00eda, Carlos Cuerpo, en una rueda de prensa tras un consejo de ministros.<\/p>\n<p>La disposici\u00f3n tambi\u00e9n denegar\u00e1 \u00abla solicitud de tr\u00e1nsito para los combustibles de aeronave con posible uso militar en Israel\u00bb, as\u00ed como proh\u00edbe las importaciones de productos procedentes de asentamientos israel\u00edes en territorios palestinos ocupados, incluida su publicidad, agreg\u00f3.<\/p>\n<p>El decreto \u00absupone un paso m\u00e1s, pero un paso contundente y adem\u00e1s pionero a nivel internacional, en cuanto a la consolidaci\u00f3n legal del embargo total de armas a Israel\u00bb, dijo Cuerpo.<\/p>\n<p>El gobierno ha se\u00f1alado que este decreto busca consolidar \u00abjur\u00eddicamente\u00bb el embargo sobre las ventas y compras de armas a Israel, aplicado de facto desde octubre del a\u00f1o 2023.<\/p>\n<p>El decreto entrar\u00e1 en vigor de inmediato, pero a\u00fan debe ser refrendado en una fecha posterior por el Parlamento, donde S\u00e1nchez no tiene mayor\u00eda y ha tenido dificultades para aprobar leyes en los \u00faltimos tiempos.<\/p>\n<p>S\u00e1nchez anunci\u00f3 el embargo de armas a principios de este mes como parte de un paquete de medidas destinadas a detener \u00abel genocidio en Gaza\u00bb.\u00a0<\/p>\n<p>El dirigente socialista se ha convertido en una de las voces europeas m\u00e1s cr\u00edticas con su hom\u00f3logo israel\u00ed, Benjamin Netanyahu, y con los ataques lanzados contra la Franja de Gaza en respuesta al ataque de Ham\u00e1s en territorio israel\u00ed el 7 de octubre de 2023.<\/p>\n<p>\u00abCreo que estamos presenciando uno de los eventos m\u00e1s oscuros y terribles del siglo XXI desarrollarse justo ante nuestros ojos\u00bb, dijo el lunes en un evento en la Universidad de Columbia en Nueva York, en referencia a la guerra en Gaza.<\/p>\n<p>\u00abY simplemente, la comunidad internacional no puede permanecer callada ni paralizada\u00bb, a\u00f1adi\u00f3.<\/p>\n<p>bur-ds\/mdm\/du\/an<\/p>\n","protected":false},"excerpt":{"rendered":"afp_tickers Este contenido fue publicado en 23 septiembre 2025 &#8211; 16:41 El Gobierno espa\u00f1ol de izquierda aprob\u00f3 este&hellip;\n","protected":false},"author":2,"featured_media":134159,"comment_status":"","ping_status":"","sticky":false,"template":"","format":"standard","meta":{"footnotes":""},"categories":[8],"tags":[17,18,636,11643,25,24,13,14,4437,11,19,20,30195,9,10,15,16,88,23,90,12,21,22,30196],"class_list":{"0":"post-134158","1":"post","2":"type-post","3":"status-publish","4":"format-standard","5":"has-post-thumbnail","7":"category-espana","8":"tag-breaking-news","9":"tag-breakingnews","10":"tag-conflict","11":"tag-defence","12":"tag-es","13":"tag-espana","14":"tag-featured-news","15":"tag-featurednews","16":"tag-government","17":"tag-headlines","18":"tag-latest-news","19":"tag-latestnews","20":"tag-military-equipment","21":"tag-news","22":"tag-noticias","23":"tag-noticias-destacadas","24":"tag-noticiasdestacadas","25":"tag-politics","26":"tag-spain","27":"tag-ticker","28":"tag-titulares","29":"tag-ultimas-noticias","30":"tag-ultimasnoticias","31":"tag-weaponry"},"share_on_mastodon":{"url":"","error":""},"_links":{"self":[{"href":"https:\/\/www.europesays.com\/es\/wp-json\/wp\/v2\/posts\/134158","targetHints":{"allow":["GET"]}}],"collection":[{"href":"https:\/\/www.europesays.com\/es\/wp-json\/wp\/v2\/posts"}],"about":[{"href":"https:\/\/www.europesays.com\/es\/wp-json\/wp\/v2\/types\/post"}],"author":[{"embeddable":true,"href":"https:\/\/www.europesays.com\/es\/wp-json\/wp\/v2\/users\/2"}],"replies":[{"embeddable":true,"href":"https:\/\/www.europesays.com\/es\/wp-json\/wp\/v2\/comments?post=134158"}],"version-history":[{"count":0,"href":"https:\/\/www.europesays.com\/es\/wp-json\/wp\/v2\/posts\/134158\/revisions"}],"wp:featuredmedia":[{"embeddable":true,"href":"https:\/\/www.europesays.com\/es\/wp-json\/wp\/v2\/media\/134159"}],"wp:attachment":[{"href":"https:\/\/www.europesays.com\/es\/wp-json\/wp\/v2\/media?parent=134158"}],"wp:term":[{"taxonomy":"category","embeddable":true,"href":"https:\/\/www.europesays.com\/es\/wp-json\/wp\/v2\/categories?post=134158"},{"taxonomy":"post_tag","embeddable":true,"href":"https:\/\/www.europesays.com\/es\/wp-json\/wp\/v2\/tags?post=134158"}],"curies":[{"name":"wp","href":"https:\/\/api.w.org\/{rel}","templated":true}]}}